{"id":5785,"date":"2019-06-06T19:11:26","date_gmt":"2019-06-06T19:11:26","guid":{"rendered":"http:\/\/conadi.gob.gt\/web\/?p=5785"},"modified":"2019-06-07T16:16:59","modified_gmt":"2019-06-07T16:16:59","slug":"aniversario-del-conadi","status":"publish","type":"post","link":"https:\/\/conadi.gob.gt\/web\/aniversario-del-conadi\/","title":{"rendered":"Aniversario del CONADI"},"content":{"rendered":"<p>Como parte de las actividades de aniversario del Consejo Nacional para la Atenci\u00f3n de las Personas con Discapacidad \u2013CONADI-, se realizaron varias actividades durante una semana para continuar socializando sobre los materia de derechos de las personas con discapacidad.<\/p>\n<p><a href=\"https:\/\/conadi.gob.gt\/web\/wp-content\/uploads\/2019\/06\/Foro.jpg\"><img loading=\"lazy\" decoding=\"async\" id=\"longdesc-return-5788\" class=\"alignnone size-medium wp-image-5788\" tabindex=\"-1\" src=\"https:\/\/conadi.gob.gt\/web\/wp-content\/uploads\/2019\/06\/Foro-300x169.jpg\" alt=\"Aniversario\" width=\"300\" height=\"169\" longdesc=\"https:\/\/conadi.gob.gt\/web?longdesc=5788&amp;referrer=5785\" srcset=\"https:\/\/conadi.gob.gt\/web\/wp-content\/uploads\/2019\/06\/Foro-300x169.jpg 300w, https:\/\/conadi.gob.gt\/web\/wp-content\/uploads\/2019\/06\/Foro-768x432.jpg 768w, https:\/\/conadi.gob.gt\/web\/wp-content\/uploads\/2019\/06\/Foro-1024x576.jpg 1024w, https:\/\/conadi.gob.gt\/web\/wp-content\/uploads\/2019\/06\/Foro.jpg 1280w\" sizes=\"auto, (max-width: 300px) 100vw, 300px\" \/><\/a><\/p>\n<p>&nbsp;<\/p>\n<p>En la fecha de aniversario, que fue el 28 de mayo, fue el Foro sobre \u201cDerechos laborales de las personas con discapacidad y su aporte al desarrollo del pa\u00eds\u201d se abordaron temas en materia de trabajo a cargo de panelistas de instituciones p\u00fablicas y privadas.<\/p>\n<p>De parte del CONADI, el director Sebasti\u00e1n Toledo, resalt\u00f3 avances como la Pol\u00edtica Nacional de Discapacidad, Ratificaci\u00f3n de la Convenci\u00f3n de los Derechos de las Personas con Discapacidad y las Oficinas Municipales de Discapacidad \u2013OMD-.<\/p>\n<p>Los cuatro panelistas invitados fueron Alejandra Villagr\u00e1n, diputada del Partido TODOS; William Godoy director de Previsi\u00f3n Social del Ministerio de Trabajo; Andrea Bola\u00f1os del CACIF y de parte del Ministerio de Econom\u00eda, Gloria Zaraz\u00faa.<\/p>\n<p><a href=\"https:\/\/conadi.gob.gt\/web\/wp-content\/uploads\/2019\/06\/Bazar.jpg\"><img loading=\"lazy\" decoding=\"async\" id=\"longdesc-return-5789\" class=\"alignnone size-medium wp-image-5789\" tabindex=\"-1\" src=\"https:\/\/conadi.gob.gt\/web\/wp-content\/uploads\/2019\/06\/Bazar-300x169.jpg\" alt=\"\" width=\"300\" height=\"169\" longdesc=\"https:\/\/conadi.gob.gt\/web?longdesc=5789&amp;referrer=5785\" srcset=\"https:\/\/conadi.gob.gt\/web\/wp-content\/uploads\/2019\/06\/Bazar-300x169.jpg 300w, https:\/\/conadi.gob.gt\/web\/wp-content\/uploads\/2019\/06\/Bazar-768x432.jpg 768w, https:\/\/conadi.gob.gt\/web\/wp-content\/uploads\/2019\/06\/Bazar-1024x576.jpg 1024w, https:\/\/conadi.gob.gt\/web\/wp-content\/uploads\/2019\/06\/Bazar.jpg 1280w\" sizes=\"auto, (max-width: 300px) 100vw, 300px\" \/><\/a><\/p>\n<p>Otro de los espacios abiertos para promover el trabajo inclusivo y productivo fue el Bazar de Productividad que se llev\u00f3 a cabo el d\u00eda 31 de mayo y el 1 de junio a un costado del Parque Centenario.<\/p>\n<p>All\u00ed participaron diferentes instituciones que fomentan la inclusi\u00f3n de j\u00f3venes y adultos con discapacidad al sector productivo del pa\u00eds. Sebasti\u00e1n Toledo director, indic\u00f3 que la idea surgi\u00f3\u00a0 por la necesidad de dar a conocer aspiraciones y derechos laborales para que se pueda valorar los emprendimientos realizados por ese sector del pa\u00eds que es m\u00e1s de un mill\u00f3n quinientas mil personas.<\/p>\n<p>Durante el desarrollo de la actividad apoyaron instituciones como la Secretar\u00eda de Bienestar Social de la Presidencia -SBS- y su Centro de Capacitaci\u00f3n Ocupacional -CCO-y el Ministerio de Cultura y Deportes.<\/p>\n<p><a href=\"https:\/\/conadi.gob.gt\/web\/wp-content\/uploads\/2019\/06\/Turismo-accesible.jpg\"><img loading=\"lazy\" decoding=\"async\" id=\"longdesc-return-5801\" class=\"alignnone size-medium wp-image-5801\" tabindex=\"-1\" src=\"https:\/\/conadi.gob.gt\/web\/wp-content\/uploads\/2019\/06\/Turismo-accesible-300x169.jpg\" alt=\"Conferencia de prensa Turismo\" width=\"300\" height=\"169\" longdesc=\"https:\/\/conadi.gob.gt\/web?longdesc=5801&amp;referrer=5785\" srcset=\"https:\/\/conadi.gob.gt\/web\/wp-content\/uploads\/2019\/06\/Turismo-accesible-300x169.jpg 300w, https:\/\/conadi.gob.gt\/web\/wp-content\/uploads\/2019\/06\/Turismo-accesible-768x432.jpg 768w, https:\/\/conadi.gob.gt\/web\/wp-content\/uploads\/2019\/06\/Turismo-accesible-1024x576.jpg 1024w, https:\/\/conadi.gob.gt\/web\/wp-content\/uploads\/2019\/06\/Turismo-accesible.jpg 1280w\" sizes=\"auto, (max-width: 300px) 100vw, 300px\" \/><\/a><\/p>\n<p>&nbsp;<\/p>\n<p>Entre otro de los temas que aborda la accesibilidad, participaci\u00f3n en la vida cultural y recreativa, que incluye la actividad tur\u00edstica, contemplado en la Convenci\u00f3n de las Naciones Unidas Sobre los Derechos de las Personas con Discapacidad \u2013CDPD-, tambi\u00e9n se present\u00f3 una previa de la V Conferencia Sobre Turismo Accesible donde participar\u00e1 CONADI, Comitato Internazionale\u00a0 Per Lo Sviluppo Dei Popoli -CISP- y el Instituto Guatemalteco de Turismo -INGUAT- en el cual se\u00f1alaron que el enfoque principal ser\u00e1 el abordaje de la inclusi\u00f3n laboral en el sector tur\u00edstico del pa\u00eds.<\/p>\n<p><a href=\"https:\/\/conadi.gob.gt\/web\/wp-content\/uploads\/2019\/06\/OMD-Zacapa.jpg\"><img loading=\"lazy\" decoding=\"async\" id=\"longdesc-return-5800\" class=\"alignnone size-medium wp-image-5800\" tabindex=\"-1\" src=\"https:\/\/conadi.gob.gt\/web\/wp-content\/uploads\/2019\/06\/OMD-Zacapa-300x169.jpg\" alt=\"Inauguraci\u00f3n de OMD\" width=\"300\" height=\"169\" longdesc=\"https:\/\/conadi.gob.gt\/web?longdesc=5800&amp;referrer=5785\" srcset=\"https:\/\/conadi.gob.gt\/web\/wp-content\/uploads\/2019\/06\/OMD-Zacapa-300x169.jpg 300w, https:\/\/conadi.gob.gt\/web\/wp-content\/uploads\/2019\/06\/OMD-Zacapa-768x432.jpg 768w, https:\/\/conadi.gob.gt\/web\/wp-content\/uploads\/2019\/06\/OMD-Zacapa-1024x576.jpg 1024w, https:\/\/conadi.gob.gt\/web\/wp-content\/uploads\/2019\/06\/OMD-Zacapa.jpg 1280w\" sizes=\"auto, (max-width: 300px) 100vw, 300px\" \/><\/a><\/p>\n<p>De acuerdo con Miguel Mart\u00ednez, vicepresidente del CONADI, durante el evento que se realizar\u00e1 en el mes de agosto, se abordar\u00e1 el tema de la inclusi\u00f3n de las personas con discapacidad en el \u00e1mbito tur\u00edstico tendr\u00e1 un enfoque hacia empresas empleadoras, donde se les orientar\u00e1 en temas de inclusi\u00f3n y mecanismos de accesibilidad.\u00a0Otro de los temas a presentar ser\u00e1 el impacto econ\u00f3mico a partir del acompa\u00f1amiento que tiene una persona con discapacidad cuando visita un sitio tur\u00edstico.<\/p>\n<p>En el interior del pa\u00eds como parte de la Agenda de la Asamblea Ordinaria de la Comisi\u00f3n Municipal de Desarrollo -COMUDE- se hizo una entrega simb\u00f3lica, el d\u00eda 29 de mayo, de la apertura de una nueva Oficina Municipal de Discapacidad -OMD- en el departamento de Zacapa, por la alcaldesa Ana Luc\u00eda M\u00e9ndez Montenegro.<\/p>\n<p>Con esa apertura se llega a 51 OMD de la regi\u00f3n nororiente, con ello se cumple parte de las acciones que el Consejo Nacional para la Atenci\u00f3n de las Personas con Discapacidad -CONADI- ha realizado con las autoridades de esa municipalidad, y donde la poblaci\u00f3n con discapacidad podr\u00e1 abocarse de lunes a viernes en un horario de 8 de la ma\u00f1ana a 4:30 de la tarde.<\/p>\n<p><a href=\"https:\/\/conadi.gob.gt\/web\/wp-content\/uploads\/2019\/06\/Firma-ECC.jpg\"><img loading=\"lazy\" decoding=\"async\" id=\"longdesc-return-5790\" class=\"alignnone size-medium wp-image-5790\" tabindex=\"-1\" src=\"https:\/\/conadi.gob.gt\/web\/wp-content\/uploads\/2019\/06\/Firma-ECC-300x169.jpg\" alt=\"Firma de Carta de Entendimiento\" width=\"300\" height=\"169\" longdesc=\"https:\/\/conadi.gob.gt\/web?longdesc=5790&amp;referrer=5785\" srcset=\"https:\/\/conadi.gob.gt\/web\/wp-content\/uploads\/2019\/06\/Firma-ECC-300x169.jpg 300w, https:\/\/conadi.gob.gt\/web\/wp-content\/uploads\/2019\/06\/Firma-ECC-768x432.jpg 768w, https:\/\/conadi.gob.gt\/web\/wp-content\/uploads\/2019\/06\/Firma-ECC-1024x576.jpg 1024w, https:\/\/conadi.gob.gt\/web\/wp-content\/uploads\/2019\/06\/Firma-ECC.jpg 1280w\" sizes=\"auto, (max-width: 300px) 100vw, 300px\" \/><\/a><\/p>\n<p>Continuando con labores de incidencia y abordaje de temas de discapacidad en los nuevos profesionales, se firm\u00f3 una carta de convenio con la Escuela de Ciencias de Comunicaci\u00f3n -ECC- de la Universidad de San Carlos de Guatemala.<\/p>\n<p>Los firmantes fueron Rosa Idalia Aldana presidenta del CONADI y el director de la ECC, Sergio Morataya. Ambas autoridades acordaron las autoridades la implementaci\u00f3n de acciones en beneficio de la poblaci\u00f3n estudiantil que tiene alguna discapacidad, y abordaje del tema desde la perspectiva de derechos humanos en el cuerpo estudiantil.<\/p>\n<p>Una de las primeras acciones que se har\u00e1n se\u00f1al\u00f3 el director de la ECC ser\u00e1 realizar un registro de estudiantes con discapacidad en las cuatro carreras,\u00a0 publicar informaci\u00f3n en formatos accesibles en la p\u00e1gina oficial, coordinar apoyo de los estudiantes en campa\u00f1as audiovisuales, espacios para que CONADI pueda producir sus materiales y con eso difundir el cumplimento de su misi\u00f3n en pro de la difusi\u00f3n de la pol\u00edtica de discapacidad en\u00a0 Guatemala.<\/p>\n<p>De acuerdo con estimaciones de otros pa\u00edses, que tambi\u00e9n promueven acciones de inclusi\u00f3n laboral, se deja de percibir en el producto interno bruto un aproximado del 7% de ingresos en la actividad productiva.<\/p>\n","protected":false},"excerpt":{"rendered":"<p>Como parte de las actividades de aniversario del Consejo Nacional para la Atenci\u00f3n de las Personas con Discapacidad \u2013CONADI-, se realizaron varias actividades durante una semana para continuar socializando sobre los materia de derechos de las personas con discapacidad. &nbsp; En la fecha de aniversario, que fue el 28 de mayo, fue el Foro sobre &hellip; <\/p>\n<p class=\"link-more\"><a href=\"https:\/\/conadi.gob.gt\/web\/aniversario-del-conadi\/\" class=\"more-link\">Leer m\u00e1s<span class=\"screen-reader-text\"> \u00abAniversario del CONADI\u00bb<\/span><\/a><\/p>\n","protected":false},"author":12,"featured_media":5797,"comment_status":"open","ping_status":"closed","sticky":false,"template":"","format":"standard","meta":{"footnotes":""},"categories":[3],"tags":[],"class_list":["post-5785","post","type-post","status-publish","format-standard","has-post-thumbnail","hentry","category-noticias"],"_links":{"self":[{"href":"https:\/\/conadi.gob.gt\/web\/wp-json\/wp\/v2\/posts\/5785","targetHints":{"allow":["GET"]}}],"collection":[{"href":"https:\/\/conadi.gob.gt\/web\/wp-json\/wp\/v2\/posts"}],"about":[{"href":"https:\/\/conadi.gob.gt\/web\/wp-json\/wp\/v2\/types\/post"}],"author":[{"embeddable":true,"href":"https:\/\/conadi.gob.gt\/web\/wp-json\/wp\/v2\/users\/12"}],"replies":[{"embeddable":true,"href":"https:\/\/conadi.gob.gt\/web\/wp-json\/wp\/v2\/comments?post=5785"}],"version-history":[{"count":4,"href":"https:\/\/conadi.gob.gt\/web\/wp-json\/wp\/v2\/posts\/5785\/revisions"}],"predecessor-version":[{"id":5802,"href":"https:\/\/conadi.gob.gt\/web\/wp-json\/wp\/v2\/posts\/5785\/revisions\/5802"}],"wp:featuredmedia":[{"embeddable":true,"href":"https:\/\/conadi.gob.gt\/web\/wp-json\/wp\/v2\/media\/5797"}],"wp:attachment":[{"href":"https:\/\/conadi.gob.gt\/web\/wp-json\/wp\/v2\/media?parent=5785"}],"wp:term":[{"taxonomy":"category","embeddable":true,"href":"https:\/\/conadi.gob.gt\/web\/wp-json\/wp\/v2\/categories?post=5785"},{"taxonomy":"post_tag","embeddable":true,"href":"https:\/\/conadi.gob.gt\/web\/wp-json\/wp\/v2\/tags?post=5785"}],"curies":[{"name":"wp","href":"https:\/\/api.w.org\/{rel}","templated":true}]}}