{"id":5826,"date":"2019-06-07T20:50:52","date_gmt":"2019-06-07T20:50:52","guid":{"rendered":"http:\/\/conadi.gob.gt\/web\/?p=5826"},"modified":"2019-06-07T22:22:17","modified_gmt":"2019-06-07T22:22:17","slug":"creacion-de-ente-de-discapacidad-se-presento-en-declaratoria-de-jefes-de-estado-del-sica","status":"publish","type":"post","link":"https:\/\/conadi.gob.gt\/web\/creacion-de-ente-de-discapacidad-se-presento-en-declaratoria-de-jefes-de-estado-del-sica\/","title":{"rendered":"Creaci\u00f3n de ente de discapacidad se present\u00f3 en declaratoria de jefes de Estado del SICA"},"content":{"rendered":"<p>Guatemala, Rep\u00fablica Dominicana, Costa Rica y el Salvador, integraron la Comisi\u00f3n Provisional Regional sobre Discapacidad desde la estructura del Sistema de Integraci\u00f3n Centroam\u00e9ricana \u00a0\u2013SICA-, donde establecieron el modelo de creaci\u00f3n de un ente de discapacidad a nivel regional que fue incluido en la declaratoria de jefes de Estado por la presidente del Parlamento Centroam\u00e9ricano\/PARLACEN, Irma Amaya Segundo.<\/p>\n<p>En el pronunciamiento de la LIII reuni\u00f3n de Jefes de Estado y Gobierno del SICA, realizada por la m\u00e1xima autoridad del PARLACEN, expres\u00f3 que en su plan estrat\u00e9gico 2017\/2022, que contienen como eje transversal la agenda 2030, desarrollan asuntos prioritarios de la regi\u00f3n.<\/p>\n<p>Entre el tema de discapacidad, manifest\u00f3 el respaldado a la propuesta de la creaci\u00f3n de un organismo regional de derechos de las personas con discapacidad de Centroam\u00e9rica y Rep\u00fablica Dominicana, en el cual el Consejo Nacional para la Atenci\u00f3n de las Personas con Discapacidad \u2013CONADI- de Guatemala, organizaciones e instituciones de la regi\u00f3n propusieron formalmente.<\/p>\n<p><strong>Asuntos sobre discapacidad avanzan en PARLACEN<\/strong><\/p>\n<p>Amaya indica que desde el PARLACEN se promueva el Observatorio Centroamericano de las Personas con Discapacidad donde proponen que sea instalado en Guatemala y administrado por la Universidad del Istmo, casa de estudios que mostr\u00f3 inter\u00e9s bajo el respaldo del CONADI mientras se crea el Organismo Regional.<\/p>\n<p><strong>Propone creaci\u00f3n de ley<\/strong><\/p>\n<p>El planteamiento realizado por la funcionaria consiste en construir una Ley Marco de Promoci\u00f3n y Protecci\u00f3n de los derechos humanos de las personas con discapacidad, mediante un esfuerzo conjunto tal como lo dispone la Convenci\u00f3n de las Naciones Unidas.<\/p>\n","protected":false},"excerpt":{"rendered":"<p>Guatemala, Rep\u00fablica Dominicana, Costa Rica y el Salvador, integraron la Comisi\u00f3n Provisional Regional sobre Discapacidad desde la estructura del Sistema de Integraci\u00f3n Centroam\u00e9ricana \u00a0\u2013SICA-, donde establecieron el modelo de creaci\u00f3n de un ente de discapacidad a nivel regional que fue incluido en la declaratoria de jefes de Estado por la presidente del Parlamento Centroam\u00e9ricano\/PARLACEN, Irma &hellip; <\/p>\n<p class=\"link-more\"><a href=\"https:\/\/conadi.gob.gt\/web\/creacion-de-ente-de-discapacidad-se-presento-en-declaratoria-de-jefes-de-estado-del-sica\/\" class=\"more-link\">Leer m\u00e1s<span class=\"screen-reader-text\"> \u00abCreaci\u00f3n de ente de discapacidad se present\u00f3 en declaratoria de jefes de Estado del SICA\u00bb<\/span><\/a><\/p>\n","protected":false},"author":12,"featured_media":5836,"comment_status":"open","ping_status":"closed","sticky":false,"template":"","format":"standard","meta":{"footnotes":""},"categories":[3],"tags":[],"class_list":["post-5826","post","type-post","status-publish","format-standard","has-post-thumbnail","hentry","category-noticias"],"_links":{"self":[{"href":"https:\/\/conadi.gob.gt\/web\/wp-json\/wp\/v2\/posts\/5826","targetHints":{"allow":["GET"]}}],"collection":[{"href":"https:\/\/conadi.gob.gt\/web\/wp-json\/wp\/v2\/posts"}],"about":[{"href":"https:\/\/conadi.gob.gt\/web\/wp-json\/wp\/v2\/types\/post"}],"author":[{"embeddable":true,"href":"https:\/\/conadi.gob.gt\/web\/wp-json\/wp\/v2\/users\/12"}],"replies":[{"embeddable":true,"href":"https:\/\/conadi.gob.gt\/web\/wp-json\/wp\/v2\/comments?post=5826"}],"version-history":[{"count":3,"href":"https:\/\/conadi.gob.gt\/web\/wp-json\/wp\/v2\/posts\/5826\/revisions"}],"predecessor-version":[{"id":5850,"href":"https:\/\/conadi.gob.gt\/web\/wp-json\/wp\/v2\/posts\/5826\/revisions\/5850"}],"wp:featuredmedia":[{"embeddable":true,"href":"https:\/\/conadi.gob.gt\/web\/wp-json\/wp\/v2\/media\/5836"}],"wp:attachment":[{"href":"https:\/\/conadi.gob.gt\/web\/wp-json\/wp\/v2\/media?parent=5826"}],"wp:term":[{"taxonomy":"category","embeddable":true,"href":"https:\/\/conadi.gob.gt\/web\/wp-json\/wp\/v2\/categories?post=5826"},{"taxonomy":"post_tag","embeddable":true,"href":"https:\/\/conadi.gob.gt\/web\/wp-json\/wp\/v2\/tags?post=5826"}],"curies":[{"name":"wp","href":"https:\/\/api.w.org\/{rel}","templated":true}]}}