{"id":5856,"date":"2019-06-10T21:48:41","date_gmt":"2019-06-10T21:48:41","guid":{"rendered":"http:\/\/conadi.gob.gt\/web\/?p=5856"},"modified":"2019-06-11T16:45:26","modified_gmt":"2019-06-11T16:45:26","slug":"socializan-propuesta-para-crear-un-comite-de-entes-de-discapacidad-de-centroamerica-y-republica-dominicana","status":"publish","type":"post","link":"https:\/\/conadi.gob.gt\/web\/socializan-propuesta-para-crear-un-comite-de-entes-de-discapacidad-de-centroamerica-y-republica-dominicana\/","title":{"rendered":"Promueven la creaci\u00f3n del Comit\u00e9 de Entes de Discapacidad de Centroam\u00e9rica y Rep\u00fablica Dominicana"},"content":{"rendered":"<p>Durante la LIII reuni\u00f3n de jefes de Estado y Gobierno del Sistema de Integraci\u00f3n Centroamericana \u2013SICA-, realizado en Guatemala, fue presentada la petici\u00f3n para formalizar el Comit\u00e9 de Entes de Discapacidad por el Comit\u00e9 Provisional Regional sobre Discapacidad.<\/p>\n<p>La solicitud se entreg\u00f3 ante el embajador de Rep\u00fablica Dominicana en Guatemala, Jos\u00e9 Leger Aquino; Canciller belice\u00f1o Wilfred Elrington; \u00a0representantes de la presidencia de El Salvador, Dora Crespin; Emilio Arias, embajador de Costa Rica en Guatemala y enlace con la canciller\u00eda de referido pa\u00eds.<\/p>\n<p>En seguimiento a la creaci\u00f3n del Comit\u00e9, Rosa Idalia Aldana y Sebasti\u00e1n Toledo, presidente y director del Consejo Nacional para la Atenci\u00f3n de las Personas con Discapacidad -CONADI- sostuvieron un acercamiento con Irma Amaya Segundo, presidente del\u00a0<a href=\"https:\/\/www.facebook.com\/parlacen\/?__tn__=K-R&amp;eid=ARCXcduLCVJAqmy7hj4_vKEyf7H9IPB2RVEQnGdFzBjOOygHi0gXJyGCVycunSsva1WwoeyBgqGYa0L2&amp;fref=mentions&amp;__xts__%5B0%5D=68.ARDnAMv9WFpLXJQfW1WyiR2ZtNuxWEHFrjWwz1Hrmb58v_kv2CGHqY4YT3y49mnUPjMBrWskuK167_vkkcfYSz37LvI-m4iYmqmzSyXSvUQdtLOC1aNqN7BXBN60SRr3_l_dnNjBAZduwkiZtXohs32OTwZLIVYAee7Vv7VJocdR2xBNH7grUQGZNZBd2I6fwjHKy9wQYiinXFr4EwMKu8KEfPactDKFSNuGfcmjAXQ7JAEt2OXsNmaYsUd7kECtqeSlpyrDEa4AGdJfM_kdxViJ0Q2vwehpZRoBzzlACqHTAm4IRvPHyiqe-xzU3-KvEby7-rN8QpDF8FISZ9X_QUYKAw\">Parlamento Centroamericano\/PARLACEN<\/a>.<\/p>\n<p>En\u00a0 ese sentido la mandataria pronunci\u00f3 en la reuni\u00f3n de Jefes de Estado y Gobierno del SICA, el respaldado a la propuesta de la creaci\u00f3n de un organismo regional de derechos de las personas con discapacidad de Centroam\u00e9rica y Rep\u00fablica Dominicana.<\/p>\n<p>Tambi\u00e9n los entes rectores y coordinadores de discapacidad de Guatemala, El Salvador Conaipd; Costa Rica Conapdis;\u00a0 Rep\u00fablica Dominicana Conadis RD y representantes de la Red de Organizaciones de Personas con Discapacidad de Centro Am\u00e9rica y el Caribe -REDODICEC-, tuvieron un encuentro con el\u00a0 Presidente Jimmy Morales por el mismo tema.<\/p>\n","protected":false},"excerpt":{"rendered":"<p>Durante la LIII reuni\u00f3n de jefes de Estado y Gobierno del Sistema de Integraci\u00f3n Centroamericana \u2013SICA-, realizado en Guatemala, fue presentada la petici\u00f3n para formalizar el Comit\u00e9 de Entes de Discapacidad por el Comit\u00e9 Provisional Regional sobre Discapacidad. La solicitud se entreg\u00f3 ante el embajador de Rep\u00fablica Dominicana en Guatemala, Jos\u00e9 Leger Aquino; Canciller belice\u00f1o &hellip; <\/p>\n<p class=\"link-more\"><a href=\"https:\/\/conadi.gob.gt\/web\/socializan-propuesta-para-crear-un-comite-de-entes-de-discapacidad-de-centroamerica-y-republica-dominicana\/\" class=\"more-link\">Leer m\u00e1s<span class=\"screen-reader-text\"> \u00abPromueven la creaci\u00f3n del Comit\u00e9 de Entes de Discapacidad de Centroam\u00e9rica y Rep\u00fablica Dominicana\u00bb<\/span><\/a><\/p>\n","protected":false},"author":12,"featured_media":5857,"comment_status":"open","ping_status":"closed","sticky":false,"template":"","format":"standard","meta":{"footnotes":""},"categories":[3],"tags":[],"class_list":["post-5856","post","type-post","status-publish","format-standard","has-post-thumbnail","hentry","category-noticias"],"_links":{"self":[{"href":"https:\/\/conadi.gob.gt\/web\/wp-json\/wp\/v2\/posts\/5856","targetHints":{"allow":["GET"]}}],"collection":[{"href":"https:\/\/conadi.gob.gt\/web\/wp-json\/wp\/v2\/posts"}],"about":[{"href":"https:\/\/conadi.gob.gt\/web\/wp-json\/wp\/v2\/types\/post"}],"author":[{"embeddable":true,"href":"https:\/\/conadi.gob.gt\/web\/wp-json\/wp\/v2\/users\/12"}],"replies":[{"embeddable":true,"href":"https:\/\/conadi.gob.gt\/web\/wp-json\/wp\/v2\/comments?post=5856"}],"version-history":[{"count":3,"href":"https:\/\/conadi.gob.gt\/web\/wp-json\/wp\/v2\/posts\/5856\/revisions"}],"predecessor-version":[{"id":5900,"href":"https:\/\/conadi.gob.gt\/web\/wp-json\/wp\/v2\/posts\/5856\/revisions\/5900"}],"wp:featuredmedia":[{"embeddable":true,"href":"https:\/\/conadi.gob.gt\/web\/wp-json\/wp\/v2\/media\/5857"}],"wp:attachment":[{"href":"https:\/\/conadi.gob.gt\/web\/wp-json\/wp\/v2\/media?parent=5856"}],"wp:term":[{"taxonomy":"category","embeddable":true,"href":"https:\/\/conadi.gob.gt\/web\/wp-json\/wp\/v2\/categories?post=5856"},{"taxonomy":"post_tag","embeddable":true,"href":"https:\/\/conadi.gob.gt\/web\/wp-json\/wp\/v2\/tags?post=5856"}],"curies":[{"name":"wp","href":"https:\/\/api.w.org\/{rel}","templated":true}]}}