{"id":5904,"date":"2019-06-11T18:01:11","date_gmt":"2019-06-11T18:01:11","guid":{"rendered":"http:\/\/conadi.gob.gt\/web\/?p=5904"},"modified":"2019-06-11T18:01:11","modified_gmt":"2019-06-11T18:01:11","slug":"ninos-y-jovenes-con-discapacidad-participan-en-competencia-de-natacion","status":"publish","type":"post","link":"https:\/\/conadi.gob.gt\/web\/ninos-y-jovenes-con-discapacidad-participan-en-competencia-de-natacion\/","title":{"rendered":"Ni\u00f1os y j\u00f3venes con discapacidad participan en competencia de nataci\u00f3n"},"content":{"rendered":"<p>J\u00f3venes con discapacidad participaron en el primer festival de nataci\u00f3n promovido por el Ministerio de Cultura y Deportes el pasado 7 de junio.<\/p>\n<p>La semana pasada se disput\u00f3 el \u00a0primer festival de nataci\u00f3n adaptada donde participaron ni\u00f1os y adolescentes de las Olimpiadas Especiales y de la Fundaci\u00f3n de Abrigo y Bienestar Integral para\u00a0 Ni\u00f1os y Adolescentes con Discapacidad -ABI-.<\/p>\n<p>La actividad acu\u00e1tica se desarroll\u00f3 en la piscina ol\u00edmpica de la zona 4 en la cual se disput\u00f3 el estilo Libre y Pecho. Al finalizar la actividad se entregaron como un incentivo las medallas de parte de los promotores del programa \u201cCapacidades Especiales\u201d del Viceministerio del Deporte y la Recreaci\u00f3n.<\/p>\n<p>Una de las madres de los participantes indic\u00f3 que los chicos con S\u00edndrome de Down\u00a0 mejoran sus relaciones con las dem\u00e1s cuando participan de esas actividades y muestran avances de los entrenamientos que realizan.<\/p>\n<p><strong>Otros deportes<\/strong><\/p>\n<p>El pr\u00f3ximo 22 y 23 del mes tambi\u00e9n\u00a0 se desarrollar\u00e1 otro festival pero de f\u00fatbol \u00a05 para personas con discapacidad visual y otro de golbol adaptado para personas ciegas o de baja visi\u00f3n.\u00a0 Para esas ramas todav\u00eda se encuentran abiertas las inscripciones.<\/p>\n<p><span style=\"font-size: 8pt;\">Foto: Ministerio de Cultura y Deportes<\/span><\/p>\n","protected":false},"excerpt":{"rendered":"<p>J\u00f3venes con discapacidad participaron en el primer festival de nataci\u00f3n promovido por el Ministerio de Cultura y Deportes el pasado 7 de junio. La semana pasada se disput\u00f3 el \u00a0primer festival de nataci\u00f3n adaptada donde participaron ni\u00f1os y adolescentes de las Olimpiadas Especiales y de la Fundaci\u00f3n de Abrigo y Bienestar Integral para\u00a0 Ni\u00f1os y &hellip; <\/p>\n<p class=\"link-more\"><a href=\"https:\/\/conadi.gob.gt\/web\/ninos-y-jovenes-con-discapacidad-participan-en-competencia-de-natacion\/\" class=\"more-link\">Leer m\u00e1s<span class=\"screen-reader-text\"> \u00abNi\u00f1os y j\u00f3venes con discapacidad participan en competencia de nataci\u00f3n\u00bb<\/span><\/a><\/p>\n","protected":false},"author":12,"featured_media":5908,"comment_status":"open","ping_status":"closed","sticky":false,"template":"","format":"standard","meta":{"footnotes":""},"categories":[3],"tags":[],"class_list":["post-5904","post","type-post","status-publish","format-standard","has-post-thumbnail","hentry","category-noticias"],"_links":{"self":[{"href":"https:\/\/conadi.gob.gt\/web\/wp-json\/wp\/v2\/posts\/5904","targetHints":{"allow":["GET"]}}],"collection":[{"href":"https:\/\/conadi.gob.gt\/web\/wp-json\/wp\/v2\/posts"}],"about":[{"href":"https:\/\/conadi.gob.gt\/web\/wp-json\/wp\/v2\/types\/post"}],"author":[{"embeddable":true,"href":"https:\/\/conadi.gob.gt\/web\/wp-json\/wp\/v2\/users\/12"}],"replies":[{"embeddable":true,"href":"https:\/\/conadi.gob.gt\/web\/wp-json\/wp\/v2\/comments?post=5904"}],"version-history":[{"count":1,"href":"https:\/\/conadi.gob.gt\/web\/wp-json\/wp\/v2\/posts\/5904\/revisions"}],"predecessor-version":[{"id":5927,"href":"https:\/\/conadi.gob.gt\/web\/wp-json\/wp\/v2\/posts\/5904\/revisions\/5927"}],"wp:featuredmedia":[{"embeddable":true,"href":"https:\/\/conadi.gob.gt\/web\/wp-json\/wp\/v2\/media\/5908"}],"wp:attachment":[{"href":"https:\/\/conadi.gob.gt\/web\/wp-json\/wp\/v2\/media?parent=5904"}],"wp:term":[{"taxonomy":"category","embeddable":true,"href":"https:\/\/conadi.gob.gt\/web\/wp-json\/wp\/v2\/categories?post=5904"},{"taxonomy":"post_tag","embeddable":true,"href":"https:\/\/conadi.gob.gt\/web\/wp-json\/wp\/v2\/tags?post=5904"}],"curies":[{"name":"wp","href":"https:\/\/api.w.org\/{rel}","templated":true}]}}