{"id":5981,"date":"2019-06-12T21:52:24","date_gmt":"2019-06-12T21:52:24","guid":{"rendered":"http:\/\/conadi.gob.gt\/web\/?p=5981"},"modified":"2019-06-12T22:25:32","modified_gmt":"2019-06-12T22:25:32","slug":"tema-de-discapacidad-y-pueblos-indigenas-fue-llevado-a-argentina","status":"publish","type":"post","link":"https:\/\/conadi.gob.gt\/web\/tema-de-discapacidad-y-pueblos-indigenas-fue-llevado-a-argentina\/","title":{"rendered":"Tema de Discapacidad y pueblos ind\u00edgenas fue llevado a Argentina"},"content":{"rendered":"<p>Tem\u00e1tica de discapacidad y de pueblos ind\u00edgenas abordaron autoridades del Consejo Nacional para la Atenci\u00f3n de las Personas con Discapacidad -CONADI- durante la Cumbre Global de Discapacidad que se realiz\u00f3 la semana pasada en Argentina.<\/p>\n<p>Rosa Idalia Aldana, presidente del CONADI y el director institucional, Sebasti\u00e1n Toledo, estuvieron presentes y compartieron acerca de las buenas pr\u00e1cticas sobre el abordaje de la tem\u00e1tica de discapacidad y pueblos Ind\u00edgenas. Seg\u00fan el informe mundial sobre discapacidad 2011, se estima que 15% de la poblaci\u00f3n mundial vive con esa condici\u00f3n siendo el n\u00famero alrededor de 54 millones.<\/p>\n<p>En Guatemala la Red Global de Personas Ind\u00edgenas con Discapacidad realiz\u00f3 un entrenamiento en 2017 que tuvo dos finalidades; fortalecer capacidades de ese colectivo y fortalecer la construcci\u00f3n de las redes regionales. En esa ocasi\u00f3n el proceso se torn\u00f3 significativo porque se fortalecieron los procesos de incidencia en sus diferentes pa\u00edses de origen.<\/p>\n<p>Tambi\u00e9n marc\u00f3 hist\u00f3ricamente ya que se reuni\u00f3 en la misma sala a personas ind\u00edgenas con discapacidad junto a las distintas\u00a0 instituciones locales que luchaban por los derechos de ese sector de la poblaci\u00f3n, adem\u00e1s se estableci\u00f3 una hoja de ruta con las aportaciones de las personas ind\u00edgenas y se construyeron nuevos liderazgos.<\/p>\n<p>Esta cumbre representa la apertura para formular y fortalecer pol\u00edticas p\u00fablicas, y buenas pr\u00e1cticas en los diferentes m\u00f3dulos de discusi\u00f3n en los cuales la voz principal es de personas con discapacidad.<\/p>\n<p>La edici\u00f3n 2019 se realiz\u00f3 en seguimiento de la primer \u201cCumbre Global de Discapacidad\u201d realizada en Londres en 2018, que tiene como funci\u00f3n el fortalecer compromisos a nivel Latinoamericano y del mundo para asegurar una inclusi\u00f3n plena de las personas con discapacidad, derechos, libertades y dignidad humana.<\/p>\n","protected":false},"excerpt":{"rendered":"<p>Tem\u00e1tica de discapacidad y de pueblos ind\u00edgenas abordaron autoridades del Consejo Nacional para la Atenci\u00f3n de las Personas con Discapacidad -CONADI- durante la Cumbre Global de Discapacidad que se realiz\u00f3 la semana pasada en Argentina. Rosa Idalia Aldana, presidente del CONADI y el director institucional, Sebasti\u00e1n Toledo, estuvieron presentes y compartieron acerca de las buenas &hellip; <\/p>\n<p class=\"link-more\"><a href=\"https:\/\/conadi.gob.gt\/web\/tema-de-discapacidad-y-pueblos-indigenas-fue-llevado-a-argentina\/\" class=\"more-link\">Leer m\u00e1s<span class=\"screen-reader-text\"> \u00abTema de Discapacidad y pueblos ind\u00edgenas fue llevado a Argentina\u00bb<\/span><\/a><\/p>\n","protected":false},"author":12,"featured_media":5982,"comment_status":"open","ping_status":"closed","sticky":false,"template":"","format":"standard","meta":{"footnotes":""},"categories":[3],"tags":[],"class_list":["post-5981","post","type-post","status-publish","format-standard","has-post-thumbnail","hentry","category-noticias"],"_links":{"self":[{"href":"https:\/\/conadi.gob.gt\/web\/wp-json\/wp\/v2\/posts\/5981","targetHints":{"allow":["GET"]}}],"collection":[{"href":"https:\/\/conadi.gob.gt\/web\/wp-json\/wp\/v2\/posts"}],"about":[{"href":"https:\/\/conadi.gob.gt\/web\/wp-json\/wp\/v2\/types\/post"}],"author":[{"embeddable":true,"href":"https:\/\/conadi.gob.gt\/web\/wp-json\/wp\/v2\/users\/12"}],"replies":[{"embeddable":true,"href":"https:\/\/conadi.gob.gt\/web\/wp-json\/wp\/v2\/comments?post=5981"}],"version-history":[{"count":1,"href":"https:\/\/conadi.gob.gt\/web\/wp-json\/wp\/v2\/posts\/5981\/revisions"}],"predecessor-version":[{"id":5984,"href":"https:\/\/conadi.gob.gt\/web\/wp-json\/wp\/v2\/posts\/5981\/revisions\/5984"}],"wp:featuredmedia":[{"embeddable":true,"href":"https:\/\/conadi.gob.gt\/web\/wp-json\/wp\/v2\/media\/5982"}],"wp:attachment":[{"href":"https:\/\/conadi.gob.gt\/web\/wp-json\/wp\/v2\/media?parent=5981"}],"wp:term":[{"taxonomy":"category","embeddable":true,"href":"https:\/\/conadi.gob.gt\/web\/wp-json\/wp\/v2\/categories?post=5981"},{"taxonomy":"post_tag","embeddable":true,"href":"https:\/\/conadi.gob.gt\/web\/wp-json\/wp\/v2\/tags?post=5981"}],"curies":[{"name":"wp","href":"https:\/\/api.w.org\/{rel}","templated":true}]}}