{"id":5989,"date":"2019-06-13T15:19:40","date_gmt":"2019-06-13T15:19:40","guid":{"rendered":"http:\/\/conadi.gob.gt\/web\/?p=5989"},"modified":"2019-06-13T17:48:35","modified_gmt":"2019-06-13T17:48:35","slug":"entrevistas-con-los-candidatos-a-presidente-de-la-republica","status":"publish","type":"post","link":"https:\/\/conadi.gob.gt\/web\/entrevistas-con-los-candidatos-a-presidente-de-la-republica\/","title":{"rendered":"Los derechos de las personas con discapacidad en la voz de los presidenciables"},"content":{"rendered":"<p>Si a\u00fan no has decidido por quien votar en el pr\u00f3ximo proceso electoral, escucha de la voz de los presidenciables, sus propuestas para abordar la tem\u00e1tica de discapacidad dentro de sus planes de gobierno.<\/p>\n<p><a href=\"https:\/\/drive.google.com\/open?id=1wAApYeYyRDPCt5QpiRwpZ_weX_l9d9IJ\" target=\"_blank\" rel=\"noopener\">Los derechos electorales de las personas con discapacidad<\/a><\/p>\n<p><a href=\"https:\/\/drive.google.com\/open?id=1rj9B7_eNqUp03iPP4CiBdd1UUcdBEkom\">Entrevista\u00a0Edmond Mulet, Julio H\u00e9ctor Estrada, Edwin Escobar<\/a><\/p>\n<p><a href=\"https:\/\/drive.google.com\/open?id=1KaDdf9ccOnXD08b4Za1bWqrPfXSwLsa1\">Entrevista Amilcar Rivera,\u00a0Manfredo Marroqu\u00edn, Carlos Ra\u00fal Morales<\/a><\/p>\n<p><a href=\"https:\/\/drive.google.com\/open?id=1VywGxjkaPoDmdDw78NwC-wlQEQv7YBvJ\">Entrevista\u00a0Alejandro Giammattei, Benito Morales,\u00a0Pablo Ceto<\/a><\/p>\n<p><a href=\"https:\/\/drive.google.com\/open?id=1wVG6z2rW7p51DDnYLwFfLPVCB6ktqFrt\">Entrevista Roberto Arz\u00fa,\u00a0Danilo Roca,\u00a0Luis Vel\u00e1squez<\/a><\/p>\n<p><a href=\"https:\/\/drive.google.com\/open?id=1jbMMTEks2wFsAhZFsqjBiePvnXGAC3KH\">Entrevista Anibal Garc\u00eda,\u00a0Jos\u00e9 Luis Chea Urruela, Ricardo Sagastume, Ricardo Flores<\/a><\/p>\n<p><a href=\"https:\/\/drive.google.com\/open?id=1pRsFpi0hE0qMTQdWmeWxxPYT7iuobObf\">Entrevista\u00a0Mar\u00eda Eugenia Mijangos (TSE), Eduardo Nu\u00f1ez (Instituto Nacional Dem\u00f3crata)\u00a0<\/a><\/p>\n<p>&nbsp;<\/p>\n<figure id=\"attachment_5994\" aria-describedby=\"caption-attachment-5994\" style=\"width: 300px\" class=\"wp-caption alignnone\"><a href=\"https:\/\/conadi.gob.gt\/web\/wp-content\/uploads\/2019\/06\/presidenciables.jpg\"><img loading=\"lazy\" decoding=\"async\" id=\"longdesc-return-5994\" class=\"size-medium wp-image-5994\" tabindex=\"-1\" src=\"https:\/\/conadi.gob.gt\/web\/wp-content\/uploads\/2019\/06\/presidenciables-300x300.jpg\" alt=\"\" width=\"300\" height=\"300\" longdesc=\"https:\/\/conadi.gob.gt\/web?longdesc=5994&amp;referrer=5989\" srcset=\"https:\/\/conadi.gob.gt\/web\/wp-content\/uploads\/2019\/06\/presidenciables-300x300.jpg 300w, https:\/\/conadi.gob.gt\/web\/wp-content\/uploads\/2019\/06\/presidenciables-150x150.jpg 150w, https:\/\/conadi.gob.gt\/web\/wp-content\/uploads\/2019\/06\/presidenciables-768x768.jpg 768w, https:\/\/conadi.gob.gt\/web\/wp-content\/uploads\/2019\/06\/presidenciables-1024x1024.jpg 1024w, https:\/\/conadi.gob.gt\/web\/wp-content\/uploads\/2019\/06\/presidenciables.jpg 1667w\" sizes=\"auto, (max-width: 300px) 100vw, 300px\" \/><\/a><figcaption id=\"caption-attachment-5994\" class=\"wp-caption-text\">Entrevista con los presidenciables<\/figcaption><\/figure>\n","protected":false},"excerpt":{"rendered":"<p>Si a\u00fan no has decidido por quien votar en el pr\u00f3ximo proceso electoral, escucha de la voz de los presidenciables, sus propuestas para abordar la tem\u00e1tica de discapacidad dentro de sus planes de gobierno. Los derechos electorales de las personas con discapacidad Entrevista\u00a0Edmond Mulet, Julio H\u00e9ctor Estrada, Edwin Escobar Entrevista Amilcar Rivera,\u00a0Manfredo Marroqu\u00edn, Carlos Ra\u00fal &hellip; <\/p>\n<p class=\"link-more\"><a href=\"https:\/\/conadi.gob.gt\/web\/entrevistas-con-los-candidatos-a-presidente-de-la-republica\/\" class=\"more-link\">Leer m\u00e1s<span class=\"screen-reader-text\"> \u00abLos derechos de las personas con discapacidad en la voz de los presidenciables\u00bb<\/span><\/a><\/p>\n","protected":false},"author":7,"featured_media":5994,"comment_status":"open","ping_status":"closed","sticky":false,"template":"","format":"standard","meta":{"footnotes":""},"categories":[3],"tags":[],"class_list":["post-5989","post","type-post","status-publish","format-standard","has-post-thumbnail","hentry","category-noticias"],"_links":{"self":[{"href":"https:\/\/conadi.gob.gt\/web\/wp-json\/wp\/v2\/posts\/5989","targetHints":{"allow":["GET"]}}],"collection":[{"href":"https:\/\/conadi.gob.gt\/web\/wp-json\/wp\/v2\/posts"}],"about":[{"href":"https:\/\/conadi.gob.gt\/web\/wp-json\/wp\/v2\/types\/post"}],"author":[{"embeddable":true,"href":"https:\/\/conadi.gob.gt\/web\/wp-json\/wp\/v2\/users\/7"}],"replies":[{"embeddable":true,"href":"https:\/\/conadi.gob.gt\/web\/wp-json\/wp\/v2\/comments?post=5989"}],"version-history":[{"count":9,"href":"https:\/\/conadi.gob.gt\/web\/wp-json\/wp\/v2\/posts\/5989\/revisions"}],"predecessor-version":[{"id":6000,"href":"https:\/\/conadi.gob.gt\/web\/wp-json\/wp\/v2\/posts\/5989\/revisions\/6000"}],"wp:featuredmedia":[{"embeddable":true,"href":"https:\/\/conadi.gob.gt\/web\/wp-json\/wp\/v2\/media\/5994"}],"wp:attachment":[{"href":"https:\/\/conadi.gob.gt\/web\/wp-json\/wp\/v2\/media?parent=5989"}],"wp:term":[{"taxonomy":"category","embeddable":true,"href":"https:\/\/conadi.gob.gt\/web\/wp-json\/wp\/v2\/categories?post=5989"},{"taxonomy":"post_tag","embeddable":true,"href":"https:\/\/conadi.gob.gt\/web\/wp-json\/wp\/v2\/tags?post=5989"}],"curies":[{"name":"wp","href":"https:\/\/api.w.org\/{rel}","templated":true}]}}