{"id":6002,"date":"2019-06-17T23:56:52","date_gmt":"2019-06-17T23:56:52","guid":{"rendered":"http:\/\/conadi.gob.gt\/web\/?p=6002"},"modified":"2019-06-17T23:56:52","modified_gmt":"2019-06-17T23:56:52","slug":"accesibilidad-en-centros-de-votacion-deben-ser-fortalecidos","status":"publish","type":"post","link":"https:\/\/conadi.gob.gt\/web\/accesibilidad-en-centros-de-votacion-deben-ser-fortalecidos\/","title":{"rendered":"Accesibilidad en centros de votaci\u00f3n deben ser fortalecidos"},"content":{"rendered":"<p>La primera vuelta de las elecciones generales 2019 se realiz\u00f3 este domingo 16 y el conteo r\u00e1pido de las boletas ya arrojaron los primeros resultados de los candidatos que ir\u00e1n a la segunda vuelta en agosto. Durante el ejercicio del derecho a elegir personas de diferentes \u00e1reas del pa\u00eds realizaron denuncias que van desde boletas ya marcadas, d\u00e1divas a cambio de elegir a alg\u00fan candidatos y otras como la accesibilidad para personas con discapacidad.<\/p>\n<p>De acuerdo al Tribunal Supremo Electoral -TSE- los resultados preliminares se\u00f1alan que ser\u00e1 Sandra Torres del partido Unidad Nacional de la Esperanza -UNE- y Alejandro Giammattei de la agrupaci\u00f3n VAMOS, quienes llevan la mayor cantidad de votos a favor; un mill\u00f3n 112 mil 471 (25.74%) y 600 mil 648 (13.89%) respectivamente.<\/p>\n<p>Luego les sigue el Partido Humanista con el 11.16% y el MLP con un 10.39% de papeletas marcadas a su favor.\u00a0 Otro cargo p\u00fablico como alcald\u00eda por Guatemala fue electo por el Partido Unionista, Fredy Qui\u00f1onez quien actualmente se encuentra como jefe edil luego del fallecimiento de \u00c1lvaro Arz\u00fa.<\/p>\n<p><strong>Visibilizan falta de accesibilidad en centros de votaci\u00f3n<\/strong><\/p>\n<p>El Consejo Nacional para la Atenci\u00f3n de las Personas con Discapacidad -CONADI- a trav\u00e9s de los observadores en la capital e interior del pa\u00eds y por medio del hashtag #VotoConadi2019 en las redes sociales, pusieron en evidencia la falta de accesibilidad que presentaron algunos centros de votaci\u00f3n.<\/p>\n<p>Dentro de los reportes se encontr\u00f3 que usuarios en sillas de ruedas no pod\u00edan ingresar a su centro por falta de rampas adem\u00e1s de la dificultad de usar atriles que fueron fabricados en material de cart\u00f3n, en ese aspecto los observadores pudieron notar que no todos contaban con un entrepa\u00f1o bajo para las personas de talla peque\u00f1a.<\/p>\n<p>Uno de los casos reportados por el tema de voto asistido ocurri\u00f3 en Petet, Cob\u00e1n, Alta Verapaz, un hombre mayor durante una entrevista se\u00f1al\u00f3 que no le fue permitido esa modalidad de sufragio pese a su discapacidad visual que no le permit\u00eda identificar bien a sus partidos en las boletas.<\/p>\n<p>Otras debilidades fueron los accesos a ba\u00f1os, falta de int\u00e9rpretes, inasistencia o prioridad al sufragio por parte de encargados o fiscales de las mesas, falta de boletas en braille y en algunos casos la negaci\u00f3n a brindar la boleta espec\u00edfica a las personas de baja visi\u00f3n o a implementar el voto asistido.<\/p>\n<p><strong>Advierten desaf\u00edos<\/strong><\/p>\n<p>La Oficina del Alto Comisionado de las Naciones Unidas para los Derechos Humanos -OACNUDH-, que despleg\u00f3 14 equipos para la observancia de los derechos en los diferentes puntos del pa\u00eds, arroj\u00f3 datos preliminares de 17 departamentos, un total de 117 incidentes, de los cuales 45 estuvieron relacionados al ejercicio del derecho a la igualdad\u00a0 y no discriminaci\u00f3n.<\/p>\n<p>En ese sentido OACNUDH observ\u00f3 desaf\u00edos para garantizar el acceso de personas con discapacidad y personas adultas mayores a centros de votaci\u00f3n, adem\u00e1s el ente advirti\u00f3 confusi\u00f3n e inconsistencias en relaci\u00f3n con la aplicaci\u00f3n del voto asistido. Otros retos se\u00f1alados fueron respecto a garantizar\u00a0 a personas con discapacidad auditiva el acceso a interpretaci\u00f3n en lengua de se\u00f1as.<\/p>\n<p>&nbsp;<\/p>\n<p>&nbsp;<\/p>\n","protected":false},"excerpt":{"rendered":"<p>La primera vuelta de las elecciones generales 2019 se realiz\u00f3 este domingo 16 y el conteo r\u00e1pido de las boletas ya arrojaron los primeros resultados de los candidatos que ir\u00e1n a la segunda vuelta en agosto. Durante el ejercicio del derecho a elegir personas de diferentes \u00e1reas del pa\u00eds realizaron denuncias que van desde boletas &hellip; <\/p>\n<p class=\"link-more\"><a href=\"https:\/\/conadi.gob.gt\/web\/accesibilidad-en-centros-de-votacion-deben-ser-fortalecidos\/\" class=\"more-link\">Leer m\u00e1s<span class=\"screen-reader-text\"> \u00abAccesibilidad en centros de votaci\u00f3n deben ser fortalecidos\u00bb<\/span><\/a><\/p>\n","protected":false},"author":12,"featured_media":6003,"comment_status":"open","ping_status":"closed","sticky":false,"template":"","format":"standard","meta":{"footnotes":""},"categories":[3],"tags":[],"class_list":["post-6002","post","type-post","status-publish","format-standard","has-post-thumbnail","hentry","category-noticias"],"_links":{"self":[{"href":"https:\/\/conadi.gob.gt\/web\/wp-json\/wp\/v2\/posts\/6002","targetHints":{"allow":["GET"]}}],"collection":[{"href":"https:\/\/conadi.gob.gt\/web\/wp-json\/wp\/v2\/posts"}],"about":[{"href":"https:\/\/conadi.gob.gt\/web\/wp-json\/wp\/v2\/types\/post"}],"author":[{"embeddable":true,"href":"https:\/\/conadi.gob.gt\/web\/wp-json\/wp\/v2\/users\/12"}],"replies":[{"embeddable":true,"href":"https:\/\/conadi.gob.gt\/web\/wp-json\/wp\/v2\/comments?post=6002"}],"version-history":[{"count":1,"href":"https:\/\/conadi.gob.gt\/web\/wp-json\/wp\/v2\/posts\/6002\/revisions"}],"predecessor-version":[{"id":6004,"href":"https:\/\/conadi.gob.gt\/web\/wp-json\/wp\/v2\/posts\/6002\/revisions\/6004"}],"wp:featuredmedia":[{"embeddable":true,"href":"https:\/\/conadi.gob.gt\/web\/wp-json\/wp\/v2\/media\/6003"}],"wp:attachment":[{"href":"https:\/\/conadi.gob.gt\/web\/wp-json\/wp\/v2\/media?parent=6002"}],"wp:term":[{"taxonomy":"category","embeddable":true,"href":"https:\/\/conadi.gob.gt\/web\/wp-json\/wp\/v2\/categories?post=6002"},{"taxonomy":"post_tag","embeddable":true,"href":"https:\/\/conadi.gob.gt\/web\/wp-json\/wp\/v2\/tags?post=6002"}],"curies":[{"name":"wp","href":"https:\/\/api.w.org\/{rel}","templated":true}]}}