{"id":6005,"date":"2019-06-19T17:27:23","date_gmt":"2019-06-19T17:27:23","guid":{"rendered":"http:\/\/conadi.gob.gt\/web\/?p=6005"},"modified":"2019-06-21T15:36:45","modified_gmt":"2019-06-21T15:36:45","slug":"panajachel-elegido-para-evento-latinoamericano-por-su-accesibilidad","status":"publish","type":"post","link":"https:\/\/conadi.gob.gt\/web\/panajachel-elegido-para-evento-latinoamericano-por-su-accesibilidad\/","title":{"rendered":"Panajachel elegido para evento latinoamericano por su accesibilidad"},"content":{"rendered":"<p>En el marco de la V Conferencia Latinoamericana Sobre Turismo Accesible, se llev\u00f3 a cabo una reuni\u00f3n con los entes encargados del evento donde se brindaron detalles y la raz\u00f3n por la cual Guatemala fue elegido para que se desarrolle el acontecimiento.<\/p>\n<p>En los \u00faltimos a\u00f1os se ha impulsado el derecho del colectivo a la recreaci\u00f3n y el esparcimiento social, lo que conlleva el acceso al mundo de oportunidades que ofrece el turismo. Situaci\u00f3n que necesariamente condiciona la implementaci\u00f3n de acciones\u00a0 y de dise\u00f1o universal en todos los esfuerzos en esta materia.<\/p>\n<p>La Conferencia estar\u00e1 llena de formaci\u00f3n t\u00e9cnica, acad\u00e9mica, intercambio de experiencia y buenas pr\u00e1cticas tanto de otros pa\u00edses como de las mismas localidades, expres\u00f3 Rosa Idalia Aldana Presidenta del CONADI.<\/p>\n<p>Para ella es un tema transversal que compete a varias instituciones donde se ha coordinado un plan maestro que contiene aspectos t\u00e9cnicos de la localidad,\u00a0 temas como servicios de habitaci\u00f3n, ascensores, rampas para usuarios de silla de ruedas para que visiten las playas, buses accesibles y banquetas.<\/p>\n<p><a href=\"https:\/\/conadi.gob.gt\/web\/wp-content\/uploads\/2019\/06\/54728445_2267125823354563_6589501630553522176_o.jpg\"><img loading=\"lazy\" decoding=\"async\" id=\"longdesc-return-6007\" class=\"alignnone size-medium wp-image-6007\" tabindex=\"-1\" src=\"https:\/\/conadi.gob.gt\/web\/wp-content\/uploads\/2019\/06\/54728445_2267125823354563_6589501630553522176_o-300x200.jpg\" alt=\"Implementaci\u00f3n de accesibilidad\" width=\"300\" height=\"200\" longdesc=\"https:\/\/conadi.gob.gt\/web?longdesc=6007&amp;referrer=6005\" srcset=\"https:\/\/conadi.gob.gt\/web\/wp-content\/uploads\/2019\/06\/54728445_2267125823354563_6589501630553522176_o-300x200.jpg 300w, https:\/\/conadi.gob.gt\/web\/wp-content\/uploads\/2019\/06\/54728445_2267125823354563_6589501630553522176_o-768x512.jpg 768w, https:\/\/conadi.gob.gt\/web\/wp-content\/uploads\/2019\/06\/54728445_2267125823354563_6589501630553522176_o-1024x683.jpg 1024w, https:\/\/conadi.gob.gt\/web\/wp-content\/uploads\/2019\/06\/54728445_2267125823354563_6589501630553522176_o-90x60.jpg 90w, https:\/\/conadi.gob.gt\/web\/wp-content\/uploads\/2019\/06\/54728445_2267125823354563_6589501630553522176_o-180x120.jpg 180w, https:\/\/conadi.gob.gt\/web\/wp-content\/uploads\/2019\/06\/54728445_2267125823354563_6589501630553522176_o-95x64.jpg 95w, https:\/\/conadi.gob.gt\/web\/wp-content\/uploads\/2019\/06\/54728445_2267125823354563_6589501630553522176_o.jpg 2048w\" sizes=\"auto, (max-width: 300px) 100vw, 300px\" \/><\/a><\/p>\n<p>En la reuni\u00f3n de las autoridades locales e institucionales tambi\u00e9n estuvo presente la Primera Dama, Patricia Marroqu\u00edn de Morales quien expres\u00f3 que es importante fomentar el tema de accesibilidad y asumir compromisos que favorezcan el turismo en ese \u00e1mbito\u00bb<\/p>\n<p><a href=\"https:\/\/conadi.gob.gt\/web\/wp-content\/uploads\/2019\/06\/64879441_2414328141967663_1374076624877649920_o.jpg\"><img loading=\"lazy\" decoding=\"async\" id=\"longdesc-return-6010\" class=\"alignnone size-medium wp-image-6010\" tabindex=\"-1\" src=\"https:\/\/conadi.gob.gt\/web\/wp-content\/uploads\/2019\/06\/64879441_2414328141967663_1374076624877649920_o-300x200.jpg\" alt=\"Invit\u00f3 a fomentar la accesibilidad.\" width=\"300\" height=\"200\" longdesc=\"https:\/\/conadi.gob.gt\/web?longdesc=6010&amp;referrer=6005\" srcset=\"https:\/\/conadi.gob.gt\/web\/wp-content\/uploads\/2019\/06\/64879441_2414328141967663_1374076624877649920_o-300x200.jpg 300w, https:\/\/conadi.gob.gt\/web\/wp-content\/uploads\/2019\/06\/64879441_2414328141967663_1374076624877649920_o-768x512.jpg 768w, https:\/\/conadi.gob.gt\/web\/wp-content\/uploads\/2019\/06\/64879441_2414328141967663_1374076624877649920_o-1024x683.jpg 1024w, https:\/\/conadi.gob.gt\/web\/wp-content\/uploads\/2019\/06\/64879441_2414328141967663_1374076624877649920_o-90x60.jpg 90w, https:\/\/conadi.gob.gt\/web\/wp-content\/uploads\/2019\/06\/64879441_2414328141967663_1374076624877649920_o-180x120.jpg 180w, https:\/\/conadi.gob.gt\/web\/wp-content\/uploads\/2019\/06\/64879441_2414328141967663_1374076624877649920_o-95x64.jpg 95w, https:\/\/conadi.gob.gt\/web\/wp-content\/uploads\/2019\/06\/64879441_2414328141967663_1374076624877649920_o.jpg 2048w\" sizes=\"auto, (max-width: 300px) 100vw, 300px\" \/><\/a><\/p>\n<p>De acuerdo al director\u00a0Jorge Mario Chaj\u00f3n del Instituto Guatemalteco de Turismo -INGUAT-, Solol\u00e1, Panajache, fue elegido como sede por los notables avances en mecanismos de accesibilidad como por ejemplo la playa p\u00fablica donde la instituci\u00f3n ha brindado los apoyos de inversi\u00f3n requeridos. otro ejemplo se\u00f1alado fue el de los lancheros que cuentan con rampas para usuarios de silla de ruedas y algunos hoteles locales que han implementado algunos aspectos accesibles.<\/p>\n<p>\u201cPara la regi\u00f3n de las Am\u00e9ricas es trascendental ya que se da una importante transferencia de buenas pr\u00e1cticas ya que hay pa\u00edses que llevan mayor ventaja en temas de accesibilidad como Chile\u201d, indic\u00f3.<\/p>\n<p>Mientras que el gobernador de Solol\u00e1 Rodolfo Salazar de Le\u00f3n, \u00a0manifest\u00f3 que es una oportunidad del departamento para mostrar que existen avances en torno al tema de accesibilidad pues la coordinaci\u00f3n entre INGUAT, CONADI y la municipalidad que ha permitido tener las rampas para usuarios de sillas de ruedas y es de felicitar a las autoridades ya que han tomado las riendas de proceso de inclusi\u00f3n.<\/p>\n<p>&nbsp;<\/p>\n<p>\u00bf Quieres conocer m\u00e1s sobre turismo accesible?<\/p>\n<p>Visita el sitio web dedicado a proporcionar informaci\u00f3n sobre este interesante tema en el siguiente enlace:<\/p>\n<p><a href=\"https:\/\/www.turismoparatodos.net\/?fbclid=IwAR0HDhoW93McwZpitm2lZq9b8cGrag7FHtWGqKVRZwlyOyMAYk751yaYaJs\" target=\"_blank\" rel=\"noopener nofollow\" data-ft=\"{&quot;tn&quot;:&quot;-U&quot;}\" data-lynx-mode=\"async\" data-lynx-uri=\"https:\/\/l.facebook.com\/l.php?u=https%3A%2F%2Fwww.turismoparatodos.net%2F%3Ffbclid%3DIwAR0HDhoW93McwZpitm2lZq9b8cGrag7FHtWGqKVRZwlyOyMAYk751yaYaJs&amp;h=AT3cU-Bwx6pnpLoF59ke5ntmpuAXlbaxH6bBKvzOu4NKa7DsmyJbIUrbaTyy_yckLp8-2tOqoCcSB0LMti6VcPBW0F7oFaEL7YvU_LJ0p6p4QFYiCaj2Fb6qNbAr19mWJooqymr-ZwzfRwjeQD-VpDoTb-vueizO3lQ4-JP0XLN4hwPQSaSp1IPa1JK2WL6Re5eel_kCtvmixzBn-EyLr-pNdLE3vKwO7HDSSW1G65bYLoa_ZQ-82G3kICE1j9lyPhH-0VqCFJuVrtzCUtPzx_P516ZrR5k5mjcmSXWxxRZLCIJEqUa2iXqleRf5fth0OUaUFbG3B5oydSOZpkT74ffDg_X3tyU3-1-lFZsIfbCcbEaXm7iTKi_dJ8NlBs9579TzjG6Zmyp8Wqd0pVLzTDcPSI9KmqDprQ3B90duop1diTGcYYnzIYNE7IxelMyv1BXXcjWFRsDa4yOq-1B-2YIM5p_6L3boRNgWvarDwb_KsjAeoZwQFR46LefzjyH7MjlGUS6PkmNbablnLfNN2TQhfIlOpNL0hrZA7QEeZvO6tqt6MeOk1d9fWDwXNWu-_8qRcVfZDXGS7xYW67uKU49cvIWLQffDoBOZFJl90fUChIu4Ib94HJguWC9J7xDocOGc\">https:\/\/www.turismoparatodos.net\/<\/a><\/p>\n<p>&nbsp;<\/p>\n<p><a href=\"https:\/\/conadi.gob.gt\/web\/wp-content\/uploads\/2019\/06\/Captura-turismoparatodos.png\"><img loading=\"lazy\" decoding=\"async\" id=\"longdesc-return-6055\" class=\"alignnone wp-image-6055 size-large\" tabindex=\"-1\" src=\"https:\/\/conadi.gob.gt\/web\/wp-content\/uploads\/2019\/06\/Captura-turismoparatodos-1024x500.png\" alt=\"\" width=\"1024\" height=\"500\" longdesc=\"https:\/\/conadi.gob.gt\/web?longdesc=6055&amp;referrer=6005\" srcset=\"https:\/\/conadi.gob.gt\/web\/wp-content\/uploads\/2019\/06\/Captura-turismoparatodos-1024x500.png 1024w, https:\/\/conadi.gob.gt\/web\/wp-content\/uploads\/2019\/06\/Captura-turismoparatodos-300x147.png 300w, https:\/\/conadi.gob.gt\/web\/wp-content\/uploads\/2019\/06\/Captura-turismoparatodos-768x375.png 768w, https:\/\/conadi.gob.gt\/web\/wp-content\/uploads\/2019\/06\/Captura-turismoparatodos.png 1472w\" sizes=\"auto, (max-width: 1024px) 100vw, 1024px\" \/><\/a><\/p>\n<p>&nbsp;<\/p>\n","protected":false},"excerpt":{"rendered":"<p>En el marco de la V Conferencia Latinoamericana Sobre Turismo Accesible, se llev\u00f3 a cabo una reuni\u00f3n con los entes encargados del evento donde se brindaron detalles y la raz\u00f3n por la cual Guatemala fue elegido para que se desarrolle el acontecimiento. En los \u00faltimos a\u00f1os se ha impulsado el derecho del colectivo a la &hellip; <\/p>\n<p class=\"link-more\"><a href=\"https:\/\/conadi.gob.gt\/web\/panajachel-elegido-para-evento-latinoamericano-por-su-accesibilidad\/\" class=\"more-link\">Leer m\u00e1s<span class=\"screen-reader-text\"> \u00abPanajachel elegido para evento latinoamericano por su accesibilidad\u00bb<\/span><\/a><\/p>\n","protected":false},"author":12,"featured_media":6006,"comment_status":"open","ping_status":"closed","sticky":false,"template":"","format":"standard","meta":{"footnotes":""},"categories":[3],"tags":[],"class_list":["post-6005","post","type-post","status-publish","format-standard","has-post-thumbnail","hentry","category-noticias"],"_links":{"self":[{"href":"https:\/\/conadi.gob.gt\/web\/wp-json\/wp\/v2\/posts\/6005","targetHints":{"allow":["GET"]}}],"collection":[{"href":"https:\/\/conadi.gob.gt\/web\/wp-json\/wp\/v2\/posts"}],"about":[{"href":"https:\/\/conadi.gob.gt\/web\/wp-json\/wp\/v2\/types\/post"}],"author":[{"embeddable":true,"href":"https:\/\/conadi.gob.gt\/web\/wp-json\/wp\/v2\/users\/12"}],"replies":[{"embeddable":true,"href":"https:\/\/conadi.gob.gt\/web\/wp-json\/wp\/v2\/comments?post=6005"}],"version-history":[{"count":7,"href":"https:\/\/conadi.gob.gt\/web\/wp-json\/wp\/v2\/posts\/6005\/revisions"}],"predecessor-version":[{"id":6056,"href":"https:\/\/conadi.gob.gt\/web\/wp-json\/wp\/v2\/posts\/6005\/revisions\/6056"}],"wp:featuredmedia":[{"embeddable":true,"href":"https:\/\/conadi.gob.gt\/web\/wp-json\/wp\/v2\/media\/6006"}],"wp:attachment":[{"href":"https:\/\/conadi.gob.gt\/web\/wp-json\/wp\/v2\/media?parent=6005"}],"wp:term":[{"taxonomy":"category","embeddable":true,"href":"https:\/\/conadi.gob.gt\/web\/wp-json\/wp\/v2\/categories?post=6005"},{"taxonomy":"post_tag","embeddable":true,"href":"https:\/\/conadi.gob.gt\/web\/wp-json\/wp\/v2\/tags?post=6005"}],"curies":[{"name":"wp","href":"https:\/\/api.w.org\/{rel}","templated":true}]}}