{"id":6012,"date":"2019-06-19T19:07:42","date_gmt":"2019-06-19T19:07:42","guid":{"rendered":"http:\/\/conadi.gob.gt\/web\/?p=6012"},"modified":"2019-06-19T20:34:31","modified_gmt":"2019-06-19T20:34:31","slug":"40-lideres-se-empoderan-en-temas-de-derechos-de-personas-indigenas-con-discapacidad","status":"publish","type":"post","link":"https:\/\/conadi.gob.gt\/web\/40-lideres-se-empoderan-en-temas-de-derechos-de-personas-indigenas-con-discapacidad\/","title":{"rendered":"40 L\u00edderes se empoderan en temas de derechos de personas ind\u00edgenas con discapacidad"},"content":{"rendered":"<p>En la formaci\u00f3n sobre los derechos de los pueblos ind\u00edgenas y personas con discapacidad y para un cumplimiento efectivo en derechos humanos, el Consejo Nacional para la Atenci\u00f3n de las Personas con Discapacidad -CONADI-en coordinaci\u00f3n con la Comisi\u00f3n presidencial contra la Discriminaci\u00f3n y el Racismo -CODISRA- realizaron un diplomado.<\/p>\n<p>En Guatemala existe una prevalencia de discapacidad del 10.2%\u00a0 en donde un 60% se encuentra en las comunidades ind\u00edgenas y en condici\u00f3n de precariedad, sumado los escasos servicios de discapacidad en las \u00e1reas urbanas del pa\u00eds.<\/p>\n<p>Por tal raz\u00f3n, las dos instituciones cooperantes procuran instruir y reforzar conocimientos de los l\u00edderes en los temas de derechos de los pueblos ind\u00edgenas as\u00ed como dignificar a ese grupo de la sociedad que tiene discapacidad.<\/p>\n<p>La primera promoci\u00f3n del diplomado integra a 40 l\u00edderes que provienen de 22 comunidades ind\u00edgenas del pa\u00eds y tendr\u00e1 una duraci\u00f3n de 3 meses que incluye tres m\u00f3dulos de capacitaci\u00f3n.<\/p>\n<p>Otro aspecto a resaltar es el fortalecimiento del activismo de los dirigentes ind\u00edgenas con discapacidad para empoderarlos en el ejercicio de sus derechos y la prevenci\u00f3n de actitudes y comportamientos discriminatorios en su contra.<\/p>\n<p>Avances<\/p>\n<p>En 2016 se llev\u00f3 a cabo el primer encuentro nacional de l\u00edderes ind\u00edgenas con discapacidad y el segundo en 2018, estos dieron como resultado plantear de urgencia un proceso de fortalecimiento de liderazgos, los cuales ya se llevan a cabo.<\/p>\n","protected":false},"excerpt":{"rendered":"<p>En la formaci\u00f3n sobre los derechos de los pueblos ind\u00edgenas y personas con discapacidad y para un cumplimiento efectivo en derechos humanos, el Consejo Nacional para la Atenci\u00f3n de las Personas con Discapacidad -CONADI-en coordinaci\u00f3n con la Comisi\u00f3n presidencial contra la Discriminaci\u00f3n y el Racismo -CODISRA- realizaron un diplomado. En Guatemala existe una prevalencia de &hellip; <\/p>\n<p class=\"link-more\"><a href=\"https:\/\/conadi.gob.gt\/web\/40-lideres-se-empoderan-en-temas-de-derechos-de-personas-indigenas-con-discapacidad\/\" class=\"more-link\">Leer m\u00e1s<span class=\"screen-reader-text\"> \u00ab40 L\u00edderes se empoderan en temas de derechos de personas ind\u00edgenas con discapacidad\u00bb<\/span><\/a><\/p>\n","protected":false},"author":12,"featured_media":6013,"comment_status":"open","ping_status":"closed","sticky":false,"template":"","format":"standard","meta":{"footnotes":""},"categories":[3],"tags":[],"class_list":["post-6012","post","type-post","status-publish","format-standard","has-post-thumbnail","hentry","category-noticias"],"_links":{"self":[{"href":"https:\/\/conadi.gob.gt\/web\/wp-json\/wp\/v2\/posts\/6012","targetHints":{"allow":["GET"]}}],"collection":[{"href":"https:\/\/conadi.gob.gt\/web\/wp-json\/wp\/v2\/posts"}],"about":[{"href":"https:\/\/conadi.gob.gt\/web\/wp-json\/wp\/v2\/types\/post"}],"author":[{"embeddable":true,"href":"https:\/\/conadi.gob.gt\/web\/wp-json\/wp\/v2\/users\/12"}],"replies":[{"embeddable":true,"href":"https:\/\/conadi.gob.gt\/web\/wp-json\/wp\/v2\/comments?post=6012"}],"version-history":[{"count":3,"href":"https:\/\/conadi.gob.gt\/web\/wp-json\/wp\/v2\/posts\/6012\/revisions"}],"predecessor-version":[{"id":6018,"href":"https:\/\/conadi.gob.gt\/web\/wp-json\/wp\/v2\/posts\/6012\/revisions\/6018"}],"wp:featuredmedia":[{"embeddable":true,"href":"https:\/\/conadi.gob.gt\/web\/wp-json\/wp\/v2\/media\/6013"}],"wp:attachment":[{"href":"https:\/\/conadi.gob.gt\/web\/wp-json\/wp\/v2\/media?parent=6012"}],"wp:term":[{"taxonomy":"category","embeddable":true,"href":"https:\/\/conadi.gob.gt\/web\/wp-json\/wp\/v2\/categories?post=6012"},{"taxonomy":"post_tag","embeddable":true,"href":"https:\/\/conadi.gob.gt\/web\/wp-json\/wp\/v2\/tags?post=6012"}],"curies":[{"name":"wp","href":"https:\/\/api.w.org\/{rel}","templated":true}]}}