{"id":6034,"date":"2019-06-20T19:34:35","date_gmt":"2019-06-20T19:34:35","guid":{"rendered":"http:\/\/conadi.gob.gt\/web\/?p=6034"},"modified":"2019-06-20T19:56:03","modified_gmt":"2019-06-20T19:56:03","slug":"empresa-promueve-la-diversidad-e-inclusion-laboral-a-nivel-regional","status":"publish","type":"post","link":"https:\/\/conadi.gob.gt\/web\/empresa-promueve-la-diversidad-e-inclusion-laboral-a-nivel-regional\/","title":{"rendered":"Empresa promueve inclusi\u00f3n laboral de las personas con discapacidad a nivel regional"},"content":{"rendered":"<p>Una de las empresas de renombre a nivel nacional y centroamericano,\u00a0 actualmente se encuentra abriendo espacios laborales para personas con discapacidad a nivel nacional, en ese aspecto particip\u00f3 en un conversatorio donde abord\u00f3 sobre la inclusi\u00f3n y empleados con discapacidad que ya se encuentran laborando en la instituci\u00f3n.<\/p>\n<p>Para la la realizaci\u00f3n estuvieron presentes autoridades del Consejo Nacional para la Atenci\u00f3n de las Personas con Discapacidad -CONADI-, Walmart M\u00e9xico y Centro Am\u00e9rica, y personas con discapacidad que participaron consultando a cerca de las oportunidades que se abren en ese mercado.<\/p>\n<p>La Presidenta del Consejo de Diversidad e Inclusi\u00f3n para la Regi\u00f3n y abogada general de dicha instituci\u00f3n, Claudia Gonz\u00e1les\u00a0 manifest\u00f3 que la inclusi\u00f3n es parte de los valores empresariales y es parte de los factores positivos que mejoran la competitividad en los mercados.<\/p>\n<p>En su ponencia de las buenas pr\u00e1cticas laborales, explic\u00f3 que el modelo consiste en una estrategia que promueve la diversidad e inclusi\u00f3n a todo nivel, creando espacios y generando oportunidades \u00a0en condiciones iguales. En esa misma l\u00ednea resalt\u00f3 que estar\u00e1n realizando una feria de empleo inclusivo que otorgar\u00e1 110 plazas laborales desde el 25 de julio al 31 de ese mes.<\/p>\n<p>Por otra parte el viceministro de Previsi\u00f3n Social y Empleo del Ministerio de Trabajo, Geovany Noriega resalt\u00f3 la importancia de la inclusi\u00f3n laboral de las personas con discapacidad y las acciones que han implementado desde esa instituci\u00f3n.<\/p>\n","protected":false},"excerpt":{"rendered":"<p>Una de las empresas de renombre a nivel nacional y centroamericano,\u00a0 actualmente se encuentra abriendo espacios laborales para personas con discapacidad a nivel nacional, en ese aspecto particip\u00f3 en un conversatorio donde abord\u00f3 sobre la inclusi\u00f3n y empleados con discapacidad que ya se encuentran laborando en la instituci\u00f3n. Para la la realizaci\u00f3n estuvieron presentes autoridades &hellip; <\/p>\n<p class=\"link-more\"><a href=\"https:\/\/conadi.gob.gt\/web\/empresa-promueve-la-diversidad-e-inclusion-laboral-a-nivel-regional\/\" class=\"more-link\">Leer m\u00e1s<span class=\"screen-reader-text\"> \u00abEmpresa promueve inclusi\u00f3n laboral de las personas con discapacidad a nivel regional\u00bb<\/span><\/a><\/p>\n","protected":false},"author":12,"featured_media":6038,"comment_status":"open","ping_status":"closed","sticky":false,"template":"","format":"standard","meta":{"footnotes":""},"categories":[3],"tags":[],"class_list":["post-6034","post","type-post","status-publish","format-standard","has-post-thumbnail","hentry","category-noticias"],"_links":{"self":[{"href":"https:\/\/conadi.gob.gt\/web\/wp-json\/wp\/v2\/posts\/6034","targetHints":{"allow":["GET"]}}],"collection":[{"href":"https:\/\/conadi.gob.gt\/web\/wp-json\/wp\/v2\/posts"}],"about":[{"href":"https:\/\/conadi.gob.gt\/web\/wp-json\/wp\/v2\/types\/post"}],"author":[{"embeddable":true,"href":"https:\/\/conadi.gob.gt\/web\/wp-json\/wp\/v2\/users\/12"}],"replies":[{"embeddable":true,"href":"https:\/\/conadi.gob.gt\/web\/wp-json\/wp\/v2\/comments?post=6034"}],"version-history":[{"count":3,"href":"https:\/\/conadi.gob.gt\/web\/wp-json\/wp\/v2\/posts\/6034\/revisions"}],"predecessor-version":[{"id":6041,"href":"https:\/\/conadi.gob.gt\/web\/wp-json\/wp\/v2\/posts\/6034\/revisions\/6041"}],"wp:featuredmedia":[{"embeddable":true,"href":"https:\/\/conadi.gob.gt\/web\/wp-json\/wp\/v2\/media\/6038"}],"wp:attachment":[{"href":"https:\/\/conadi.gob.gt\/web\/wp-json\/wp\/v2\/media?parent=6034"}],"wp:term":[{"taxonomy":"category","embeddable":true,"href":"https:\/\/conadi.gob.gt\/web\/wp-json\/wp\/v2\/categories?post=6034"},{"taxonomy":"post_tag","embeddable":true,"href":"https:\/\/conadi.gob.gt\/web\/wp-json\/wp\/v2\/tags?post=6034"}],"curies":[{"name":"wp","href":"https:\/\/api.w.org\/{rel}","templated":true}]}}