{"id":6089,"date":"2019-06-25T22:32:11","date_gmt":"2019-06-25T22:32:11","guid":{"rendered":"http:\/\/conadi.gob.gt\/web\/?p=6089"},"modified":"2019-06-25T22:44:42","modified_gmt":"2019-06-25T22:44:42","slug":"guatemaltecos-con-discapacidad-asisten-a-feria-de-empleo-inclusiva-de-la-capital","status":"publish","type":"post","link":"https:\/\/conadi.gob.gt\/web\/guatemaltecos-con-discapacidad-asisten-a-feria-de-empleo-inclusiva-de-la-capital\/","title":{"rendered":"Guatemaltecos con discapacidad asisten a feria de empleo inclusiva de la capital"},"content":{"rendered":"<p>Desde las 7 de la ma\u00f1ana se observ\u00f3 una fila larga de aspirantes con discapacidad que desean optar por una plaza a pesar que las entrevistas comenzar\u00edan hasta las 9 de la ma\u00f1ana, se\u00f1alaron autoridades de Walmart Guatemala.<\/p>\n<p>Esta feria inclusiva es la primera que se realiza en t\u00e9rminos de inclusi\u00f3n y se llev\u00f3 a cabo en las instalaciones de Walmart Roosevelt, en la zona 11 capitalina. Mayari Prado coordinadora de asuntos corporativos de la empresa indic\u00f3 que desean incorporar a sus tiendas a buen grupo de personas pues tienen habilitadas un total de 110 plazas.<\/p>\n<p><a href=\"https:\/\/conadi.gob.gt\/web\/wp-content\/uploads\/2019\/06\/IMG_1549.jpg\"><img loading=\"lazy\" decoding=\"async\" id=\"longdesc-return-6091\" class=\"alignnone size-medium wp-image-6091\" tabindex=\"-1\" src=\"https:\/\/conadi.gob.gt\/web\/wp-content\/uploads\/2019\/06\/IMG_1549-300x200.jpg\" alt=\"Legaron alrededor de 600 aspirantes.\" width=\"300\" height=\"200\" longdesc=\"https:\/\/conadi.gob.gt\/web?longdesc=6091&amp;referrer=6089\" srcset=\"https:\/\/conadi.gob.gt\/web\/wp-content\/uploads\/2019\/06\/IMG_1549-300x200.jpg 300w, https:\/\/conadi.gob.gt\/web\/wp-content\/uploads\/2019\/06\/IMG_1549-768x512.jpg 768w, https:\/\/conadi.gob.gt\/web\/wp-content\/uploads\/2019\/06\/IMG_1549-1024x683.jpg 1024w, https:\/\/conadi.gob.gt\/web\/wp-content\/uploads\/2019\/06\/IMG_1549-90x60.jpg 90w, https:\/\/conadi.gob.gt\/web\/wp-content\/uploads\/2019\/06\/IMG_1549-180x120.jpg 180w, https:\/\/conadi.gob.gt\/web\/wp-content\/uploads\/2019\/06\/IMG_1549-95x64.jpg 95w\" sizes=\"auto, (max-width: 300px) 100vw, 300px\" \/><\/a><\/p>\n<p>&nbsp;<\/p>\n<p>Las puertas se est\u00e1n abriendo para emplear talentos con diferentes discapacidades, en este caso podemos mencionar discapacidad f\u00edsica, visual, auditiva, cognitiva y por ello en todas las ferias se contar\u00e1 con diferentes aliados que est\u00e1n apoyando en el proceso de reclutamiento, y, que este sea totalmente inclusivo y adecuado para que ellos puedan realizar su proceso de forma amigable y desarrollarse muy bien en la entrevista, explic\u00f3 Prado.<\/p>\n<p>La acci\u00f3n ser\u00e1 replicada en 9 departamentos m\u00e1s del pa\u00eds para incorporarlos a las tiendas de Paiz, Walmart, Maxidespensa y Despensa Familiar. En ese sentido se\u00f1al\u00f3 la coordinadora que est\u00e1n respondiendo tambi\u00e9n a una necesidad de pa\u00eds en el sentido de generar empleo para las personas con discapacidad y talento diverso como le llaman internamente.<\/p>\n<p>Edy Geovany\u00a0 Suruy, se enter\u00f3 de la convocatoria por medio de un familiar y manifest\u00f3 que la atenci\u00f3n para las personas con discapacidad fue buena y recibi\u00f3 atenci\u00f3n prioritaria al ser un usuario de silla de ruedas. \u201cMe parece excelente la feria ya que es lo que hace falta en el pa\u00eds porque hay mucha discriminaci\u00f3n en las empresas, incluso en trabajos informales.\u00a0 Si me llegaran a dar una plaza saldr\u00eda adelante y buscar\u00eda crecimiento y ser una persona que aporte en Guatemala en lo econ\u00f3mico\u201d indic\u00f3.<\/p>\n<p><a href=\"https:\/\/conadi.gob.gt\/web\/wp-content\/uploads\/2019\/06\/IMG_1545.jpg\"><img loading=\"lazy\" decoding=\"async\" class=\"alignnone size-medium wp-image-6093\" src=\"https:\/\/conadi.gob.gt\/web\/wp-content\/uploads\/2019\/06\/IMG_1545-300x200.jpg\" alt=\"Aspira a optar por una plaza.\" width=\"300\" height=\"200\" srcset=\"https:\/\/conadi.gob.gt\/web\/wp-content\/uploads\/2019\/06\/IMG_1545-300x200.jpg 300w, https:\/\/conadi.gob.gt\/web\/wp-content\/uploads\/2019\/06\/IMG_1545-768x512.jpg 768w, https:\/\/conadi.gob.gt\/web\/wp-content\/uploads\/2019\/06\/IMG_1545-1024x683.jpg 1024w, https:\/\/conadi.gob.gt\/web\/wp-content\/uploads\/2019\/06\/IMG_1545-90x60.jpg 90w, https:\/\/conadi.gob.gt\/web\/wp-content\/uploads\/2019\/06\/IMG_1545-180x120.jpg 180w, https:\/\/conadi.gob.gt\/web\/wp-content\/uploads\/2019\/06\/IMG_1545-95x64.jpg 95w\" sizes=\"auto, (max-width: 300px) 100vw, 300px\" \/><\/a><\/p>\n<p>En ese sentido la entrevistada de Walmart expres\u00f3 que la idea de la feria inclusiva surge de la visi\u00f3n como empresa que busca contribuir en mejorar la calidad de vida de las familias. Adem\u00e1s indic\u00f3 que se han preparado a trav\u00e9s de una ruta y mapa de acci\u00f3n en todas las tiendas y en colaboradores.<\/p>\n<p>Actualmente en Walmart Guatemala ya est\u00e1n laborando 70 personas con discapacidad y se encuentran en oficinas centrales, centros de distribuci\u00f3n, plantas y en los 4 formatos de tiendas mencionados anteriormente.<\/p>\n<p><strong>Accesibilidad<\/strong><\/p>\n<p>Adem\u00e1s de presentarse a entrevistas presenciales, los aspirantes tambi\u00e9n podr\u00e1n enviar su hoja de vida a un correo electr\u00f3nico <a href=\"mailto:CAMtrabajosguatemala@walmart.com\">CAMtrabajosguatemala@walmart.com<\/a> , otra opci\u00f3n es llenar solicitud por medio de una aplicaci\u00f3n en l\u00ednea, se puede ingresar escaneando un c\u00f3digo QR, mismo que se puede hacer desde un celular. Esa opci\u00f3n requiere de responder 11 preguntas puntuales. Adem\u00e1s de cumplir con ese paso deben contar con tarjeta de salud\u00a0 y tarjeta de manipulaci\u00f3n de alimentos.<\/p>\n","protected":false},"excerpt":{"rendered":"<p>Desde las 7 de la ma\u00f1ana se observ\u00f3 una fila larga de aspirantes con discapacidad que desean optar por una plaza a pesar que las entrevistas comenzar\u00edan hasta las 9 de la ma\u00f1ana, se\u00f1alaron autoridades de Walmart Guatemala. Esta feria inclusiva es la primera que se realiza en t\u00e9rminos de inclusi\u00f3n y se llev\u00f3 a &hellip; <\/p>\n<p class=\"link-more\"><a href=\"https:\/\/conadi.gob.gt\/web\/guatemaltecos-con-discapacidad-asisten-a-feria-de-empleo-inclusiva-de-la-capital\/\" class=\"more-link\">Leer m\u00e1s<span class=\"screen-reader-text\"> \u00abGuatemaltecos con discapacidad asisten a feria de empleo inclusiva de la capital\u00bb<\/span><\/a><\/p>\n","protected":false},"author":12,"featured_media":6090,"comment_status":"open","ping_status":"closed","sticky":false,"template":"","format":"standard","meta":{"footnotes":""},"categories":[3],"tags":[],"class_list":["post-6089","post","type-post","status-publish","format-standard","has-post-thumbnail","hentry","category-noticias"],"_links":{"self":[{"href":"https:\/\/conadi.gob.gt\/web\/wp-json\/wp\/v2\/posts\/6089","targetHints":{"allow":["GET"]}}],"collection":[{"href":"https:\/\/conadi.gob.gt\/web\/wp-json\/wp\/v2\/posts"}],"about":[{"href":"https:\/\/conadi.gob.gt\/web\/wp-json\/wp\/v2\/types\/post"}],"author":[{"embeddable":true,"href":"https:\/\/conadi.gob.gt\/web\/wp-json\/wp\/v2\/users\/12"}],"replies":[{"embeddable":true,"href":"https:\/\/conadi.gob.gt\/web\/wp-json\/wp\/v2\/comments?post=6089"}],"version-history":[{"count":2,"href":"https:\/\/conadi.gob.gt\/web\/wp-json\/wp\/v2\/posts\/6089\/revisions"}],"predecessor-version":[{"id":6095,"href":"https:\/\/conadi.gob.gt\/web\/wp-json\/wp\/v2\/posts\/6089\/revisions\/6095"}],"wp:featuredmedia":[{"embeddable":true,"href":"https:\/\/conadi.gob.gt\/web\/wp-json\/wp\/v2\/media\/6090"}],"wp:attachment":[{"href":"https:\/\/conadi.gob.gt\/web\/wp-json\/wp\/v2\/media?parent=6089"}],"wp:term":[{"taxonomy":"category","embeddable":true,"href":"https:\/\/conadi.gob.gt\/web\/wp-json\/wp\/v2\/categories?post=6089"},{"taxonomy":"post_tag","embeddable":true,"href":"https:\/\/conadi.gob.gt\/web\/wp-json\/wp\/v2\/tags?post=6089"}],"curies":[{"name":"wp","href":"https:\/\/api.w.org\/{rel}","templated":true}]}}