{"id":6103,"date":"2019-06-26T18:55:42","date_gmt":"2019-06-26T18:55:42","guid":{"rendered":"http:\/\/conadi.gob.gt\/web\/?p=6103"},"modified":"2019-06-26T19:07:17","modified_gmt":"2019-06-26T19:07:17","slug":"9-fechas-mas-para-feria-de-empleo-inclusiva-en-el-interior-de-pais","status":"publish","type":"post","link":"https:\/\/conadi.gob.gt\/web\/9-fechas-mas-para-feria-de-empleo-inclusiva-en-el-interior-de-pais\/","title":{"rendered":"9 Fechas m\u00e1s para feria de empleo inclusiva en el interior de pa\u00eds"},"content":{"rendered":"<p>De acuerdo a resultados de la Encuesta Nacional en Discapacidad, la mayor parte de la poblaci\u00f3n con discapacidad est\u00e1 ubicada a nivel departamental viviendo en situaci\u00f3n de pobreza y pobreza extrema.<\/p>\n<p>Una acci\u00f3n para promover la inclusi\u00f3n laboral en el Congreso de la Rep\u00fablica, es la iniciativa\u00a0 5529 ley de fomento de trabajo y emprendimiento de personas con discapacidad la cual busca establecer cuotas laborales de manera gradual tanto en la institucionalidad p\u00fablica como en la iniciativa privada.<\/p>\n<p>En relaci\u00f3n a la responsabilidad empresarial sobre a la inclusi\u00f3n de las personas con discapacidad, el CONADI recientemente llev\u00f3 a cabo un conversatorio con una empresa de renombre a nivel nacional y centroamericano. Esta se encuentra\u00a0 actualmente abriendo espacios laborales para personas con discapacidad en sus cadenas en todo el pa\u00eds.<\/p>\n<p><strong>Empleo<\/strong><\/p>\n<p>El martes 25 de junio se realiz\u00f3 la primera Feria de Empleo Inclusiva en la capital en la cual asistieron unas 600 personas con discapacidad que aspiran a ocupar las 110 plazas laborales que se est\u00e1n ofreciendo.<\/p>\n<p>Sin embargo en 9 departamentos m\u00e1s se replicar\u00e1 esa acci\u00f3n durante el mes de julio. Se contemplan dos modalidades, la primera es asistir con su hoja de vida a las entrevistas presenciales que se realizar\u00e1n en fechas espec\u00edficas y la segunda es mandar su documentaci\u00f3n a un correo electr\u00f3nico y llenar la solicitud electr\u00f3nica a la que se podr\u00e1 ingresar escaneando un c\u00f3digo QR desde un celular.<\/p>\n<p><strong>Fechas<\/strong><\/p>\n<p><a href=\"https:\/\/conadi.gob.gt\/web\/wp-content\/uploads\/2019\/06\/64568086_603287196827404_5040863009187037184_n.jpg\"><img loading=\"lazy\" decoding=\"async\" id=\"longdesc-return-6104\" class=\"alignnone size-medium wp-image-6104\" tabindex=\"-1\" src=\"https:\/\/conadi.gob.gt\/web\/wp-content\/uploads\/2019\/06\/64568086_603287196827404_5040863009187037184_n-300x169.jpg\" alt=\"Feria de Empleo inclusiva\" width=\"300\" height=\"169\" longdesc=\"https:\/\/conadi.gob.gt\/web?longdesc=6104&amp;referrer=6103\" srcset=\"https:\/\/conadi.gob.gt\/web\/wp-content\/uploads\/2019\/06\/64568086_603287196827404_5040863009187037184_n-300x169.jpg 300w, https:\/\/conadi.gob.gt\/web\/wp-content\/uploads\/2019\/06\/64568086_603287196827404_5040863009187037184_n-768x432.jpg 768w, https:\/\/conadi.gob.gt\/web\/wp-content\/uploads\/2019\/06\/64568086_603287196827404_5040863009187037184_n.jpg 960w\" sizes=\"auto, (max-width: 300px) 100vw, 300px\" \/><\/a><\/p>\n<p>Cob\u00e1n, 02 de julio en Plaza Magdalena<\/p>\n<p>Chiquimula, 10 de julio Maxi Despensa<\/p>\n<p>Jutiapa; 11 de julio en Centro Comercial Metro Plaza<\/p>\n<p>Barberena, el 12 de julio en Centro Comercial Plaza Barberena,<\/p>\n<p>Xela, el 17 de julio en Centro Comercial Pradera Xela,<\/p>\n<p>Huehuetenango, el 18 de julio en Centro Comercial Pradera Huehuetenango<\/p>\n<p>Escuintla, el 24 de julio en Centro Comercial Pradera Escuintla<\/p>\n<p>Puerto Barrios, el 30 de julio en Centro Comercial Pradera<\/p>\n<p>Pet\u00e9n, el 31 de julio en Centro Comercial Metro Plaza Mundo Maya<\/p>\n<p>Las puertas se est\u00e1n abriendo para emplear talentos con diferentes discapacidades, en este caso podemos mencionar discapacidad f\u00edsica, visual, auditiva, cognitiva y por ello en todas las ferias se contar\u00e1 con diferentes aliados que est\u00e1n apoyando en el proceso de reclutamiento, y, que este sea totalmente inclusivo y adecuado para que ellos puedan realizar su proceso de forma amigable y desarrollarse muy bien en la entrevista, indic\u00f3 Mayar\u00ed Prado coordinadora de asuntos corporativos de la empresa.<\/p>\n<p>En algunos pa\u00edses, se asevera que la no participaci\u00f3n de las personas con discapacidad en la actividad productiva provoca la p\u00e9rdida del 7% del producto interno bruto.<\/p>\n<p>Informaci\u00f3n que podr\u00eda interesarle:\u00a0<a href=\"https:\/\/conadi.gob.gt\/web\/2019\/06\/25\/guatemaltecos-con-discapacidad-asisten-a-feria-de-empleo-inclusiva-de-la-capital\/\">https:\/\/conadi.gob.gt\/web\/2019\/06\/25\/guatemaltecos-con-discapacidad-asisten-a-feria-de-empleo-inclusiva-de-la-capital\/<\/a><\/p>\n","protected":false},"excerpt":{"rendered":"<p>De acuerdo a resultados de la Encuesta Nacional en Discapacidad, la mayor parte de la poblaci\u00f3n con discapacidad est\u00e1 ubicada a nivel departamental viviendo en situaci\u00f3n de pobreza y pobreza extrema. Una acci\u00f3n para promover la inclusi\u00f3n laboral en el Congreso de la Rep\u00fablica, es la iniciativa\u00a0 5529 ley de fomento de trabajo y emprendimiento &hellip; <\/p>\n<p class=\"link-more\"><a href=\"https:\/\/conadi.gob.gt\/web\/9-fechas-mas-para-feria-de-empleo-inclusiva-en-el-interior-de-pais\/\" class=\"more-link\">Leer m\u00e1s<span class=\"screen-reader-text\"> \u00ab9 Fechas m\u00e1s para feria de empleo inclusiva en el interior de pa\u00eds\u00bb<\/span><\/a><\/p>\n","protected":false},"author":12,"featured_media":6105,"comment_status":"open","ping_status":"closed","sticky":false,"template":"","format":"standard","meta":{"footnotes":""},"categories":[3],"tags":[],"class_list":["post-6103","post","type-post","status-publish","format-standard","has-post-thumbnail","hentry","category-noticias"],"_links":{"self":[{"href":"https:\/\/conadi.gob.gt\/web\/wp-json\/wp\/v2\/posts\/6103","targetHints":{"allow":["GET"]}}],"collection":[{"href":"https:\/\/conadi.gob.gt\/web\/wp-json\/wp\/v2\/posts"}],"about":[{"href":"https:\/\/conadi.gob.gt\/web\/wp-json\/wp\/v2\/types\/post"}],"author":[{"embeddable":true,"href":"https:\/\/conadi.gob.gt\/web\/wp-json\/wp\/v2\/users\/12"}],"replies":[{"embeddable":true,"href":"https:\/\/conadi.gob.gt\/web\/wp-json\/wp\/v2\/comments?post=6103"}],"version-history":[{"count":3,"href":"https:\/\/conadi.gob.gt\/web\/wp-json\/wp\/v2\/posts\/6103\/revisions"}],"predecessor-version":[{"id":6108,"href":"https:\/\/conadi.gob.gt\/web\/wp-json\/wp\/v2\/posts\/6103\/revisions\/6108"}],"wp:featuredmedia":[{"embeddable":true,"href":"https:\/\/conadi.gob.gt\/web\/wp-json\/wp\/v2\/media\/6105"}],"wp:attachment":[{"href":"https:\/\/conadi.gob.gt\/web\/wp-json\/wp\/v2\/media?parent=6103"}],"wp:term":[{"taxonomy":"category","embeddable":true,"href":"https:\/\/conadi.gob.gt\/web\/wp-json\/wp\/v2\/categories?post=6103"},{"taxonomy":"post_tag","embeddable":true,"href":"https:\/\/conadi.gob.gt\/web\/wp-json\/wp\/v2\/tags?post=6103"}],"curies":[{"name":"wp","href":"https:\/\/api.w.org\/{rel}","templated":true}]}}