{"id":6124,"date":"2019-06-27T21:52:39","date_gmt":"2019-06-27T21:52:39","guid":{"rendered":"http:\/\/conadi.gob.gt\/web\/?p=6124"},"modified":"2019-06-27T21:52:39","modified_gmt":"2019-06-27T21:52:39","slug":"conmemora-dia-internacional-de-la-sordoceguera","status":"publish","type":"post","link":"https:\/\/conadi.gob.gt\/web\/conmemora-dia-internacional-de-la-sordoceguera\/","title":{"rendered":"Conmemora d\u00eda internacional de la sordoceguera"},"content":{"rendered":"<p><span style=\"font-size: 12pt;\">Desde 1990 se conmemora cada 27 de junio, como el D\u00eda Internacional de las Personas con Sordoceguera seg\u00fan la Declaraci\u00f3n de Estocolmo, fecha que tambi\u00e9n coincide con el nacimiento en 1880 de Helen Keller, persona con esa condici\u00f3n que consigui\u00f3 leer y comunicarse con los dem\u00e1s, hasta llevar una vida normal, adem\u00e1s fue una mujer que luch\u00f3 en favor de todo un colectivo.<\/span><\/p>\n<p><span style=\"font-size: 12pt;\">En el marco de la fecha el Consejo Nacional para la Atenci\u00f3n de las Personas con Discapacidad-, Fundaci\u00f3n Alex -FUNDAL-\u00a0 y el Ministerio de Cultura y Deportes unieron esfuerzos para la realizaci\u00f3n de una actividad de esparcimiento en la cual participaron ni\u00f1os, ni\u00f1as y adultos con discapacidad, auditiva, visual y de movilidad en la sede de FUNDAL.<\/span><\/p>\n<p><span style=\"font-size: 12pt;\">La bienvenida estuvo a cargo de Rafael Ca\u00f1as, jefe de Participaci\u00f3n Ciudadana del CONADI, el invit\u00f3 a los asistentes a disfrutar del evento que fue organizado para pasar un momento de alegr\u00eda y convivencia con el personal de la instituci\u00f3n a la cual represent\u00f3, de FUNDAL y con los invitados como la Marimba de la Municipalidad de Mixco, Ministerio de Cultura y Deportes que realiz\u00f3 pinta caritas y Hala K\u00b4in con animaci\u00f3n.<\/span><\/p>\n<p><span style=\"font-size: 12pt;\"><strong>Superaci\u00f3n<\/strong><\/span><\/p>\n<p><span style=\"font-size: 12pt; font-family: Arial, sans-serif; color: #1c1e21;\">Helen Bonilla, directora general y fundadora de FUNDAL indic\u00f3 que la instituci\u00f3n naci\u00f3 para atender a beb\u00e9s y j\u00f3venes con sordoceguera y discapacidad m\u00faltiple en la cual tiene puertas abiertas para los apoyos necesarios. Se\u00f1ala para que se gratifica cada vez que una entidad hermana se une en brindar apoyos necesarios cuando lo requieren.<\/span><\/p>\n<p><span style=\"font-size: 12pt; font-family: Arial, sans-serif; color: #1c1e21;\">Para ella la mayor\u00eda de instituciones que trabajan con y para personas con discapacidad se han unido para mandar un mensaje solidario tanto a comunidades como para escuelas, universidades, hospitales u otras instituciones. En ese sentido indica que colaboran brindando orientaci\u00f3n cuando no tienen conocimiento del tema o no saben de los servicios primarios accesibles.<\/span><\/p>\n<p><span style=\"font-size: 12pt; font-family: Arial, sans-serif; color: #1c1e21;\">Durante la convivencia Lili Reyes, madre de una joven con discapacidad que tiene 19 a\u00f1os y es egresada de la fundaci\u00f3n, expres\u00f3 que su hija ha desarrollado diferentes habilidades desde el primer a\u00f1o de vida y ahora se encuentra realizando un emprendimiento gracias a un programa de inserci\u00f3n laboral que recibi\u00f3. Su hija es una persona sorda de nacimiento y con baja visi\u00f3n. <\/span><\/p>\n<p><span style=\"font-size: 12pt; font-family: Arial, sans-serif; color: #1c1e21;\">\u201cCONADI ha sido un gran acompa\u00f1ante en los espacios pol\u00edticos pues tiene presencia en temas de legislaci\u00f3n y pol\u00edticas p\u00fablicas, y apoya desde ese sentido por los derechos de mi hija, manifest\u00f3. <\/span><\/p>\n<p><span style=\"font-size: 12pt; font-family: Arial, sans-serif;\">Maria Elena Felipe, madre de Carlos Zuleta son provenientes de Antigua Guatemala, llevan dos a\u00f1os de asistir a las terapias que brinda, indic\u00f3 que no solo su hijo recibe las atenciones necesarias pues ellos tambi\u00e9n son incluidos en programas que son totalmente inclusivos y de orientaci\u00f3n.<\/span><\/p>\n<p><span style=\"font-size: 12pt; font-family: Arial, sans-serif; color: #1c1e21;\">La sordoceguera es una discapacidad sensorial que se clasifica en cuatro tipos: total, con restos auditivos, visuales, auditivos y visuales.<\/span><\/p>\n","protected":false},"excerpt":{"rendered":"<p>Desde 1990 se conmemora cada 27 de junio, como el D\u00eda Internacional de las Personas con Sordoceguera seg\u00fan la Declaraci\u00f3n de Estocolmo, fecha que tambi\u00e9n coincide con el nacimiento en 1880 de Helen Keller, persona con esa condici\u00f3n que consigui\u00f3 leer y comunicarse con los dem\u00e1s, hasta llevar una vida normal, adem\u00e1s fue una mujer &hellip; <\/p>\n<p class=\"link-more\"><a href=\"https:\/\/conadi.gob.gt\/web\/conmemora-dia-internacional-de-la-sordoceguera\/\" class=\"more-link\">Leer m\u00e1s<span class=\"screen-reader-text\"> \u00abConmemora d\u00eda internacional de la sordoceguera\u00bb<\/span><\/a><\/p>\n","protected":false},"author":12,"featured_media":6126,"comment_status":"open","ping_status":"closed","sticky":false,"template":"","format":"standard","meta":{"footnotes":""},"categories":[3],"tags":[],"class_list":["post-6124","post","type-post","status-publish","format-standard","has-post-thumbnail","hentry","category-noticias"],"_links":{"self":[{"href":"https:\/\/conadi.gob.gt\/web\/wp-json\/wp\/v2\/posts\/6124","targetHints":{"allow":["GET"]}}],"collection":[{"href":"https:\/\/conadi.gob.gt\/web\/wp-json\/wp\/v2\/posts"}],"about":[{"href":"https:\/\/conadi.gob.gt\/web\/wp-json\/wp\/v2\/types\/post"}],"author":[{"embeddable":true,"href":"https:\/\/conadi.gob.gt\/web\/wp-json\/wp\/v2\/users\/12"}],"replies":[{"embeddable":true,"href":"https:\/\/conadi.gob.gt\/web\/wp-json\/wp\/v2\/comments?post=6124"}],"version-history":[{"count":2,"href":"https:\/\/conadi.gob.gt\/web\/wp-json\/wp\/v2\/posts\/6124\/revisions"}],"predecessor-version":[{"id":6127,"href":"https:\/\/conadi.gob.gt\/web\/wp-json\/wp\/v2\/posts\/6124\/revisions\/6127"}],"wp:featuredmedia":[{"embeddable":true,"href":"https:\/\/conadi.gob.gt\/web\/wp-json\/wp\/v2\/media\/6126"}],"wp:attachment":[{"href":"https:\/\/conadi.gob.gt\/web\/wp-json\/wp\/v2\/media?parent=6124"}],"wp:term":[{"taxonomy":"category","embeddable":true,"href":"https:\/\/conadi.gob.gt\/web\/wp-json\/wp\/v2\/categories?post=6124"},{"taxonomy":"post_tag","embeddable":true,"href":"https:\/\/conadi.gob.gt\/web\/wp-json\/wp\/v2\/tags?post=6124"}],"curies":[{"name":"wp","href":"https:\/\/api.w.org\/{rel}","templated":true}]}}