{"id":6167,"date":"2019-07-08T22:01:52","date_gmt":"2019-07-08T22:01:52","guid":{"rendered":"http:\/\/conadi.gob.gt\/web\/?p=6167"},"modified":"2019-07-17T18:09:20","modified_gmt":"2019-07-17T18:09:20","slug":"foro-presidencial-sobre-tematica-de-discapacidad","status":"publish","type":"post","link":"https:\/\/conadi.gob.gt\/web\/foro-presidencial-sobre-tematica-de-discapacidad\/","title":{"rendered":"FORO PRESIDENCIAL SOBRE TEM\u00c1TICA DE DISCAPACIDAD"},"content":{"rendered":"<p>Con el objetivo de conocer la forma de c\u00f3mo ser\u00e1n incluidas las demandas de las personas con discapacidad en las pol\u00edticas de gobierno, el CONADI promueve el foro presidencial 2019 sobre discapacidad. Evento a llevarse a cabo con participaci\u00f3n de l\u00edderes del movimiento nacional de este colectivo, instancias de derechos humanos y los candidatos que participar\u00e1n en la segunda vuelta electoral.<\/p>\n<p>El CONADI, en su calidad de ente coordinador, asesor e impulsor de pol\u00edticas p\u00fablicas en materia de discapacidad, con el apoyo de la Fundaci\u00f3n Internacional de Sistemas Electorales -IFES- , ha promovido en las \u00faltimas 2 d\u00e9cadas, la inclusi\u00f3n de este tema en las pol\u00edticas y programas de gobierno. Por lo que ha considerado la incorporaci\u00f3n del tema desde la agenda de los partidos pol\u00edticos como primera instancia.<\/p>\n<p>Se ha girado la convocatoria a la licenciada Sandra Julieta Torres Casanova de la Unidad Nacional de la Esperanza -UNE- y el doctor Alejandro Eduardo Giammattei del partido Vamos. En primera instancia, se espera que participen en un evento donde se contar\u00e1 con la presencia de 200 l\u00edderes de organizaciones de personas con discapacidad de la sociedad civil, as\u00ed como de 21 comisiones departamentales de discapacidad y 55 oficinas municipales que promueven los derechos del sector.<\/p>\n<p>En la primera vuelta sostuvo di\u00e1logos con ambos binomios presidenciales, quienes coincidieron que la discapacidad es un tema prioritario de pa\u00eds y por lo mismo, debe ser abordado desde la institucionalidad p\u00fablica en general. El foro ha sido convocado para el 8 de agosto, de 10 a 12 horas y ser\u00e1 difundido a nivel nacional. En la actividad los presidenciables abordar\u00e1n temas con enfoque de discapacidad respecto al avance legislativo, participaci\u00f3n ciudadana, justicia y seguridad, rehabilitaci\u00f3n, salud y toma de conciencia, y ser\u00e1 transmitido a nivel nacional por la Federaci\u00f3n Guatemalteca de Escuelas Radiof\u00f3nicas -FGER-.<\/p>\n<p><span style=\"font-size: 14pt;\"><strong>Antecedente<\/strong><\/span><br \/>\nEste foro constituye el segundo en la materia ya que en el 2015 se organiz\u00f3 el primero con los candidatos a la vicepresidencia doctor Jafet Cabrea y Mario Leal Castillo, ambos firmaron una carta de compromiso acto que se espera que se realice en esta segunda oportunidad.<\/p>\n","protected":false},"excerpt":{"rendered":"<p>Con el objetivo de conocer la forma de c\u00f3mo ser\u00e1n incluidas las demandas de las personas con discapacidad en las pol\u00edticas de gobierno, el CONADI promueve el foro presidencial 2019 sobre discapacidad. Evento a llevarse a cabo con participaci\u00f3n de l\u00edderes del movimiento nacional de este colectivo, instancias de derechos humanos y los candidatos que &hellip; <\/p>\n<p class=\"link-more\"><a href=\"https:\/\/conadi.gob.gt\/web\/foro-presidencial-sobre-tematica-de-discapacidad\/\" class=\"more-link\">Leer m\u00e1s<span class=\"screen-reader-text\"> \u00abFORO PRESIDENCIAL SOBRE TEM\u00c1TICA DE DISCAPACIDAD\u00bb<\/span><\/a><\/p>\n","protected":false},"author":12,"featured_media":6168,"comment_status":"open","ping_status":"closed","sticky":false,"template":"","format":"standard","meta":{"footnotes":""},"categories":[3],"tags":[],"class_list":["post-6167","post","type-post","status-publish","format-standard","has-post-thumbnail","hentry","category-noticias"],"_links":{"self":[{"href":"https:\/\/conadi.gob.gt\/web\/wp-json\/wp\/v2\/posts\/6167","targetHints":{"allow":["GET"]}}],"collection":[{"href":"https:\/\/conadi.gob.gt\/web\/wp-json\/wp\/v2\/posts"}],"about":[{"href":"https:\/\/conadi.gob.gt\/web\/wp-json\/wp\/v2\/types\/post"}],"author":[{"embeddable":true,"href":"https:\/\/conadi.gob.gt\/web\/wp-json\/wp\/v2\/users\/12"}],"replies":[{"embeddable":true,"href":"https:\/\/conadi.gob.gt\/web\/wp-json\/wp\/v2\/comments?post=6167"}],"version-history":[{"count":4,"href":"https:\/\/conadi.gob.gt\/web\/wp-json\/wp\/v2\/posts\/6167\/revisions"}],"predecessor-version":[{"id":6196,"href":"https:\/\/conadi.gob.gt\/web\/wp-json\/wp\/v2\/posts\/6167\/revisions\/6196"}],"wp:featuredmedia":[{"embeddable":true,"href":"https:\/\/conadi.gob.gt\/web\/wp-json\/wp\/v2\/media\/6168"}],"wp:attachment":[{"href":"https:\/\/conadi.gob.gt\/web\/wp-json\/wp\/v2\/media?parent=6167"}],"wp:term":[{"taxonomy":"category","embeddable":true,"href":"https:\/\/conadi.gob.gt\/web\/wp-json\/wp\/v2\/categories?post=6167"},{"taxonomy":"post_tag","embeddable":true,"href":"https:\/\/conadi.gob.gt\/web\/wp-json\/wp\/v2\/tags?post=6167"}],"curies":[{"name":"wp","href":"https:\/\/api.w.org\/{rel}","templated":true}]}}