{"id":6206,"date":"2019-07-24T23:10:40","date_gmt":"2019-07-24T23:10:40","guid":{"rendered":"http:\/\/conadi.gob.gt\/web\/?p=6206"},"modified":"2019-07-30T13:48:14","modified_gmt":"2019-07-30T13:48:14","slug":"confirman-participacion-de-binomio-presidencial-en-foro-sobre-discapacidad","status":"publish","type":"post","link":"https:\/\/conadi.gob.gt\/web\/confirman-participacion-de-binomio-presidencial-en-foro-sobre-discapacidad\/","title":{"rendered":"Confirman participaci\u00f3n de binomios presidenciales en foro sobre discapacidad"},"content":{"rendered":"<p>El Consejo Nacional para la Atenci\u00f3n de las Personas con Discapacidad \u2013CONADI-\u00a0 convoca a medios de comunicaci\u00f3n social, \u00a0para anunciar la confirmaci\u00f3n de participaci\u00f3n \u00a0de los binomios\u00a0 presidenciales en contienda electoral, Unidad Nacional de la Esperanza -UNE- y el partido Vamos. \u00a0Se contar\u00e1 con la presencia de 200 l\u00edderes de organizaciones de personas con discapacidad de la sociedad civil de todo el pa\u00eds, 21 comisiones departamentales de discapacidad y 55 oficinas municipales que promueven los derechos del sector.<\/p>\n<p>El evento est\u00e1 programado para el 8 de agosto de 10 a 12 horas en el hotel Conquistador, en el Sal\u00f3n Gran Gobernador, zona 4 de la ciudad capital.<\/p>\n<p>Los presidenciables abordar\u00e1n temas sobre discapacidad respecto a los\u00a0 avances legislativos, participaci\u00f3n ciudadana, justicia y seguridad, rehabilitaci\u00f3n, salud y toma de conciencia. As\u00ed mismo, se espera que informen sobre la manera de c\u00f3mo han incluido las necesidades y demandas de la poblaci\u00f3n con discapacidad en su plan de gobierno.<\/p>\n<p>El foro ser\u00e1\u00a0 transmitido a nivel nacional por la Federaci\u00f3n Guatemalteca de Escuelas Radiof\u00f3nicas -FGER-. Un sistema radial que se ha aliado con el CONADI en los \u00faltimos a\u00f1os, para difundir los derechos del colectivo.<\/p>\n<p>El CONADI en su calidad de ente coordinador, asesor e impulsor de pol\u00edticas p\u00fablicas en materia de discapacidad, con el apoyo de la Fundaci\u00f3n Internacional para Sistemas Electorales -IFES- , ha promovido en las \u00faltimas 2 d\u00e9cadas, la inclusi\u00f3n de este tema en las pol\u00edticas y programas de gobierno. Por lo que ha considerado la incorporaci\u00f3n del tema desde la agenda de los partidos pol\u00edticos como primera instancia. Un esfuerzo al que se ha unido el Instituto Nacional para la Democracia \u2013NDI- y CISP Italia.<\/p>\n<p><strong>Antecedente<\/strong><\/p>\n<p>En la primera vuelta del proceso electoral 2019, el CONADI sostuvo di\u00e1logos con ambos binomios presidenciales, quienes coincidieron que la discapacidad es un tema prioritario de pa\u00eds y por lo mismo, debe ser abordado desde la institucionalidad p\u00fablica en general. As\u00ed mismo, se trabaj\u00f3 con las organizaciones de la sociedad civil, en la\u00a0 formulaci\u00f3n de una agenda m\u00ednima sobre discapacidad, tanto para el gobierno central como para los gobiernos municipales.<\/p>\n<p>Este foro constituye el segundo en la materia ya que en el 2015 se organiz\u00f3 el primero con los candidatos a la vicepresidencia doctor Jafeth Cabrera y Mario Leal Castillo, ambos firmaron una carta de compromiso, acto que se espera realizar en esta oportunidad con el\u00a0 Doctor Alejandro Giammattei del\u00a0 Partido Vamos y el Licenciado Carlos Ra\u00fal Morales, de la Unidad Nacional de la Esperanza.<\/p>\n<p>&nbsp;<\/p>\n<p>&nbsp;<\/p>\n<figure id=\"attachment_6207\" aria-describedby=\"caption-attachment-6207\" style=\"width: 300px\" class=\"wp-caption aligncenter\"><a href=\"https:\/\/conadi.gob.gt\/web\/wp-content\/uploads\/2019\/07\/collage-foro.jpg\"><img loading=\"lazy\" decoding=\"async\" id=\"longdesc-return-6207\" class=\"size-medium wp-image-6207\" tabindex=\"-1\" src=\"https:\/\/conadi.gob.gt\/web\/wp-content\/uploads\/2019\/07\/collage-foro-300x300.jpg\" alt=\"Confirmaci\u00f3n de foro presidenciable sobre discapacidad\" width=\"300\" height=\"300\" longdesc=\"https:\/\/conadi.gob.gt\/web?longdesc=6207&amp;referrer=6206\" srcset=\"https:\/\/conadi.gob.gt\/web\/wp-content\/uploads\/2019\/07\/collage-foro-300x300.jpg 300w, https:\/\/conadi.gob.gt\/web\/wp-content\/uploads\/2019\/07\/collage-foro-150x150.jpg 150w, https:\/\/conadi.gob.gt\/web\/wp-content\/uploads\/2019\/07\/collage-foro.jpg 407w\" sizes=\"auto, (max-width: 300px) 100vw, 300px\" \/><\/a><figcaption id=\"caption-attachment-6207\" class=\"wp-caption-text\">Confirmaci\u00f3n de foro presidencial sobre discapacidad<\/figcaption><\/figure>\n","protected":false},"excerpt":{"rendered":"<p>El Consejo Nacional para la Atenci\u00f3n de las Personas con Discapacidad \u2013CONADI-\u00a0 convoca a medios de comunicaci\u00f3n social, \u00a0para anunciar la confirmaci\u00f3n de participaci\u00f3n \u00a0de los binomios\u00a0 presidenciales en contienda electoral, Unidad Nacional de la Esperanza -UNE- y el partido Vamos. \u00a0Se contar\u00e1 con la presencia de 200 l\u00edderes de organizaciones de personas con discapacidad &hellip; <\/p>\n<p class=\"link-more\"><a href=\"https:\/\/conadi.gob.gt\/web\/confirman-participacion-de-binomio-presidencial-en-foro-sobre-discapacidad\/\" class=\"more-link\">Leer m\u00e1s<span class=\"screen-reader-text\"> \u00abConfirman participaci\u00f3n de binomios presidenciales en foro sobre discapacidad\u00bb<\/span><\/a><\/p>\n","protected":false},"author":12,"featured_media":6207,"comment_status":"open","ping_status":"closed","sticky":false,"template":"","format":"standard","meta":{"footnotes":""},"categories":[3],"tags":[],"class_list":["post-6206","post","type-post","status-publish","format-standard","has-post-thumbnail","hentry","category-noticias"],"_links":{"self":[{"href":"https:\/\/conadi.gob.gt\/web\/wp-json\/wp\/v2\/posts\/6206","targetHints":{"allow":["GET"]}}],"collection":[{"href":"https:\/\/conadi.gob.gt\/web\/wp-json\/wp\/v2\/posts"}],"about":[{"href":"https:\/\/conadi.gob.gt\/web\/wp-json\/wp\/v2\/types\/post"}],"author":[{"embeddable":true,"href":"https:\/\/conadi.gob.gt\/web\/wp-json\/wp\/v2\/users\/12"}],"replies":[{"embeddable":true,"href":"https:\/\/conadi.gob.gt\/web\/wp-json\/wp\/v2\/comments?post=6206"}],"version-history":[{"count":2,"href":"https:\/\/conadi.gob.gt\/web\/wp-json\/wp\/v2\/posts\/6206\/revisions"}],"predecessor-version":[{"id":6209,"href":"https:\/\/conadi.gob.gt\/web\/wp-json\/wp\/v2\/posts\/6206\/revisions\/6209"}],"wp:featuredmedia":[{"embeddable":true,"href":"https:\/\/conadi.gob.gt\/web\/wp-json\/wp\/v2\/media\/6207"}],"wp:attachment":[{"href":"https:\/\/conadi.gob.gt\/web\/wp-json\/wp\/v2\/media?parent=6206"}],"wp:term":[{"taxonomy":"category","embeddable":true,"href":"https:\/\/conadi.gob.gt\/web\/wp-json\/wp\/v2\/categories?post=6206"},{"taxonomy":"post_tag","embeddable":true,"href":"https:\/\/conadi.gob.gt\/web\/wp-json\/wp\/v2\/tags?post=6206"}],"curies":[{"name":"wp","href":"https:\/\/api.w.org\/{rel}","templated":true}]}}