{"id":6225,"date":"2019-08-08T22:53:30","date_gmt":"2019-08-08T22:53:30","guid":{"rendered":"http:\/\/conadi.gob.gt\/web\/?p=6225"},"modified":"2019-08-08T22:53:38","modified_gmt":"2019-08-08T22:53:38","slug":"conadi-realiza-foro-presidencible","status":"publish","type":"post","link":"https:\/\/conadi.gob.gt\/web\/conadi-realiza-foro-presidencible\/","title":{"rendered":"CONADI  REALIZA FORO PRESIDENCIBLE"},"content":{"rendered":"<p>El Consejo Nacional para la Atenci\u00f3n de Personas con Discapacidad \u2013CONADI-, en su calidad de ente coordinador, asesor e impulsor de pol\u00edticas p\u00fablicas en materia de discapacidad, promovi\u00f3 el \u201cForo Presidencial: La inclusi\u00f3n de la tem\u00e1tica de discapacidad en el plan de gobierno 2020 \u2013 2024\u201d, donde se cont\u00f3 con la participaci\u00f3n del candidato a la presidencia Alejandro Giammattei por el partido de VAMOS y el candidato a la vicepresidencia Carlos Ra\u00fal Morales del partido UNE.<\/p>\n<p>Los presidenciables abordar\u00e1n temas sobre discapacidad respecto a los\u00a0 avances legislativos, participaci\u00f3n ciudadana, justicia y seguridad, rehabilitaci\u00f3n, salud y toma de conciencia. As\u00ed mismo, se espera que informen sobre la manera de c\u00f3mo han incluido las necesidades y demandas de la poblaci\u00f3n con discapacidad en su plan de gobierno.<\/p>\n<p>Walter Cuc representante de la Federaci\u00f3n Guatemalteca de Escuelas Radiof\u00f3nicas FGER indic\u00f3 que el foro es un espacio fundamental para dialogar y proponer temas de desarrollo para el pa\u00eds, como lo es la discapacidad, \u201cno se puede hablar de democracia si no generamos las mismas condiciones para una participaci\u00f3n plena\u201d, indic\u00f3.<\/p>\n<p>Tambi\u00e9n Sonia Aldana representante de RENADISGUA en su mensaje resalt\u00f3 la importancia de trabajar en conjunto para mejorar las condiciones de vida de las personas con discapacidad y ser parte de la agenda pol\u00edtica.<\/p>\n<p>Por su parte, Arleni Soto, secretaria de Junta Directiva del CONADI manifiest\u00f3 que 1 mill\u00f3n 600 mil guatemaltecos en condici\u00f3n de discapacidad no cuentan con servicios de apoyo por lo cual se han impulsado un trabajo con los partidos pol\u00edticos para orientar y abordar los derechos de este sector, ya que el tema debe sumarse a los proyectos de los partidos pol\u00edticos, programas y del\u00a0 Estado.<\/p>\n<p>Rosa Idalia Aldana, presidenta del CONADIA indic\u00f3 que seg\u00fan al informe sobre la evaluaci\u00f3n del gasto destinado a la defensa de los derechos de la poblaci\u00f3n con discapacidad, se revel\u00f3 que en Guatemala solo se invierte el 0.68% del presupuesto General de la Naci\u00f3n, una cifra que ronda los Q151 millones 921 mil, lo cual resulta insuficiente para atender las necesidades de alrededor de 1 mill\u00f3n 600 mil guatemaltecos en condici\u00f3n de discapacidad. Asimismo, manifest\u00f3 qu\u00e9\u00a0 acciones se han realizado como parte de la responsabilidad que tienen los miembros de la Junta Directiva del CONADI, el cual constituye un compromiso real para la formulaci\u00f3n e implementaci\u00f3n de pol\u00edticas p\u00fablicas integrales, que deben ir en l\u00ednea a las recomendaciones que realiz\u00f3 el Comit\u00e9 de Expertos de Naciones Unidas, respecto al cumplimiento de la Convenci\u00f3n Sobre los Derechos de las Personas con Discapacidad; instrumento que busca las mismas oportunidades, en igualdad de condiciones para el colectivo\u00a0 y de esta manera alcanzar una inclusi\u00f3n social a nivel nacional.<\/p>\n<p>En este evento participaron m\u00e1s de 250 personas representantes de organizaciones de personas con discapacidad de la sociedad civil de todo el pa\u00eds, comisiones departamentales de discapacidad y\u00a0 oficinas municipales que promueven los derechos del sector. Por otra parte se cont\u00f3 con la participaci\u00f3n de testigos de honor como Alessandra \u00a0Rossi, Directora Residente de IFES-Guatemala, Julio Donis, coordinador de proyectos del Instituto Nacional Dem\u00f3crata \u2013NDI y Miriam Chavajay, asesora de la representaci\u00f3n de la Oficina del Alto Comisionado de las Naciones Unidas para los Derechos Humanos.<\/p>\n<p><a href=\"https:\/\/conadi.gob.gt\/web\/wp-content\/uploads\/2019\/08\/foro.jpg\"><img loading=\"lazy\" decoding=\"async\" class=\"alignnone size-medium wp-image-6226\" src=\"https:\/\/conadi.gob.gt\/web\/wp-content\/uploads\/2019\/08\/foro-300x300.jpg\" alt=\"\" width=\"300\" height=\"300\" srcset=\"https:\/\/conadi.gob.gt\/web\/wp-content\/uploads\/2019\/08\/foro-300x300.jpg 300w, https:\/\/conadi.gob.gt\/web\/wp-content\/uploads\/2019\/08\/foro-150x150.jpg 150w, https:\/\/conadi.gob.gt\/web\/wp-content\/uploads\/2019\/08\/foro-768x768.jpg 768w, https:\/\/conadi.gob.gt\/web\/wp-content\/uploads\/2019\/08\/foro-1024x1024.jpg 1024w, https:\/\/conadi.gob.gt\/web\/wp-content\/uploads\/2019\/08\/foro.jpg 1207w\" sizes=\"auto, (max-width: 300px) 100vw, 300px\" \/><\/a><\/p>\n","protected":false},"excerpt":{"rendered":"<p>El Consejo Nacional para la Atenci\u00f3n de Personas con Discapacidad \u2013CONADI-, en su calidad de ente coordinador, asesor e impulsor de pol\u00edticas p\u00fablicas en materia de discapacidad, promovi\u00f3 el \u201cForo Presidencial: La inclusi\u00f3n de la tem\u00e1tica de discapacidad en el plan de gobierno 2020 \u2013 2024\u201d, donde se cont\u00f3 con la participaci\u00f3n del candidato a &hellip; <\/p>\n<p class=\"link-more\"><a href=\"https:\/\/conadi.gob.gt\/web\/conadi-realiza-foro-presidencible\/\" class=\"more-link\">Leer m\u00e1s<span class=\"screen-reader-text\"> \u00abCONADI  REALIZA FORO PRESIDENCIBLE\u00bb<\/span><\/a><\/p>\n","protected":false},"author":12,"featured_media":6226,"comment_status":"open","ping_status":"closed","sticky":false,"template":"","format":"standard","meta":{"footnotes":""},"categories":[1],"tags":[],"class_list":["post-6225","post","type-post","status-publish","format-standard","has-post-thumbnail","hentry","category-sin-categoria"],"_links":{"self":[{"href":"https:\/\/conadi.gob.gt\/web\/wp-json\/wp\/v2\/posts\/6225","targetHints":{"allow":["GET"]}}],"collection":[{"href":"https:\/\/conadi.gob.gt\/web\/wp-json\/wp\/v2\/posts"}],"about":[{"href":"https:\/\/conadi.gob.gt\/web\/wp-json\/wp\/v2\/types\/post"}],"author":[{"embeddable":true,"href":"https:\/\/conadi.gob.gt\/web\/wp-json\/wp\/v2\/users\/12"}],"replies":[{"embeddable":true,"href":"https:\/\/conadi.gob.gt\/web\/wp-json\/wp\/v2\/comments?post=6225"}],"version-history":[{"count":1,"href":"https:\/\/conadi.gob.gt\/web\/wp-json\/wp\/v2\/posts\/6225\/revisions"}],"predecessor-version":[{"id":6227,"href":"https:\/\/conadi.gob.gt\/web\/wp-json\/wp\/v2\/posts\/6225\/revisions\/6227"}],"wp:featuredmedia":[{"embeddable":true,"href":"https:\/\/conadi.gob.gt\/web\/wp-json\/wp\/v2\/media\/6226"}],"wp:attachment":[{"href":"https:\/\/conadi.gob.gt\/web\/wp-json\/wp\/v2\/media?parent=6225"}],"wp:term":[{"taxonomy":"category","embeddable":true,"href":"https:\/\/conadi.gob.gt\/web\/wp-json\/wp\/v2\/categories?post=6225"},{"taxonomy":"post_tag","embeddable":true,"href":"https:\/\/conadi.gob.gt\/web\/wp-json\/wp\/v2\/tags?post=6225"}],"curies":[{"name":"wp","href":"https:\/\/api.w.org\/{rel}","templated":true}]}}