{"id":6252,"date":"2019-08-26T17:22:19","date_gmt":"2019-08-26T17:22:19","guid":{"rendered":"http:\/\/conadi.gob.gt\/web\/?p=6252"},"modified":"2019-08-26T17:48:16","modified_gmt":"2019-08-26T17:48:16","slug":"se-realiza-con-exito-v-conferencia-de-turismo-accesible-en-guatemala","status":"publish","type":"post","link":"https:\/\/conadi.gob.gt\/web\/se-realiza-con-exito-v-conferencia-de-turismo-accesible-en-guatemala\/","title":{"rendered":"Se realiza con \u00e9xito V Conferencia de Turismo Accesible en Guatemala"},"content":{"rendered":"<p>Guatemala fue sede de la 5ta. Conferencia Sobre Turismo Accesible, Am\u00e9rica Latina y el Caribe, que se llev\u00f3 a cabo del 20 al 22 de agosto del 2019 en Panajachel, Solol\u00e1. La actividad fue organizada por el Consejo Nacional para la Atenci\u00f3n de las Personas con Discapacidad -CONADI- y el Instituto Guatemalteco de Turismo -INGUAT-, con el apoyo del Viceministerio de la Recreaci\u00f3n del Ministerio de Cultura y Deportes -MICUDE- y el Comit\u00e9 Internacional para el Desarrollo de los Pueblos -CISP-. En la inauguraci\u00f3n particip\u00f3 la primera dama de la naci\u00f3n, se\u00f1ora Patricia Marroquin De Morales; el gobernador, Alejandro Salazar; el alcalde de Panajachel, Ennio Urizar; la presidenta del CONADI, Rosa Idalia Aldana; por el Inguat, Erika Guillermo y en representaci\u00f3n de CISP, Melvin Teni.<\/p>\n<p>En la conferencia inaugural la Fundaci\u00f3n ONCE imparti\u00f3 el tema, \u00abAccesibilidad, Formaci\u00f3n y la Inclusi\u00f3n Laboral de las Personas con Discapacidad\u00bb a cargo de M\u00e9rce Luz Arqu\u00e9. Seguidamente, el ballet folkl\u00f3rico de la Academia de Aviaci\u00f3n y Turismo present\u00f3 la danza del Venado y la danza del Diablo.<\/p>\n<p>El segundo d\u00eda de la 5ta. Conferencia de Turismo Accesible, inici\u00f3 con la conferencia \u00abContextualizaci\u00f3n Regional de Turismo Accesible\u00bb a cargo del doctor Magino Corpor\u00e1n, director del Consejo Nacional de Personas con Discapacidad de Rep\u00fablica Dominicana -CONADIS-.<\/p>\n<p>Corpor\u00e1n hizo referencia a los pa\u00edses que han albergado este evento regional, mismo que inici\u00f3 en Rep\u00fablica Dominicana, donde se resalt\u00f3 las ventajas competitivas respecto a la creaci\u00f3n de espacios accesibles y los beneficios econ\u00f3micos que representa el Turismo Accesible. Luego fue realizado por Ecuador donde se enfatiz\u00f3 la \u00abPromoci\u00f3n y la Investigaci\u00f3n en el tema\u00bb.\u00a0Panam\u00e1 fue la sede en el 2017, donde se hizo \u00e9nfasis en la cadena de accesibilidad, desde la selecci\u00f3n del destino hasta la experiencia final. En\u00a0 M\u00e9xico se consider\u00f3 la importancia de la regi\u00f3n como \u00abMerado Emisor y Receptor de Turismo Accesible\u00bb y en el 2019 por Guatemala realiz\u00f3 el evento con un enfoque de inclusi\u00f3n laboral, es decir promover en la industria tur\u00edstica, la contrataci\u00f3n de personas con discapacidad como gu\u00edas de turistas, atenci\u00f3n al cliente y venta de artesan\u00edas elaboradas por organizaciones que trabajan en beneficio del sector.<\/p>\n<p>La Red Iberoamericana Accesibilidad Universal AUN, se refiri\u00f3 sobre Itinerarios Accesibles y Accesibilidad y Seguridad para Todos, impartido por Cecilia Ferre\u00f1o. En la primera actividad se abord\u00f3 la importancia sobre la accesibilidad desde la visita a la p\u00e1gina web de los destinos accesibles hasta su estad\u00eda en el lugar elegido. En la segunda conferencia se abord\u00f3 sobre mecanismo de gesti\u00f3n de riesgos, en donde integrantes de la\u00a0Red Latinoamericana de Organizaciones No Gubernamentales de Personas con Discapacidad y sus Familias -RIADIS- tuvieron amplia participaci\u00f3n, por ser conocedores del tema.<\/p>\n<p>Una de las din\u00e1micas llevadas a cabo fue la realizaci\u00f3n de manera paralela de cuatro paneles con participaci\u00f3n de expertos internacionales, abordando los siguientes temas: El Turismo Accesible Herramientas de Inclusi\u00f3n al campo de la Productividad; Casos de \u00e9xito en Am\u00e9rica Latina; Integraci\u00f3n Regional; Distintas formas de Turismo.<\/p>\n<p>Al cierre del segundo d\u00eda, se present\u00f3 la marimba de la Municipalidad de Panajachel y el ballet Folkl\u00f3rico del Instituto Urrut\u00eda.<\/p>\n<p>El \u00faltimo d\u00eda de la actividad se visitaron de manera simultanea cuatro poblados:\u00a0 Panajachel, Santa Catarina Palop\u00f3, San Antonio Palop\u00f3 y San Juan la Laguna, los cuales\u00a0han iniciado a implementar mecanismos de accesibilidad f\u00edsica como encaminamientos podot\u00e1ctiles, rampas, rotulaci\u00f3n, atenci\u00f3n a personas con discapacidad. Para tal recorrido, la Municipalidad de Panajachel proporcion\u00f3 3 barcos que cruzaron el Lago de Atitl\u00e1n.<\/p>\n<p>La 5ta. Conferencia de Turismo Accesible cerr\u00f3 con la presentaci\u00f3n art\u00edstica de la Fundaci\u00f3n Artes Muy Especiales, escenificaci\u00f3n donde bailarines usuarios de silla de ruedas y sin discapacidad interpretaron un Fragmento del Libro Sagrado \u00abPopol Vuh\u00bb.<\/p>\n<p>Para el 2020, Rep\u00fablica Dominicana, ser\u00e1 la sede de la 6ta. Conferencia y M\u00e9xico ser\u00e1 el anfitri\u00f3n para referido evento regional en el 2021.<\/p>\n<p>&nbsp;<\/p>\n<p>&nbsp;<\/p>\n<figure id=\"attachment_6253\" aria-describedby=\"caption-attachment-6253\" style=\"width: 1024px\" class=\"wp-caption aligncenter\"><a href=\"https:\/\/conadi.gob.gt\/web\/wp-content\/uploads\/2019\/08\/collage-turismo.jpg\"><img loading=\"lazy\" decoding=\"async\" id=\"longdesc-return-6253\" class=\"size-large wp-image-6253\" tabindex=\"-1\" src=\"https:\/\/conadi.gob.gt\/web\/wp-content\/uploads\/2019\/08\/collage-turismo-1024x684.jpg\" alt=\"%ta Conferencia de Turismo Accesible, Panajachel Guatemala\" width=\"1024\" height=\"684\" longdesc=\"https:\/\/conadi.gob.gt\/web?longdesc=6253&amp;referrer=6252\" srcset=\"https:\/\/conadi.gob.gt\/web\/wp-content\/uploads\/2019\/08\/collage-turismo-1024x684.jpg 1024w, https:\/\/conadi.gob.gt\/web\/wp-content\/uploads\/2019\/08\/collage-turismo-300x201.jpg 300w, https:\/\/conadi.gob.gt\/web\/wp-content\/uploads\/2019\/08\/collage-turismo-768x513.jpg 768w, https:\/\/conadi.gob.gt\/web\/wp-content\/uploads\/2019\/08\/collage-turismo-90x60.jpg 90w, https:\/\/conadi.gob.gt\/web\/wp-content\/uploads\/2019\/08\/collage-turismo-180x120.jpg 180w, https:\/\/conadi.gob.gt\/web\/wp-content\/uploads\/2019\/08\/collage-turismo-95x64.jpg 95w, https:\/\/conadi.gob.gt\/web\/wp-content\/uploads\/2019\/08\/collage-turismo-2000x1337.jpg 2000w\" sizes=\"auto, (max-width: 1024px) 100vw, 1024px\" \/><\/a><figcaption id=\"caption-attachment-6253\" class=\"wp-caption-text\">5ta. Conferencia de Turismo Accesible, Panajachel, Guatemala 2019<\/figcaption><\/figure>\n<p>&nbsp;<\/p>\n<p>&nbsp;<\/p>\n","protected":false},"excerpt":{"rendered":"<p>Guatemala fue sede de la 5ta. Conferencia Sobre Turismo Accesible, Am\u00e9rica Latina y el Caribe, que se llev\u00f3 a cabo del 20 al 22 de agosto del 2019 en Panajachel, Solol\u00e1. La actividad fue organizada por el Consejo Nacional para la Atenci\u00f3n de las Personas con Discapacidad -CONADI- y el Instituto Guatemalteco de Turismo -INGUAT-, &hellip; <\/p>\n<p class=\"link-more\"><a href=\"https:\/\/conadi.gob.gt\/web\/se-realiza-con-exito-v-conferencia-de-turismo-accesible-en-guatemala\/\" class=\"more-link\">Leer m\u00e1s<span class=\"screen-reader-text\"> \u00abSe realiza con \u00e9xito V Conferencia de Turismo Accesible en Guatemala\u00bb<\/span><\/a><\/p>\n","protected":false},"author":12,"featured_media":6253,"comment_status":"open","ping_status":"closed","sticky":false,"template":"","format":"standard","meta":{"footnotes":""},"categories":[3],"tags":[],"class_list":["post-6252","post","type-post","status-publish","format-standard","has-post-thumbnail","hentry","category-noticias"],"_links":{"self":[{"href":"https:\/\/conadi.gob.gt\/web\/wp-json\/wp\/v2\/posts\/6252","targetHints":{"allow":["GET"]}}],"collection":[{"href":"https:\/\/conadi.gob.gt\/web\/wp-json\/wp\/v2\/posts"}],"about":[{"href":"https:\/\/conadi.gob.gt\/web\/wp-json\/wp\/v2\/types\/post"}],"author":[{"embeddable":true,"href":"https:\/\/conadi.gob.gt\/web\/wp-json\/wp\/v2\/users\/12"}],"replies":[{"embeddable":true,"href":"https:\/\/conadi.gob.gt\/web\/wp-json\/wp\/v2\/comments?post=6252"}],"version-history":[{"count":3,"href":"https:\/\/conadi.gob.gt\/web\/wp-json\/wp\/v2\/posts\/6252\/revisions"}],"predecessor-version":[{"id":6256,"href":"https:\/\/conadi.gob.gt\/web\/wp-json\/wp\/v2\/posts\/6252\/revisions\/6256"}],"wp:featuredmedia":[{"embeddable":true,"href":"https:\/\/conadi.gob.gt\/web\/wp-json\/wp\/v2\/media\/6253"}],"wp:attachment":[{"href":"https:\/\/conadi.gob.gt\/web\/wp-json\/wp\/v2\/media?parent=6252"}],"wp:term":[{"taxonomy":"category","embeddable":true,"href":"https:\/\/conadi.gob.gt\/web\/wp-json\/wp\/v2\/categories?post=6252"},{"taxonomy":"post_tag","embeddable":true,"href":"https:\/\/conadi.gob.gt\/web\/wp-json\/wp\/v2\/tags?post=6252"}],"curies":[{"name":"wp","href":"https:\/\/api.w.org\/{rel}","templated":true}]}}