{"id":6306,"date":"2019-09-25T22:54:05","date_gmt":"2019-09-25T22:54:05","guid":{"rendered":"http:\/\/conadi.gob.gt\/web\/?p=6306"},"modified":"2019-09-26T15:44:53","modified_gmt":"2019-09-26T15:44:53","slug":"la-lengua-de-senas-sea-reconocida-como-un-idioma-mas-de-guatemala","status":"publish","type":"post","link":"https:\/\/conadi.gob.gt\/web\/la-lengua-de-senas-sea-reconocida-como-un-idioma-mas-de-guatemala\/","title":{"rendered":"Comunidad de personas sordas busca que la lengua de se\u00f1as sea reconocida como un idioma m\u00e1s de Guatemala"},"content":{"rendered":"<p>Con la finalidad de declarar la Lengua de Se\u00f1as como un idioma m\u00e1s de Guatemala, en beneficio de no menos de 240 mil personas con esta condici\u00f3n, el Congreso de la Rep\u00fablica\u00a0 discute en la actualidad la iniciativa 5603, Ley de Lengua de Se\u00f1as de Guatemala \u2013LENSEGUA-.<\/p>\n<p>Este proyecto fue conocido en primer debate en el hemiciclo, en el marco de la semana de las personas sordas. \u00a0Esta iniciativa fue presentada por la diputada Eva Monte y promovida por el \u00a0sub sector de personas con discapacidad auditiva del Consejo Nacional para la Atenci\u00f3n de las Personas con Discapacidad \u2013CONADI-.<\/p>\n<p>Seg\u00fan la Organizaci\u00f3n Mundial de la Salud -OMS por lo menos el 1% de los habitantes del mundo presentan discapacidad auditiva. En Guatemala representa no menos de 240 mil personas.<\/p>\n<p>La principal dificultad que enfrentan las personas con esta condici\u00f3n, es en el campo de la comunicaci\u00f3n. Situaci\u00f3n que restringe la participaci\u00f3n de las personas con discapacidad auditiva, en igualdad de condiciones con los dem\u00e1s y con ello, el desarrollo integral. Las personas con discapacidad auditiva se comunican por medio de un sistema que no es del dominio de toda la sociedad. La lengua de se\u00f1as, comunicaci\u00f3n que se da por medio de signos a trav\u00e9s de las manos, gestos y movimientos corporales. Que al no estar regulado como corresponde, incide en la inclusi\u00f3n de las personas a la sociedad.<\/p>\n<p>La Lengua de Se\u00f1as empez\u00f3 a ser reconocida en el pa\u00eds a principios de los 80\u00b4s, al fundarse la Asociaci\u00f3n de Sordos de Guatemala -ASORGUA- a iniciativa de este colectivo. Antes de ello, se obligaba a las personas a establecer una comunicaci\u00f3n de forma oralizada, sistema que presentaba dificultades.<\/p>\n<p>La comunidad de personas sordas ha venido impulsando importantes esfuerzos para reivindicar su derecho a la comunicaci\u00f3n. Por lo que en el 2018, presentaron al Congreso de la rep\u00fablica una propuesta de ley para el reconocimiento de la Lengua de se\u00f1as, como una forma de comunicaci\u00f3n oficial, al igual que los dem\u00e1s idiomas que se hablan en el pa\u00eds.<\/p>\n<p>El entonces diputado Roberto Alejos C\u00e1mbara, asumi\u00f3 la responsabilidad de apoyar la iniciativa, logr\u00e1ndose el respaldo de una buena cantidad de legisladores. Pero por diferentes circunstancias, la propuesta no tuvo avances, porque quienes pretenden asumir la representaci\u00f3n de este colectivo, les interesa m\u00e1s el protagonismo que el alcance de un buen objetivo.<\/p>\n<p>Al no alcanzar avances este primer esfuerzo, el colectivo de personas sordas se encuentra en otra etapa. Se ha decidido trabajar en la propuesta 5603, la que es apoyada por el CONADI, entidad que potenciar\u00e1 en todo momento el protagonismo de los propios interesados.<\/p>\n<p>&nbsp;<\/p>\n<p>&nbsp;<\/p>\n<figure id=\"attachment_6307\" aria-describedby=\"caption-attachment-6307\" style=\"width: 407px\" class=\"wp-caption aligncenter\"><a href=\"https:\/\/conadi.gob.gt\/web\/wp-content\/uploads\/2019\/09\/collage-primera-lectura-lensegua.jpg\"><img loading=\"lazy\" decoding=\"async\" id=\"longdesc-return-6307\" class=\"size-full wp-image-6307\" tabindex=\"-1\" src=\"https:\/\/conadi.gob.gt\/web\/wp-content\/uploads\/2019\/09\/collage-primera-lectura-lensegua.jpg\" alt=\"LENSEGUA\" width=\"407\" height=\"407\" longdesc=\"https:\/\/conadi.gob.gt\/web?longdesc=6307&amp;referrer=6306\" srcset=\"https:\/\/conadi.gob.gt\/web\/wp-content\/uploads\/2019\/09\/collage-primera-lectura-lensegua.jpg 407w, https:\/\/conadi.gob.gt\/web\/wp-content\/uploads\/2019\/09\/collage-primera-lectura-lensegua-150x150.jpg 150w, https:\/\/conadi.gob.gt\/web\/wp-content\/uploads\/2019\/09\/collage-primera-lectura-lensegua-300x300.jpg 300w\" sizes=\"auto, (max-width: 407px) 100vw, 407px\" \/><\/a><figcaption id=\"caption-attachment-6307\" class=\"wp-caption-text\">Diputados conocieron en primer debate la iniciativa 5603 LENSEGUA<\/figcaption><\/figure>\n<p>&nbsp;<\/p>\n<p>&nbsp;<\/p>\n","protected":false},"excerpt":{"rendered":"<p>Con la finalidad de declarar la Lengua de Se\u00f1as como un idioma m\u00e1s de Guatemala, en beneficio de no menos de 240 mil personas con esta condici\u00f3n, el Congreso de la Rep\u00fablica\u00a0 discute en la actualidad la iniciativa 5603, Ley de Lengua de Se\u00f1as de Guatemala \u2013LENSEGUA-. Este proyecto fue conocido en primer debate en &hellip; <\/p>\n<p class=\"link-more\"><a href=\"https:\/\/conadi.gob.gt\/web\/la-lengua-de-senas-sea-reconocida-como-un-idioma-mas-de-guatemala\/\" class=\"more-link\">Leer m\u00e1s<span class=\"screen-reader-text\"> \u00abComunidad de personas sordas busca que la lengua de se\u00f1as sea reconocida como un idioma m\u00e1s de Guatemala\u00bb<\/span><\/a><\/p>\n","protected":false},"author":12,"featured_media":6307,"comment_status":"open","ping_status":"closed","sticky":false,"template":"","format":"standard","meta":{"footnotes":""},"categories":[3],"tags":[],"class_list":["post-6306","post","type-post","status-publish","format-standard","has-post-thumbnail","hentry","category-noticias"],"_links":{"self":[{"href":"https:\/\/conadi.gob.gt\/web\/wp-json\/wp\/v2\/posts\/6306","targetHints":{"allow":["GET"]}}],"collection":[{"href":"https:\/\/conadi.gob.gt\/web\/wp-json\/wp\/v2\/posts"}],"about":[{"href":"https:\/\/conadi.gob.gt\/web\/wp-json\/wp\/v2\/types\/post"}],"author":[{"embeddable":true,"href":"https:\/\/conadi.gob.gt\/web\/wp-json\/wp\/v2\/users\/12"}],"replies":[{"embeddable":true,"href":"https:\/\/conadi.gob.gt\/web\/wp-json\/wp\/v2\/comments?post=6306"}],"version-history":[{"count":5,"href":"https:\/\/conadi.gob.gt\/web\/wp-json\/wp\/v2\/posts\/6306\/revisions"}],"predecessor-version":[{"id":6312,"href":"https:\/\/conadi.gob.gt\/web\/wp-json\/wp\/v2\/posts\/6306\/revisions\/6312"}],"wp:featuredmedia":[{"embeddable":true,"href":"https:\/\/conadi.gob.gt\/web\/wp-json\/wp\/v2\/media\/6307"}],"wp:attachment":[{"href":"https:\/\/conadi.gob.gt\/web\/wp-json\/wp\/v2\/media?parent=6306"}],"wp:term":[{"taxonomy":"category","embeddable":true,"href":"https:\/\/conadi.gob.gt\/web\/wp-json\/wp\/v2\/categories?post=6306"},{"taxonomy":"post_tag","embeddable":true,"href":"https:\/\/conadi.gob.gt\/web\/wp-json\/wp\/v2\/tags?post=6306"}],"curies":[{"name":"wp","href":"https:\/\/api.w.org\/{rel}","templated":true}]}}