{"id":6488,"date":"2019-10-16T20:40:28","date_gmt":"2019-10-16T20:40:28","guid":{"rendered":"http:\/\/conadi.gob.gt\/web\/?p=6488"},"modified":"2019-10-16T21:05:03","modified_gmt":"2019-10-16T21:05:03","slug":"bases-para-postulacion-de-personas-a-homenajear-en-el-marco-del-3-de-diciembre-dia-internacional-de-las-personas-con-discapacidad-2019","status":"publish","type":"post","link":"https:\/\/conadi.gob.gt\/web\/bases-para-postulacion-de-personas-a-homenajear-en-el-marco-del-3-de-diciembre-dia-internacional-de-las-personas-con-discapacidad-2019\/","title":{"rendered":"Bases para Postulaci\u00f3n de Personas a Homenajear en el Marco del 3 de Diciembre, D\u00eda Internacional de las Personas con Discapacidad, 2019"},"content":{"rendered":"<p><strong>Bases para Postulaci\u00f3n de Personas a Homenajear en el Marco del 3 de Diciembre, D\u00eda Internacional de las Personas con Discapacidad,\u00a0<\/strong><strong>2019<\/strong><\/p>\n<p><strong>\u00a0<\/strong><strong>\u00a1UN MILL\u00d3N 600 MIL PERSONAS CON DISCAPACIDAD, TAMBI\u00c9N SOMOS PRIORIDAD DE PA\u00cdS!<\/strong><\/p>\n<p><strong>\u00a0<\/strong><strong>Responsable<\/strong>: Consejo Nacional para la Atenci\u00f3n de las Personas con Discapacidad<\/p>\n<p><strong>Coordinaci\u00f3n: <\/strong>Comisi\u00f3n t\u00e9cnica De Eventos Conmemorativos del 03 de diciembre<\/p>\n<p><strong>Lugar: <\/strong>Ciudad capital de Guatemala, El Consejo Nacional para la Atenci\u00f3n de las Personas con Discapacidad \u2013CONADI-, convoca a la postulaci\u00f3n de candidatos a homenajear en el marco del 03 de diciembre, D\u00eda Internacional de las Personas con Discapacidad. Se otorgar\u00e1n las siguientes distinciones:<\/p>\n<ol>\n<li>Embajador-a de la paz<\/li>\n<li>Ciudadano Distinguido por\u00a0 el \u00a0Programa C\u00edvico Permanente del Centro Financiero,\u00a0 Banco Industrial.<\/li>\n<\/ol>\n<p>Los homenajeados, se seleccionar\u00e1n de acuerdo con las siguientes bases:<\/p>\n<ul>\n<li><strong>De los Participantes: <\/strong>Podr\u00e1n participar todas las personas con o sin discapacidad que a criterio de organizaciones e instituciones vinculadas a la tem\u00e1tica de discapacidad, merezcan ser distinguidas y reconocidas por sus aportes en la promoci\u00f3n y defensa de los derechos de las personas con discapacidad, cuya labor sea notable por su contribuci\u00f3n en los programas y pol\u00edticas de educaci\u00f3n, deportes, cultura, salud, desarrollo de las organizaciones representativas\u00a0 de las\u00a0 personas con discapacidad, rehabilitaci\u00f3n y equiparaci\u00f3n de derechos de este colectivo.<\/li>\n<li><strong>De los Postulantes:<\/strong> Podr\u00e1n postular candidatos las organizaciones de personas con discapacidad de todo el territorio nacional, instituciones p\u00fablicas y privadas\u00a0 prestadoras de servicios a la poblaci\u00f3n con discapacidad\u00a0 e\u00a0 instituciones de derechos humanos.<\/li>\n<\/ul>\n<ul>\n<li><strong>De la Forma de Postulaci\u00f3n:<\/strong> Se har\u00e1 por escrito en nota dirigida al Consejo Nacional para la Atenci\u00f3n de las Personas con Discapacidad, acompa\u00f1ando a la nota, la hoja de vida completa de la persona postulada, la que debe estar\u00a0 contenida en hojas tama\u00f1o carta y escritas a rengl\u00f3n abierto. En la carta de propuesta, debe indicarse con claridad los motivos por los cuales se postula a los candidatos.<\/li>\n<li><strong>Fecha de recepci\u00f3n de las propuestas:<\/strong> Las propuestas de candidatos se estar\u00e1n recibiendo del 04 al 25 de octubre de 2019, en las instalaciones del CONADI en forma f\u00edsica,\u00a0 en horario h\u00e1bil, en forma personal o por correo.<\/li>\n<li><strong>De las Personas Seleccionadas:<\/strong> Se seleccionar\u00e1 una persona para participar en el Programa C\u00edvico Permanente del Banco Industrial y una persona para ser declarada como Embajadora de la Paz. La elecci\u00f3n se realizar\u00e1 en los 5 d\u00edas h\u00e1biles siguientes a la fecha l\u00edmite de recepci\u00f3n de propuestas. Las personas elegidas ser\u00e1n notificadas inmediatamente, a fin que cuenten con el tiempo suficiente para prepararse y participar en el acto que\u00a0 ser\u00e1 dado en su honor.<\/li>\n<\/ul>\n<ul>\n<li><strong>De los Criterios de Selecci\u00f3n: <\/strong><\/li>\n<li>No se establece l\u00edmite de edad para ser declarado como embajador-a de la paz<\/li>\n<li>Mayor de 55 a\u00f1os para ser seleccionado como Ciudadano Distinguido para el Programa C\u00edvico Permanente del Centro Financiero\u00a0 Banco Industrial<\/li>\n<li>La o las personas, deber\u00e1n ser propuestas por una organizaci\u00f3n o instituci\u00f3n p\u00fablica o privada vinculada a la tem\u00e1tica de discapacidad en el territorio nacional o entidades afines.<\/li>\n<li>La o las personas propuestas, deber\u00e1n presentar evidencias de 2 a\u00f1os o m\u00e1s de la labor a las pol\u00edticas y programas de educaci\u00f3n,deportes, cultura, salud, rehabilitaci\u00f3n, equiparaci\u00f3n y defensa\u00a0 de derechos de las personas con discapacidad,\u00a0 desarrollo de las organizaciones representativas\u00a0 de personas con discapacidad y sus familias,y\/o si los tuviere, m\u00e9ritos acad\u00e9micos o reconocimiento (diplomas, t\u00edtulos, distinciones honorificas, estudios, investigaciones) de su buen trabajo en la promoci\u00f3n de los derechos de las personas con discapacidad<\/li>\n<li>Ser personas de reconocida honorabilidad.<\/li>\n<\/ul>\n<ul>\n<li><strong>Del Jurado Calificador: <\/strong>El jurado estar\u00e1 integrado por 3 personas invitadas por la Comisi\u00f3n Extraordinaria de las Actividades Conmemorativas del 3 de diciembre, quienes tendr\u00e1n a su\u00a0 cargo la calificaci\u00f3n de los expedientes. La comisi\u00f3n entregar\u00e1 su\u00a0 dictamen a la comisi\u00f3n organizadora de las actividades, la que a su vez lo har\u00e1 llegar a la Junta Directiva\u00a0 para notificar a los ganadores. La comisi\u00f3n organizadora de las actividades conmemorativas,\u00a0 coordinar\u00e1 la difusi\u00f3n del nombre de los ganadores\u00a0 a trav\u00e9s de los distintos medios de comunicaci\u00f3n que el CONADI tiene a su alcance.<\/li>\n<\/ul>\n<p>De no existir m\u00e1s de 2 personas postuladas, el jurado calificador declarar\u00e1 desierto el concurso as\u00ed mismo en el caso que ninguno de los postulantes cumpla con el perfil previsto la comisi\u00f3n organizadora de las actividades conmemorativas del 03 de diciembre, podr\u00e1 designar a las personas a homenajear, decisi\u00f3n que ser\u00e1 avalada por la Junta Directiva del CONADI.<\/p>\n<ul>\n<li><strong>De la Premiaci\u00f3n<\/strong>: La persona que sea homenajeada como Embajadora de la Paz,\u00a0 participar\u00e1 en el acto conmemorativo del 03 de diciembre. En el caso de la persona\u00a0 seleccionada para el Programa C\u00edvico Permanente del Banco Industrial, se har\u00e1 la comunicaci\u00f3n a la entidad financiera en referencia, para que\u00a0 le declare como ciudadano\u00a0 distinguido en su programa c\u00edvico permanente.<\/li>\n<li>El CONADI otorgar\u00e1 al ganador de Embajador de la Paz una plaqueta de reconocimiento y un presente, el CONADI har\u00e1 una publicaci\u00f3n de prensa donde se informe acerca del\u00a0 El ganador para el Programa C\u00edvico Permanente, el CONADI har\u00e1 las gestiones para que el Banco Industrial lo declare como ciudadano distinguido.<\/li>\n<\/ul>\n<p><a href=\"https:\/\/conadi.gob.gt\/web\/wp-content\/uploads\/2019\/10\/Bases-para-Postulacio\u0301n-de-Personas-a-Homenajear-en-el-Marco-del-3-de-Diciembre.pdf\">Bases para Postulacio\u0301n de Personas a Homenajear en el Marco del 3 de Diciembre<\/a><\/p>\n","protected":false},"excerpt":{"rendered":"<p>Bases para Postulaci\u00f3n de Personas a Homenajear en el Marco del 3 de Diciembre, D\u00eda Internacional de las Personas con Discapacidad,\u00a02019 \u00a0\u00a1UN MILL\u00d3N 600 MIL PERSONAS CON DISCAPACIDAD, TAMBI\u00c9N SOMOS PRIORIDAD DE PA\u00cdS! \u00a0Responsable: Consejo Nacional para la Atenci\u00f3n de las Personas con Discapacidad Coordinaci\u00f3n: Comisi\u00f3n t\u00e9cnica De Eventos Conmemorativos del 03 de diciembre Lugar: &hellip; <\/p>\n<p class=\"link-more\"><a href=\"https:\/\/conadi.gob.gt\/web\/bases-para-postulacion-de-personas-a-homenajear-en-el-marco-del-3-de-diciembre-dia-internacional-de-las-personas-con-discapacidad-2019\/\" class=\"more-link\">Leer m\u00e1s<span class=\"screen-reader-text\"> \u00abBases para Postulaci\u00f3n de Personas a Homenajear en el Marco del 3 de Diciembre, D\u00eda Internacional de las Personas con Discapacidad, 2019\u00bb<\/span><\/a><\/p>\n","protected":false},"author":12,"featured_media":6494,"comment_status":"open","ping_status":"closed","sticky":false,"template":"","format":"standard","meta":{"footnotes":""},"categories":[3],"tags":[],"class_list":["post-6488","post","type-post","status-publish","format-standard","has-post-thumbnail","hentry","category-noticias"],"_links":{"self":[{"href":"https:\/\/conadi.gob.gt\/web\/wp-json\/wp\/v2\/posts\/6488","targetHints":{"allow":["GET"]}}],"collection":[{"href":"https:\/\/conadi.gob.gt\/web\/wp-json\/wp\/v2\/posts"}],"about":[{"href":"https:\/\/conadi.gob.gt\/web\/wp-json\/wp\/v2\/types\/post"}],"author":[{"embeddable":true,"href":"https:\/\/conadi.gob.gt\/web\/wp-json\/wp\/v2\/users\/12"}],"replies":[{"embeddable":true,"href":"https:\/\/conadi.gob.gt\/web\/wp-json\/wp\/v2\/comments?post=6488"}],"version-history":[{"count":1,"href":"https:\/\/conadi.gob.gt\/web\/wp-json\/wp\/v2\/posts\/6488\/revisions"}],"predecessor-version":[{"id":6489,"href":"https:\/\/conadi.gob.gt\/web\/wp-json\/wp\/v2\/posts\/6488\/revisions\/6489"}],"wp:featuredmedia":[{"embeddable":true,"href":"https:\/\/conadi.gob.gt\/web\/wp-json\/wp\/v2\/media\/6494"}],"wp:attachment":[{"href":"https:\/\/conadi.gob.gt\/web\/wp-json\/wp\/v2\/media?parent=6488"}],"wp:term":[{"taxonomy":"category","embeddable":true,"href":"https:\/\/conadi.gob.gt\/web\/wp-json\/wp\/v2\/categories?post=6488"},{"taxonomy":"post_tag","embeddable":true,"href":"https:\/\/conadi.gob.gt\/web\/wp-json\/wp\/v2\/tags?post=6488"}],"curies":[{"name":"wp","href":"https:\/\/api.w.org\/{rel}","templated":true}]}}