{"id":6496,"date":"2019-10-17T01:34:31","date_gmt":"2019-10-17T01:34:31","guid":{"rendered":"http:\/\/conadi.gob.gt\/web\/?p=6496"},"modified":"2019-10-17T02:14:04","modified_gmt":"2019-10-17T02:14:04","slug":"x-encuentro-de-la-red-universitaria-latinoamericana-y-del-caribe-sobre-discapacidad-y-derechos-humanos-y-iv-de-la-red-de-estudiantes-latinoamericanos-por-la-inclusion","status":"publish","type":"post","link":"https:\/\/conadi.gob.gt\/web\/x-encuentro-de-la-red-universitaria-latinoamericana-y-del-caribe-sobre-discapacidad-y-derechos-humanos-y-iv-de-la-red-de-estudiantes-latinoamericanos-por-la-inclusion\/","title":{"rendered":"X ENCUENTRO DE LA RED UNIVERSITARIA LATINOAMERICANA Y DEL CARIBE SOBRE DISCAPACIDAD Y DERECHOS HUMANOS Y IV DE LA RED DE ESTUDIANTES LATINOAMERICANOS POR LA INCLUSI\u00d3N"},"content":{"rendered":"<p>El Paraninfo Universitario\u00a0 fue la sede del X encuentro de la Red Universitaria Latinoamericana y del Caribe sobre Discapacidad y Derechos Humanos y IV de la Red de Estudiantes Latinoamericanos por la Inclusi\u00f3n, que se lleva a cabo del 16 al 18 de octubre del presente a\u00f1o. Actividad que fue organizada por la Universidad de San Carlos de Guatemala \u2013USAC- a trav\u00e9s de la Divisi\u00f3n de Desarrollo Acad\u00e9mico, Direcci\u00f3n General de Docencia y la Escuela\u00a0 de Ciencias Psicol\u00f3gicas, con el apoyo Red Interuniversitaria Latinoamericana y del Caribe sobre la Discapacidad y Desarrollo Humano, y el Consejo Nacional para la\u00a0 Atenci\u00f3n de las Personas con Discapacidad \u2013 CONADI- .<\/p>\n<p>La magister Rosa Idalia Aldana, Presidenta del CONADI, particip\u00f3 en el acto de inauguraci\u00f3n, quien indic\u00f3 que el CONADI cuenta con el departamento de Desarrollo de Investigaci\u00f3n y An\u00e1lisis de la Informaci\u00f3n para formar la red con otras universidades y promover el tema de discapacidad en la investigaci\u00f3n. Asimismo, manifest\u00f3 que la Universidad de San Carlos de Guatemala es parte del Estado por lo que tiene la obligaci\u00f3n, de brindar una educaci\u00f3n superior con igualdad de condiciones para las personas con discapacidad; tambi\u00e9n reconoci\u00f3 el esfuerzo de la Comisi\u00f3n de Discapacidad de esa casa de estudio, por la realizaci\u00f3n de este evento.<\/p>\n<p>Este encuentro re\u00fane a expertos internacionales de las universidades de Chile, Uruguay, M\u00e9xico, Colombia, Costa Rica, Espa\u00f1a y Argentina.\u00a0 Los temas que abordar\u00e1n: el campo de atenci\u00f3n a la discapacidad, accesibilidad en universidades de contextos internacionales distintos, inclusi\u00f3n educativa en la educaci\u00f3n superior como pilar de la inclusi\u00f3n laboral, sociedad civil e inclusi\u00f3n educativa, entre otros.<\/p>\n<p>Edgar Armando L\u00f3pez, decano de la Facultad de Arquitectura, coordinador de la Pol\u00edtica de Atenci\u00f3n a las Personas con Discapacidad, indic\u00f3 que este encuentro busca fortalecer las medidas de inclusi\u00f3n, promover el acceso al estudio superior, la igualdad de oportunidades, fortalecer la planificaci\u00f3n universitaria y motivar las adecuaciones curriculares que elimine la discriminaci\u00f3n y aportar alternativas de soluci\u00f3n para que la Universidad de San Carlos de Guatemala tenga una educaci\u00f3n superior inclusiva.<\/p>\n<p><a href=\"https:\/\/conadi.gob.gt\/web\/wp-content\/uploads\/2019\/10\/u.jpg\"><img loading=\"lazy\" decoding=\"async\" class=\"alignnone size-medium wp-image-6495\" src=\"https:\/\/conadi.gob.gt\/web\/wp-content\/uploads\/2019\/10\/u-300x200.jpg\" alt=\"\" width=\"300\" height=\"200\" srcset=\"https:\/\/conadi.gob.gt\/web\/wp-content\/uploads\/2019\/10\/u-300x200.jpg 300w, https:\/\/conadi.gob.gt\/web\/wp-content\/uploads\/2019\/10\/u-768x512.jpg 768w, https:\/\/conadi.gob.gt\/web\/wp-content\/uploads\/2019\/10\/u-90x60.jpg 90w, https:\/\/conadi.gob.gt\/web\/wp-content\/uploads\/2019\/10\/u-180x120.jpg 180w, https:\/\/conadi.gob.gt\/web\/wp-content\/uploads\/2019\/10\/u-95x64.jpg 95w, https:\/\/conadi.gob.gt\/web\/wp-content\/uploads\/2019\/10\/u.jpg 960w\" sizes=\"auto, (max-width: 300px) 100vw, 300px\" \/><\/a><\/p>\n","protected":false},"excerpt":{"rendered":"<p>El Paraninfo Universitario\u00a0 fue la sede del X encuentro de la Red Universitaria Latinoamericana y del Caribe sobre Discapacidad y Derechos Humanos y IV de la Red de Estudiantes Latinoamericanos por la Inclusi\u00f3n, que se lleva a cabo del 16 al 18 de octubre del presente a\u00f1o. Actividad que fue organizada por la Universidad de &hellip; <\/p>\n<p class=\"link-more\"><a href=\"https:\/\/conadi.gob.gt\/web\/x-encuentro-de-la-red-universitaria-latinoamericana-y-del-caribe-sobre-discapacidad-y-derechos-humanos-y-iv-de-la-red-de-estudiantes-latinoamericanos-por-la-inclusion\/\" class=\"more-link\">Leer m\u00e1s<span class=\"screen-reader-text\"> \u00abX ENCUENTRO DE LA RED UNIVERSITARIA LATINOAMERICANA Y DEL CARIBE SOBRE DISCAPACIDAD Y DERECHOS HUMANOS Y IV DE LA RED DE ESTUDIANTES LATINOAMERICANOS POR LA INCLUSI\u00d3N\u00bb<\/span><\/a><\/p>\n","protected":false},"author":12,"featured_media":6495,"comment_status":"open","ping_status":"closed","sticky":false,"template":"","format":"standard","meta":{"footnotes":""},"categories":[3],"tags":[],"class_list":["post-6496","post","type-post","status-publish","format-standard","has-post-thumbnail","hentry","category-noticias"],"_links":{"self":[{"href":"https:\/\/conadi.gob.gt\/web\/wp-json\/wp\/v2\/posts\/6496","targetHints":{"allow":["GET"]}}],"collection":[{"href":"https:\/\/conadi.gob.gt\/web\/wp-json\/wp\/v2\/posts"}],"about":[{"href":"https:\/\/conadi.gob.gt\/web\/wp-json\/wp\/v2\/types\/post"}],"author":[{"embeddable":true,"href":"https:\/\/conadi.gob.gt\/web\/wp-json\/wp\/v2\/users\/12"}],"replies":[{"embeddable":true,"href":"https:\/\/conadi.gob.gt\/web\/wp-json\/wp\/v2\/comments?post=6496"}],"version-history":[{"count":4,"href":"https:\/\/conadi.gob.gt\/web\/wp-json\/wp\/v2\/posts\/6496\/revisions"}],"predecessor-version":[{"id":6500,"href":"https:\/\/conadi.gob.gt\/web\/wp-json\/wp\/v2\/posts\/6496\/revisions\/6500"}],"wp:featuredmedia":[{"embeddable":true,"href":"https:\/\/conadi.gob.gt\/web\/wp-json\/wp\/v2\/media\/6495"}],"wp:attachment":[{"href":"https:\/\/conadi.gob.gt\/web\/wp-json\/wp\/v2\/media?parent=6496"}],"wp:term":[{"taxonomy":"category","embeddable":true,"href":"https:\/\/conadi.gob.gt\/web\/wp-json\/wp\/v2\/categories?post=6496"},{"taxonomy":"post_tag","embeddable":true,"href":"https:\/\/conadi.gob.gt\/web\/wp-json\/wp\/v2\/tags?post=6496"}],"curies":[{"name":"wp","href":"https:\/\/api.w.org\/{rel}","templated":true}]}}