{"id":6508,"date":"2019-10-23T14:43:04","date_gmt":"2019-10-23T14:43:04","guid":{"rendered":"http:\/\/conadi.gob.gt\/web\/?p=6508"},"modified":"2019-10-23T14:43:04","modified_gmt":"2019-10-23T14:43:04","slug":"conadi-invita-a-participar-en-postulacion-de-candidatos-para-rendirles-homenaje-en-el-marco-del-dia-internacional-de-las-personas-con-discapacidad","status":"publish","type":"post","link":"https:\/\/conadi.gob.gt\/web\/conadi-invita-a-participar-en-postulacion-de-candidatos-para-rendirles-homenaje-en-el-marco-del-dia-internacional-de-las-personas-con-discapacidad\/","title":{"rendered":"CONADI invita a participar en postulaci\u00f3n de candidatos para rendirles homenaje en el marco del D\u00eda Internacional de las Personas con Discapacidad"},"content":{"rendered":"<p>CONADI invita a participar en la convocatoria: postulaci\u00f3n de candidatos para rendirles homenaje en el marco del 03 de diciembre, D\u00eda Internacional de las Personas con Discapacidad.<\/p>\n<p>Se otorgar\u00e1n las siguientes distinciones:<\/p>\n<p>A) Embajador-a de la paz (Actividad Cambio de la Rosa con la SEPAZ)<\/p>\n<p>B) Ciudadano Distinguido por el Programa C\u00edvico Permanente del Centro Financiero, Banco Industrial.<\/p>\n<p>Los homenajeados, se seleccionar\u00e1n de acuerdo con las siguientes bases:<\/p>\n<p>Bases para Postulaci\u00f3n de Personas a Homenajear en el Marco del 3 de Diciembre, D\u00eda Internacional de las Personas con Discapacidad,<br \/>\n2019<\/p>\n<p>\u00a1UN MILL\u00d3N 600 MIL PERSONAS CON DISCAPACIDAD, TAMBI\u00c9N SOMOS PRIORIDAD DE PA\u00cdS!<\/p>\n<p>Responsable: Consejo Nacional para la Atenci\u00f3n de las Personas con Discapacidad<br \/>\nCoordinaci\u00f3n: Comisi\u00f3n t\u00e9cnica De Eventos Conmemorativos del 03 de diciembre<\/p>\n<p>Lugar: Ciudad capital de Guatemala, El Consejo Nacional para la Atenci\u00f3n de las Personas con Discapacidad \u2013CONADI-, convoca a la postulaci\u00f3n de candidatos a homenajear en el marco del 03 de diciembre, D\u00eda Internacional de las Personas con Discapacidad. Se otorgar\u00e1n las siguientes distinciones:<br \/>\nA) Embajador-a de la paz<br \/>\nB) Ciudadano Distinguido por el Programa C\u00edvico Permanente del Centro Financiero, Banco Industrial.<br \/>\nLos homenajeados, se seleccionar\u00e1n de acuerdo con las siguientes bases:<\/p>\n<p>1) De los Participantes: Podr\u00e1n participar todas las personas con o sin discapacidad que a criterio de organizaciones e instituciones vinculadas a la tem\u00e1tica de discapacidad, merezcan ser distinguidas y reconocidas por sus aportes en la promoci\u00f3n y defensa de los derechos de las personas con discapacidad, cuya labor sea notable por su contribuci\u00f3n en los programas y pol\u00edticas de educaci\u00f3n, deportes, cultura, salud, desarrollo de las organizaciones representativas de las personas con discapacidad, rehabilitaci\u00f3n y equiparaci\u00f3n de derechos de este colectivo.<\/p>\n<p>2) De los Postulantes: Podr\u00e1n postular candidatos las organizaciones de personas con discapacidad de todo el territorio nacional, instituciones p\u00fablicas y privadas prestadoras de servicios a la poblaci\u00f3n con discapacidad e instituciones de derechos humanos.<\/p>\n<p>3) De la Forma de Postulaci\u00f3n: Se har\u00e1 por escrito en nota dirigida al Consejo Nacional para la Atenci\u00f3n de las Personas con Discapacidad, acompa\u00f1ando a la nota, la hoja de vida completa de la persona postulada, la que debe estar contenida en hojas tama\u00f1o carta y escritas a rengl\u00f3n abierto. En la carta de propuesta, debe indicarse con claridad los motivos por los cuales se postula a los candidatos.<\/p>\n<p>4) Fecha de recepci\u00f3n de las propuestas: Las propuestas de candidatos se estar\u00e1n recibiendo del 04 al 25 de octubre de 2019, en las instalaciones del CONADI en forma f\u00edsica, en horario h\u00e1bil, en forma personal o por correo.<\/p>\n<p>5) De las Personas Seleccionadas: Se seleccionar\u00e1 una persona para participar en el Programa C\u00edvico Permanente del Banco Industrial y una persona para ser declarada como Embajadora de la Paz. La elecci\u00f3n se realizar\u00e1 en los 5 d\u00edas h\u00e1biles siguientes a la fecha l\u00edmite de recepci\u00f3n de propuestas. Las personas elegidas ser\u00e1n notificadas inmediatamente, a fin que cuenten con el tiempo suficiente para prepararse y participar en el acto que ser\u00e1 dado en su honor.<\/p>\n<p>6) De los Criterios de Selecci\u00f3n:<br \/>\n\uf0a7 No se establece l\u00edmite de edad para ser declarado como embajador-a de la paz<br \/>\n\uf0a7 Mayor de 55 a\u00f1os para ser seleccionado como Ciudadano Distinguido para el Programa C\u00edvico Permanente del Centro Financiero Banco Industrial<br \/>\n\uf0a7 La o las personas, deber\u00e1n ser propuestas por una organizaci\u00f3n o instituci\u00f3n p\u00fablica o privada vinculada a la tem\u00e1tica de discapacidad en el territorio nacional o entidades afines.<br \/>\n\uf0a7 La o las personas propuestas, deber\u00e1n presentar evidencias de 2 a\u00f1os o m\u00e1s de la labor a las pol\u00edticas y programas de educaci\u00f3n,deportes, cultura, salud, rehabilitaci\u00f3n, equiparaci\u00f3n y defensa de derechos de las personas con discapacidad, desarrollo de las organizaciones representativas de personas con discapacidad y sus familias,y\/o si los tuviere, m\u00e9ritos acad\u00e9micos o reconocimiento (diplomas, t\u00edtulos, distinciones honorificas, estudios, investigaciones) de su buen trabajo en la promoci\u00f3n de los derechos de las personas con discapacidad<br \/>\n\uf0a7 Ser personas de reconocida honorabilidad.<\/p>\n<p>7) Del Jurado Calificador: El jurado estar\u00e1 integrado por 3 personas invitadas por la Comisi\u00f3n Extraordinaria de las Actividades Conmemorativas del 3 de diciembre, quienes tendr\u00e1n a su cargo la calificaci\u00f3n de los expedientes. La comisi\u00f3n entregar\u00e1 su dictamen a la comisi\u00f3n organizadora de las actividades, la que a su vez lo har\u00e1 llegar a la Junta Directiva para notificar a los ganadores. La comisi\u00f3n organizadora de las actividades conmemorativas, coordinar\u00e1 la difusi\u00f3n del nombre de los ganadores a trav\u00e9s de los distintos medios de comunicaci\u00f3n que el CONADI tiene a su alcance.<\/p>\n<p>De no existir m\u00e1s de 2 personas postuladas, el jurado calificador declarar\u00e1 desierto el concurso as\u00ed mismo en el caso que ninguno de los postulantes cumpla con el perfil previsto la comisi\u00f3n organizadora de las actividades conmemorativas del 03 de diciembre, podr\u00e1 designar a las personas a homenajear, decisi\u00f3n que ser\u00e1 avalada por la Junta Directiva del CONADI.<\/p>\n<p>8) De la Premiaci\u00f3n: La persona que sea homenajeada como Embajadora de la Paz, participar\u00e1 en el acto conmemorativo del 03 de diciembre. En el caso de la persona seleccionada para el Programa C\u00edvico Permanente del Banco Industrial, se har\u00e1 la comunicaci\u00f3n a la entidad financiera en referencia, para que le declare como ciudadano distinguido en su programa c\u00edvico permanente.<\/p>\n<p>9) El CONADI otorgar\u00e1 al ganador de Embajador de la Paz una plaqueta de reconocimiento y un presente, el CONADI har\u00e1 una publicaci\u00f3n de prensa donde se informe acerca del ganador. El ganador para el Programa C\u00edvico Permanente, el CONADI har\u00e1 las gestiones para que el Banco Industrial lo declare como ciudadano distinguido.<\/p>\n<p>&nbsp;<\/p>\n<p>&nbsp;<\/p>\n<figure id=\"attachment_6509\" aria-describedby=\"caption-attachment-6509\" style=\"width: 742px\" class=\"wp-caption aligncenter\"><a href=\"https:\/\/conadi.gob.gt\/web\/wp-content\/uploads\/2019\/10\/Postulacion-2019-copia.jpg\"><img loading=\"lazy\" decoding=\"async\" id=\"longdesc-return-6509\" class=\"size-full wp-image-6509\" tabindex=\"-1\" src=\"https:\/\/conadi.gob.gt\/web\/wp-content\/uploads\/2019\/10\/Postulacion-2019-copia.jpg\" alt=\"Postulaci\u00f3n de homenajeados\" width=\"742\" height=\"960\" longdesc=\"https:\/\/conadi.gob.gt\/web?longdesc=6509&amp;referrer=6508\" srcset=\"https:\/\/conadi.gob.gt\/web\/wp-content\/uploads\/2019\/10\/Postulacion-2019-copia.jpg 742w, https:\/\/conadi.gob.gt\/web\/wp-content\/uploads\/2019\/10\/Postulacion-2019-copia-232x300.jpg 232w\" sizes=\"auto, (max-width: 742px) 100vw, 742px\" \/><\/a><figcaption id=\"caption-attachment-6509\" class=\"wp-caption-text\">Postulaci\u00f3n en el marco del d\u00eda internacional de las personas con discapacidad<\/figcaption><\/figure>\n","protected":false},"excerpt":{"rendered":"<p>CONADI invita a participar en la convocatoria: postulaci\u00f3n de candidatos para rendirles homenaje en el marco del 03 de diciembre, D\u00eda Internacional de las Personas con Discapacidad. Se otorgar\u00e1n las siguientes distinciones: A) Embajador-a de la paz (Actividad Cambio de la Rosa con la SEPAZ) B) Ciudadano Distinguido por el Programa C\u00edvico Permanente del Centro &hellip; <\/p>\n<p class=\"link-more\"><a href=\"https:\/\/conadi.gob.gt\/web\/conadi-invita-a-participar-en-postulacion-de-candidatos-para-rendirles-homenaje-en-el-marco-del-dia-internacional-de-las-personas-con-discapacidad\/\" class=\"more-link\">Leer m\u00e1s<span class=\"screen-reader-text\"> \u00abCONADI invita a participar en postulaci\u00f3n de candidatos para rendirles homenaje en el marco del D\u00eda Internacional de las Personas con Discapacidad\u00bb<\/span><\/a><\/p>\n","protected":false},"author":12,"featured_media":6509,"comment_status":"open","ping_status":"closed","sticky":false,"template":"","format":"standard","meta":{"footnotes":""},"categories":[3],"tags":[],"class_list":["post-6508","post","type-post","status-publish","format-standard","has-post-thumbnail","hentry","category-noticias"],"_links":{"self":[{"href":"https:\/\/conadi.gob.gt\/web\/wp-json\/wp\/v2\/posts\/6508","targetHints":{"allow":["GET"]}}],"collection":[{"href":"https:\/\/conadi.gob.gt\/web\/wp-json\/wp\/v2\/posts"}],"about":[{"href":"https:\/\/conadi.gob.gt\/web\/wp-json\/wp\/v2\/types\/post"}],"author":[{"embeddable":true,"href":"https:\/\/conadi.gob.gt\/web\/wp-json\/wp\/v2\/users\/12"}],"replies":[{"embeddable":true,"href":"https:\/\/conadi.gob.gt\/web\/wp-json\/wp\/v2\/comments?post=6508"}],"version-history":[{"count":1,"href":"https:\/\/conadi.gob.gt\/web\/wp-json\/wp\/v2\/posts\/6508\/revisions"}],"predecessor-version":[{"id":6510,"href":"https:\/\/conadi.gob.gt\/web\/wp-json\/wp\/v2\/posts\/6508\/revisions\/6510"}],"wp:featuredmedia":[{"embeddable":true,"href":"https:\/\/conadi.gob.gt\/web\/wp-json\/wp\/v2\/media\/6509"}],"wp:attachment":[{"href":"https:\/\/conadi.gob.gt\/web\/wp-json\/wp\/v2\/media?parent=6508"}],"wp:term":[{"taxonomy":"category","embeddable":true,"href":"https:\/\/conadi.gob.gt\/web\/wp-json\/wp\/v2\/categories?post=6508"},{"taxonomy":"post_tag","embeddable":true,"href":"https:\/\/conadi.gob.gt\/web\/wp-json\/wp\/v2\/tags?post=6508"}],"curies":[{"name":"wp","href":"https:\/\/api.w.org\/{rel}","templated":true}]}}