{"id":6533,"date":"2019-11-04T21:43:47","date_gmt":"2019-11-04T21:43:47","guid":{"rendered":"http:\/\/conadi.gob.gt\/web\/?p=6533"},"modified":"2019-11-04T22:20:34","modified_gmt":"2019-11-04T22:20:34","slug":"conadi-fortalece-cooperacion-interinstitucional","status":"publish","type":"post","link":"https:\/\/conadi.gob.gt\/web\/conadi-fortalece-cooperacion-interinstitucional\/","title":{"rendered":"CONADI FORTALECE COOPERACI\u00d3N INTERINSTITUCIONAL"},"content":{"rendered":"<p>Con el prop\u00f3sito de promover el respeto y cumplimiento de los derechos de las personas con discapacidad el Consejo Nacional para la Atenci\u00f3n de las Personas con Discapacidad \u2013CONADI- suscribe convenio de cooperaci\u00f3n \u00a0con el Instituto de Fomento Municipal \u2013INFOM-.<\/p>\n<p>El presente convenio fue firmado por la doctora Rosa Idalia Aldana, presidenta del CONADI y el licenciado Julio Salvador Contreras, Gerente del INFOM. El acto de firma se realiz\u00f3 en las instalaciones del CONADI, el cuatro de noviembre del presente a\u00f1o.<\/p>\n<p>Este convenio tiene como objeto acordar un marco de cooperaci\u00f3n y colaboraci\u00f3n entre INFOM y CONADI, para la coordinaci\u00f3n y acompa\u00f1amiento de acciones que coadyuven a elaborar de manera conjunta programas, proyectos y actividades que abarquen el \u00e1mbito general de la capacitaci\u00f3n, colaboraci\u00f3n, cooperaci\u00f3n e inclusi\u00f3n de personas con discapacidad en las diferentes instituciones municipales del pa\u00eds.<\/p>\n<p>Entre los compromisos adquiridos por parte del CONADI est\u00e1: brindar<strong> a<\/strong>sesor\u00eda y acompa\u00f1amiento para el fortalecimiento de la inclusi\u00f3n en la formulaci\u00f3n de las herramientas de car\u00e1cter t\u00e9cnico para la inclusi\u00f3n de personas con discapacidad a la institucionalidad municipal; tambi\u00e9n colaborar de manera conjunta, en la organizaci\u00f3n y realizaci\u00f3n de talleres y otros eventos de capacitaci\u00f3n con instituciones y organismos que promueven acciones a favor de las personas con discapacidad; as\u00ed como tambi\u00e9n, \u00a0fortalecer las capacidades del personal del INFOM\u00a0 y de las instituciones municipales.<\/p>\n<p>Por su parte, el INFOM realizar\u00e1 las coordinaciones pertinentes para trabajar conjuntamente con las diferentes oficinas del momento municipal e invertir en el dise\u00f1o universal con medidas de accesibilidad en espacios de servicios p\u00fablicos a nivel de pa\u00eds. Asimismo, indic\u00f3 Julio Contreras, gerente de esa instituci\u00f3n que cuentan con el eje de Gesti\u00f3n de Riesgos, en el cual tambi\u00e9n incluir\u00e1n el tema de discapacidad.<\/p>\n<p>Es importante mencionar que el CONADI han aperturado 58 Oficinas Municipales de Discapacidad \u00a0en lo que va del a\u00f1o en diferentes municipios y departamentos del pa\u00eds. Como parte del compromiso adquirido con el INFOM se contar\u00e1 con el apoyo y coordinaci\u00f3n para fortalecer el trabajo que en estas oficinas se realizan.<\/p>\n<p>Este convenio de cooperaci\u00f3n y colaboraci\u00f3n tiene una vigencia a partir de su firma y finalizar\u00e1 el treinta y uno de mayo del a\u00f1o dos mil veintiuno. Asimismo, se podr\u00e1 dar prorroga a trav\u00e9s de un intercambio de cartas y formalizaci\u00f3n de la adenda correspondiente, con por lo menos un mes de anticipaci\u00f3n a su vencimiento.<\/p>\n<p>Para este convenio estar\u00e1n dando seguimiento los representantes del departamento de Incidencia Pol\u00edtica del CONADI, quienes en los pr\u00f3ximos d\u00edas solicitar\u00e1n al licenciado Julio Salvador Contreras Gerente del INFOM\u00a0 una reuni\u00f3n con los enlaces t\u00e9cnicos\u00a0 para realizar una programaci\u00f3n de trabajo y dar respuesta a la aplicaci\u00f3n del presente convenio.<\/p>\n<p>La inclusi\u00f3n de este colectivo debe ir de la mano de la formaci\u00f3n de manera que beneficie a todas las personas implicadas. Actualmente, el CONADI trabaja constante en la sensibilizaci\u00f3n y toma de conciencia en el marco de los derechos humanos, terminolog\u00eda sobre discapacidad y mecanismos de accesibilidad.<\/p>\n<p>El CONADI seguir\u00e1n\u00a0 trabajando en conjunto a para una democracia m\u00e1s inclusiva en Guatemala.<\/p>\n<p><a href=\"https:\/\/conadi.gob.gt\/web\/wp-content\/uploads\/2019\/11\/collage.jpg\"><img loading=\"lazy\" decoding=\"async\" class=\"alignnone size-medium wp-image-6534\" src=\"https:\/\/conadi.gob.gt\/web\/wp-content\/uploads\/2019\/11\/collage-300x300.jpg\" alt=\"\" width=\"300\" height=\"300\" srcset=\"https:\/\/conadi.gob.gt\/web\/wp-content\/uploads\/2019\/11\/collage-300x300.jpg 300w, https:\/\/conadi.gob.gt\/web\/wp-content\/uploads\/2019\/11\/collage-150x150.jpg 150w, https:\/\/conadi.gob.gt\/web\/wp-content\/uploads\/2019\/11\/collage-768x768.jpg 768w, https:\/\/conadi.gob.gt\/web\/wp-content\/uploads\/2019\/11\/collage-1024x1024.jpg 1024w, https:\/\/conadi.gob.gt\/web\/wp-content\/uploads\/2019\/11\/collage.jpg 1207w\" sizes=\"auto, (max-width: 300px) 100vw, 300px\" \/><\/a><\/p>\n<p>&nbsp;<\/p>\n","protected":false},"excerpt":{"rendered":"<p>Con el prop\u00f3sito de promover el respeto y cumplimiento de los derechos de las personas con discapacidad el Consejo Nacional para la Atenci\u00f3n de las Personas con Discapacidad \u2013CONADI- suscribe convenio de cooperaci\u00f3n \u00a0con el Instituto de Fomento Municipal \u2013INFOM-. El presente convenio fue firmado por la doctora Rosa Idalia Aldana, presidenta del CONADI y &hellip; <\/p>\n<p class=\"link-more\"><a href=\"https:\/\/conadi.gob.gt\/web\/conadi-fortalece-cooperacion-interinstitucional\/\" class=\"more-link\">Leer m\u00e1s<span class=\"screen-reader-text\"> \u00abCONADI FORTALECE COOPERACI\u00d3N INTERINSTITUCIONAL\u00bb<\/span><\/a><\/p>\n","protected":false},"author":12,"featured_media":6534,"comment_status":"open","ping_status":"closed","sticky":false,"template":"","format":"standard","meta":{"footnotes":""},"categories":[3],"tags":[],"class_list":["post-6533","post","type-post","status-publish","format-standard","has-post-thumbnail","hentry","category-noticias"],"_links":{"self":[{"href":"https:\/\/conadi.gob.gt\/web\/wp-json\/wp\/v2\/posts\/6533","targetHints":{"allow":["GET"]}}],"collection":[{"href":"https:\/\/conadi.gob.gt\/web\/wp-json\/wp\/v2\/posts"}],"about":[{"href":"https:\/\/conadi.gob.gt\/web\/wp-json\/wp\/v2\/types\/post"}],"author":[{"embeddable":true,"href":"https:\/\/conadi.gob.gt\/web\/wp-json\/wp\/v2\/users\/12"}],"replies":[{"embeddable":true,"href":"https:\/\/conadi.gob.gt\/web\/wp-json\/wp\/v2\/comments?post=6533"}],"version-history":[{"count":3,"href":"https:\/\/conadi.gob.gt\/web\/wp-json\/wp\/v2\/posts\/6533\/revisions"}],"predecessor-version":[{"id":6537,"href":"https:\/\/conadi.gob.gt\/web\/wp-json\/wp\/v2\/posts\/6533\/revisions\/6537"}],"wp:featuredmedia":[{"embeddable":true,"href":"https:\/\/conadi.gob.gt\/web\/wp-json\/wp\/v2\/media\/6534"}],"wp:attachment":[{"href":"https:\/\/conadi.gob.gt\/web\/wp-json\/wp\/v2\/media?parent=6533"}],"wp:term":[{"taxonomy":"category","embeddable":true,"href":"https:\/\/conadi.gob.gt\/web\/wp-json\/wp\/v2\/categories?post=6533"},{"taxonomy":"post_tag","embeddable":true,"href":"https:\/\/conadi.gob.gt\/web\/wp-json\/wp\/v2\/tags?post=6533"}],"curies":[{"name":"wp","href":"https:\/\/api.w.org\/{rel}","templated":true}]}}