{"id":6587,"date":"2019-12-04T22:00:04","date_gmt":"2019-12-04T22:00:04","guid":{"rendered":"http:\/\/conadi.gob.gt\/web\/?p=6587"},"modified":"2019-12-05T14:45:47","modified_gmt":"2019-12-05T14:45:47","slug":"6587","status":"publish","type":"post","link":"https:\/\/conadi.gob.gt\/web\/6587\/","title":{"rendered":""},"content":{"rendered":"<p><strong>Actividades conmemorativas al D\u00eda Internacional de las Personas con Discapacidad<\/strong><\/p>\n<p>Como parte de las actividades alusivas al D\u00eda Internacional de las Personas con Discapacidad el Consejo Nacional para la Atenci\u00f3n de las Personas con Discapacidad \u2013CONADI-, realiz\u00f3 varias actividades previas al 3 de diciembre, para continuar socializando sobre los de derechos de las personas con discapacidad.<\/p>\n<p><strong>Foro prioridades de pa\u00eds<\/strong><\/p>\n<p>El 28 de noviembre, se realiz\u00f3 el Foro \u201cLas personas con discapacidad en las prioridades de desarrollo\u00bb donde se abordaron temas como: Inclusi\u00f3n de las personas con discapacidad en las prioridades nacionales de desarrollo desde la perspectiva del Estado, la Certificaci\u00f3n de las personas con discapacidad como prioridad de pa\u00eds, an\u00e1lisis e interpretaci\u00f3n de los datos del censo nacional 2018, el papel municipal en la gesti\u00f3n de las prioridades de desarrollo en funci\u00f3n de los derechos de las personas con discapacidad y movimiento nacional de las personas con discapacidad.<\/p>\n<p>En su discurso de apertura la doctora Rosa Idalia Aldana, presidenta del CONADI, manifest\u00f3 que la poblaci\u00f3n m\u00e1s afectada son las ni\u00f1as y ni\u00f1os quienes sufren la exclusi\u00f3n y discriminaci\u00f3n en cuanto al acceso a la educaci\u00f3n, salud desde sus comunidades lo que los lleva a vivir en un ciclo de pobreza y violencia. Asimismo, el director general Sebasti\u00e1n Toledo, resalt\u00f3 avances como la Pol\u00edtica Nacional de Discapacidad, Ratificaci\u00f3n de la Convenci\u00f3n de los Derechos de las Personas con Discapacidad y las Oficinas Municipales de Discapacidad \u2013OMD-.<\/p>\n<p>Tambi\u00e9n, se cont\u00f3 con la participaci\u00f3n de la diputada Sandra Moran, presidenta de la Comisi\u00f3n Sobre Asuntos de Discapacidad, indic\u00f3 que los diputados que integraron esta comisi\u00f3n demostraron su compromiso de velar por los derechos de las personas con discapacidad, pueblos ind\u00edgenas, mujeres y ni\u00f1as.<\/p>\n<p>Los cuatro panelistas invitados fueron: Lcda. Mayra\u00a0 Lisseth Chaicoj Pinto, SEGEPLAN; Lic. Cristian Cabrera , representante del Instituto Nacional de Estad\u00edstica; Lic. Miguel Ovalle, Alcalde Municipal de Salcaj\u00e1, Quetzaltenango y Licda. Paola Solano, Corte de Constitucionalidad.<\/p>\n<p><strong>Convenio de fortalecimiento interinstitucional <\/strong><\/p>\n<p>Otra de las actividades realizadas en el marco del D\u00eda Internacional de las Personas con Discapacidad fue la firma de convenio de cooperaci\u00f3n interinstitucional entre la Asociaci\u00f3n de Servicios Educativos y Culturales\/ Instituto Guatemalteco de Educaci\u00f3n Radiof\u00f3nica ASEC\/IGER y el Consejo Nacional para la Atenci\u00f3n de las Personas con Discapacidad \u2013CONADI-.<\/p>\n<p>La suscripci\u00f3n de este convenio tiene el objetivo de impulsar un proceso de coordinaci\u00f3n entre ambas instituciones para brindar asesoramiento en aspectos acad\u00e9micos y la inclusi\u00f3n de la tem\u00e1tica de discapacidad.<\/p>\n<p>El presente convenio fue firmado el 29 de noviembre por la doctora Rosa Idalia Aldana, presidenta del CONADI y la licenciada Mar\u00eda Teresa Geraldina Carmargo, Directora IGER.<\/p>\n<p>Al finalizar esta actividad, se realiz\u00f3 el reconocimiento a los medios de comunicaci\u00f3n y comunicadores sociales, por ser aliados en la difusi\u00f3n de los derechos de las personas con discapacidad.<\/p>\n<p><strong>\u00a0<\/strong><\/p>\n<p><strong>9\u00aa. Edici\u00f3n de la Carrera \u201cA paso de Campeones\u201d<\/strong><\/p>\n<p>Alrededor de 225 personas con y sin discapacidad participaron en la novena edici\u00f3n de la carrera \u201cA Paso de Campeones\u201d 5K, en el circuito Sime\u00f3n Ca\u00f1as,\u00a0 Evento deportivo organizado por el CONADI.<\/p>\n<p>En esta oportunidad se cont\u00f3 con la participaci\u00f3n de Ra\u00fal Anguiano, ganador de la medalla de oro Parabadminton Lima 2019,\u00a0 a quien se le hizo entrega de un reconocimiento como atleta con discapacidad destacado del a\u00f1o. Anguiano\u00a0 tambi\u00e9n particip\u00f3 en la\u00a0 entrega de medallas a personas con y sin discapacidad al llegar a la meta.<\/p>\n<p>Otro de los espacios abiertos para promover el trabajo inclusivo y productivo fue el Bazar de Productividad que se llev\u00f3 a cabo el 1 de diciembre en la\u00a0 Plaza Crist\u00f3bal Col\u00f3n de la avenida Las Am\u00e9ricas, zona 13.<\/p>\n<p>All\u00ed participaron diferentes instituciones que fomentan la inclusi\u00f3n de j\u00f3venes y adultos con discapacidad al sector productivo del pa\u00eds. Este bazar fue organizado por ASCATED con el apoyo del CONADI Las organizaciones ofrecieron al p\u00fablico productos artesanales, bisuter\u00eda, productos de belleza, perfumer\u00eda, cremas, entre otros productos.<\/p>\n<p>&nbsp;<\/p>\n<p><strong>Apertura de OMD<\/strong><\/p>\n<p>Dentro del marco de conmemoraci\u00f3n al D\u00eda Internacional de las Personas con Discapacidad a nivel departamental se realizaron cinco aperturas de Oficinas Municipales de Discapacidad en: Aguacat\u00e1n, Huehuetenango; San Diego, Zacapa; San Antonio Aguas Calientes, Sacatep\u00e9quez; \u00a0Taxisco, Santa Rosa; Santa Cruz el Chol y Granados en Baja Verapaz.<\/p>\n<p>&nbsp;<\/p>\n<p>&nbsp;<\/p>\n","protected":false},"excerpt":{"rendered":"<p>Actividades conmemorativas al D\u00eda Internacional de las Personas con Discapacidad Como parte de las actividades alusivas al D\u00eda Internacional de las Personas con Discapacidad el Consejo Nacional para la Atenci\u00f3n de las Personas con Discapacidad \u2013CONADI-, realiz\u00f3 varias actividades previas al 3 de diciembre, para continuar socializando sobre los de derechos de las personas con &hellip; <\/p>\n<p class=\"link-more\"><a href=\"https:\/\/conadi.gob.gt\/web\/6587\/\" class=\"more-link\">Leer m\u00e1s<span class=\"screen-reader-text\"> \u00ab\u00bb<\/span><\/a><\/p>\n","protected":false},"author":12,"featured_media":6594,"comment_status":"open","ping_status":"closed","sticky":false,"template":"","format":"image","meta":{"footnotes":""},"categories":[3],"tags":[],"class_list":["post-6587","post","type-post","status-publish","format-image","has-post-thumbnail","hentry","category-noticias","post_format-post-format-image"],"_links":{"self":[{"href":"https:\/\/conadi.gob.gt\/web\/wp-json\/wp\/v2\/posts\/6587","targetHints":{"allow":["GET"]}}],"collection":[{"href":"https:\/\/conadi.gob.gt\/web\/wp-json\/wp\/v2\/posts"}],"about":[{"href":"https:\/\/conadi.gob.gt\/web\/wp-json\/wp\/v2\/types\/post"}],"author":[{"embeddable":true,"href":"https:\/\/conadi.gob.gt\/web\/wp-json\/wp\/v2\/users\/12"}],"replies":[{"embeddable":true,"href":"https:\/\/conadi.gob.gt\/web\/wp-json\/wp\/v2\/comments?post=6587"}],"version-history":[{"count":2,"href":"https:\/\/conadi.gob.gt\/web\/wp-json\/wp\/v2\/posts\/6587\/revisions"}],"predecessor-version":[{"id":6590,"href":"https:\/\/conadi.gob.gt\/web\/wp-json\/wp\/v2\/posts\/6587\/revisions\/6590"}],"wp:featuredmedia":[{"embeddable":true,"href":"https:\/\/conadi.gob.gt\/web\/wp-json\/wp\/v2\/media\/6594"}],"wp:attachment":[{"href":"https:\/\/conadi.gob.gt\/web\/wp-json\/wp\/v2\/media?parent=6587"}],"wp:term":[{"taxonomy":"category","embeddable":true,"href":"https:\/\/conadi.gob.gt\/web\/wp-json\/wp\/v2\/categories?post=6587"},{"taxonomy":"post_tag","embeddable":true,"href":"https:\/\/conadi.gob.gt\/web\/wp-json\/wp\/v2\/tags?post=6587"}],"curies":[{"name":"wp","href":"https:\/\/api.w.org\/{rel}","templated":true}]}}