{"id":6591,"date":"2019-12-04T22:37:16","date_gmt":"2019-12-04T22:37:16","guid":{"rendered":"http:\/\/conadi.gob.gt\/web\/?p=6591"},"modified":"2019-12-04T22:37:16","modified_gmt":"2019-12-04T22:37:16","slug":"6591","status":"publish","type":"post","link":"https:\/\/conadi.gob.gt\/web\/6591\/","title":{"rendered":""},"content":{"rendered":"<p><strong>Homenaje a personas destacadas<\/strong><\/p>\n<p><strong>\u00a0<\/strong>El Consejo Nacional para la Atenci\u00f3n de las Personas con Discapacidad \u2013CONADI-, a\u00f1o con a\u00f1o promueve el reconocimiento de\u00a0<em>personas<\/em>\u00a0 que se esfuerzan en dar cumplimiento y proteger los derechos de las personas con discapacidad.<\/p>\n<p>&nbsp;<\/p>\n<p><strong>Mensajero de la Paz<\/strong><\/p>\n<p>El 3 de diciembre, D\u00eda Internacional de las Personas con Discapacidad se llev\u00f3 a cabo el acto \u201cCambio de la Rosa de la Paz\u201d al ingeniero Carlos Armando Way Pernillo como \u201cMensajero de la Paz\u201d actividad realizada en el Patio de la Paz del Palacio Nacional de la Cultura.<\/p>\n<p>El acto dio inicio por un Preludio Musical a cargo de la Sra. Guisela G\u00e1lvez Ar\u00e9valo, pianista con discapacidad visual, interpretando las piezas musicales: Scherzo n\u00famero 2 de Federico Chopin y Scherzino de Jos\u00e9 Ar\u00e9valo Guerra.<\/p>\n<p>Posteriormente, la doctora Rosa Idalia Aldana, presidenta del CONADI brinda mensaje de apertura en el acto del \u00abCambio de la Rosa de la Paz\u201d resaltando que se cuentan con enlaces departamentales que promueven la inclusi\u00f3n de las personas con discapacidad, para sean vistas y valoradas en sus localidades.<\/p>\n<p>Luego, el licenciado Sebasti\u00e1n Toledo, director general de esta instituci\u00f3n procede a dar lectura a la hoja de vida del\u00a0 Ingeniero Carlos Way, \u00a0destacado guatemalteco con discapacidad f\u00edsica, multifac\u00e9tico, deportista, pol\u00edtico y promotor de los derechos humanos de personas con discapacidad, \u00a0tambi\u00e9n es integrante de la Comisi\u00f3n Departamental de Discapacidad -CODEDIS- \u00a0de Jutiapa.<\/p>\n<p>&nbsp;<\/p>\n<p><strong>Ciudadana destacada<\/strong><\/p>\n<p>El 4 de diciembre, en el marco del D\u00eda Internacional de las Personas con Discapacidad, se realiz\u00f3 el reconocimiento a la licenciada Hilda Gabriela Castro de B\u00farbano como \u00abCiudadana Distinguida\u00bb, est\u00e1 actividad es organizada por el programa C\u00edvico Permanente del Banco Industrial y el Consejo Nacional para la Atenci\u00f3n de las Personas con Discapacidad -CONADI -.<\/p>\n<p>Por m\u00e1s de 30 a\u00f1os la licenciada Castro se ha destacado por ser una persona activista en pro de los derechos de las personas con discapacidad, es miembro de ASCATED, ha trabajado el tema de la inclusi\u00f3n escolar e inclusi\u00f3n laboral; adem\u00e1s es asesora en diferentes instituciones que trabajan la tem\u00e1tica de discapacidad, manifiesta Francisco Sipaque, miembro de Junta Directiva del CONADI.<\/p>\n<p><strong>\u00a0<a href=\"https:\/\/conadi.gob.gt\/web\/wp-content\/uploads\/2019\/12\/WhatsApp-Image-2019-12-04-at-3.04.42-PM.jpeg\"><img loading=\"lazy\" decoding=\"async\" class=\"alignnone size-medium wp-image-6592\" src=\"https:\/\/conadi.gob.gt\/web\/wp-content\/uploads\/2019\/12\/WhatsApp-Image-2019-12-04-at-3.04.42-PM-232x300.jpeg\" alt=\"\" width=\"232\" height=\"300\" srcset=\"https:\/\/conadi.gob.gt\/web\/wp-content\/uploads\/2019\/12\/WhatsApp-Image-2019-12-04-at-3.04.42-PM-232x300.jpeg 232w, https:\/\/conadi.gob.gt\/web\/wp-content\/uploads\/2019\/12\/WhatsApp-Image-2019-12-04-at-3.04.42-PM-768x994.jpeg 768w, https:\/\/conadi.gob.gt\/web\/wp-content\/uploads\/2019\/12\/WhatsApp-Image-2019-12-04-at-3.04.42-PM-791x1024.jpeg 791w, https:\/\/conadi.gob.gt\/web\/wp-content\/uploads\/2019\/12\/WhatsApp-Image-2019-12-04-at-3.04.42-PM.jpeg 989w\" sizes=\"auto, (max-width: 232px) 100vw, 232px\" \/><\/a><\/strong><\/p>\n","protected":false},"excerpt":{"rendered":"<p>Homenaje a personas destacadas \u00a0El Consejo Nacional para la Atenci\u00f3n de las Personas con Discapacidad \u2013CONADI-, a\u00f1o con a\u00f1o promueve el reconocimiento de\u00a0personas\u00a0 que se esfuerzan en dar cumplimiento y proteger los derechos de las personas con discapacidad. &nbsp; Mensajero de la Paz El 3 de diciembre, D\u00eda Internacional de las Personas con Discapacidad se &hellip; <\/p>\n<p class=\"link-more\"><a href=\"https:\/\/conadi.gob.gt\/web\/6591\/\" class=\"more-link\">Leer m\u00e1s<span class=\"screen-reader-text\"> \u00ab\u00bb<\/span><\/a><\/p>\n","protected":false},"author":12,"featured_media":6592,"comment_status":"open","ping_status":"closed","sticky":false,"template":"","format":"standard","meta":{"footnotes":""},"categories":[3],"tags":[],"class_list":["post-6591","post","type-post","status-publish","format-standard","has-post-thumbnail","hentry","category-noticias"],"_links":{"self":[{"href":"https:\/\/conadi.gob.gt\/web\/wp-json\/wp\/v2\/posts\/6591","targetHints":{"allow":["GET"]}}],"collection":[{"href":"https:\/\/conadi.gob.gt\/web\/wp-json\/wp\/v2\/posts"}],"about":[{"href":"https:\/\/conadi.gob.gt\/web\/wp-json\/wp\/v2\/types\/post"}],"author":[{"embeddable":true,"href":"https:\/\/conadi.gob.gt\/web\/wp-json\/wp\/v2\/users\/12"}],"replies":[{"embeddable":true,"href":"https:\/\/conadi.gob.gt\/web\/wp-json\/wp\/v2\/comments?post=6591"}],"version-history":[{"count":1,"href":"https:\/\/conadi.gob.gt\/web\/wp-json\/wp\/v2\/posts\/6591\/revisions"}],"predecessor-version":[{"id":6593,"href":"https:\/\/conadi.gob.gt\/web\/wp-json\/wp\/v2\/posts\/6591\/revisions\/6593"}],"wp:featuredmedia":[{"embeddable":true,"href":"https:\/\/conadi.gob.gt\/web\/wp-json\/wp\/v2\/media\/6592"}],"wp:attachment":[{"href":"https:\/\/conadi.gob.gt\/web\/wp-json\/wp\/v2\/media?parent=6591"}],"wp:term":[{"taxonomy":"category","embeddable":true,"href":"https:\/\/conadi.gob.gt\/web\/wp-json\/wp\/v2\/categories?post=6591"},{"taxonomy":"post_tag","embeddable":true,"href":"https:\/\/conadi.gob.gt\/web\/wp-json\/wp\/v2\/tags?post=6591"}],"curies":[{"name":"wp","href":"https:\/\/api.w.org\/{rel}","templated":true}]}}