{"id":6636,"date":"2019-12-10T16:20:05","date_gmt":"2019-12-10T16:20:05","guid":{"rendered":"http:\/\/conadi.gob.gt\/web\/?p=6636"},"modified":"2019-12-10T16:20:05","modified_gmt":"2019-12-10T16:20:05","slug":"suscripcion-de-convenio-potenciara-las-capacidades-socioemocionales-y-transversales-de-personas-con-discapacidad","status":"publish","type":"post","link":"https:\/\/conadi.gob.gt\/web\/suscripcion-de-convenio-potenciara-las-capacidades-socioemocionales-y-transversales-de-personas-con-discapacidad\/","title":{"rendered":"Suscripci\u00f3n de convenio potenciar\u00e1 las capacidades socioemocionales y transversales de personas con discapacidad"},"content":{"rendered":"<p>El Consejo Nacional para la Atenci\u00f3n de las Personas con Discapacidad, el Ministerio de Trabajo y Previsi\u00f3n Social y el Comit\u00e9 Internacional para el Desarrollo de los Pueblos, llevaron a cabo el lanzamiento del Proceso de Formaci\u00f3n en Competencias Transversales Socioemocionales para la Inclusi\u00f3n Laboral \u2013CTSE-.<\/p>\n<p>El objetivo de este proceso es consolidar la capacidad de los t\u00e9cnicos del Ministerio de Trabajo y del CONADI para fortalecer un conjunto de Competencias Transversales y Socioemocionales (CTSE) en poblaci\u00f3n vulnerable.<\/p>\n<p>El proyecto iniciar\u00e1 en febrero del 2020 y constar\u00e1 de cinco m\u00f3dulos: Introducci\u00f3n a las Competencias Transversales y Socioemocionales: \u00c1mbito Emocional; \u00c1mbito Cognitivo; \u00c1mbito Relacional; \u00c1mbito Pr\u00e1ctico\u00a0y contar\u00e1 con los\u00a0 componentes te\u00f3rico, pr\u00e1ctico y pedag\u00f3gico.<\/p>\n<p>Los contenidos ser\u00e1n impartidos por expertos de CISP Italia, posteriormente las personas que recibir\u00e1n los talleres estar\u00e1n en la capacidad de replicar los conocimientos con el personal de las delegaciones a nivel departamental del CONADI y Mintrab.<\/p>\n<p>Las personas beneficiarias obtendr\u00e1n los insumos para elaborar un curr\u00edculum adecuado, \u00a0como abordar una entrevista laboral, presentaci\u00f3n personal, motivaci\u00f3n, liderazgo, entre otros aspectos. El CONADI promueve el involucramiento de las personas con discapacidad en procesos de formaci\u00f3n, con la finalidad de potenciar las capacidades y habilidades para su inclusi\u00f3n en el sector productivo y con ello, su contribuci\u00f3n en el desarrollo del pa\u00eds.<\/p>\n<p>Respecto al Ministerio de Trabajo y Previsi\u00f3n Social, impulsa la inclusi\u00f3n laboral de\u00a0 personas con discapacidad y con est\u00e1 capacitaci\u00f3n el personal de la cartera tendr\u00e1 nuevos conocimientos que permitir\u00e1n brindar un mejor apoyo a las personas interesadas en obtener un empleo. Es importante agregar, que en el 2019, el Mintrab, adem\u00e1s de las pasant\u00edas laborales a lo interno de la instituci\u00f3n, tambi\u00e9n logr\u00f3 la inclusi\u00f3n de 50 personas con discapacidad en varias empresas guatemaltecas.<\/p>\n<p>En este contexto, las instituciones involucradas firmaron un acuerdo de compromiso interinstitucional para lograr el mayor provecho del proceso de formaci\u00f3n de las CTSE. Por el Mintrab firm\u00f3 el viceministro Francisco Sandoval; por el CONADI, su presidenta, Dra. Rosa Idalia Aldana, y por CISP Italia, el ingeniero Melvin Teni.<\/p>\n<p>&nbsp;<\/p>\n<p>&nbsp;<\/p>\n<figure id=\"attachment_6637\" aria-describedby=\"caption-attachment-6637\" style=\"width: 407px\" class=\"wp-caption aligncenter\"><a href=\"https:\/\/conadi.gob.gt\/web\/wp-content\/uploads\/2019\/12\/Collage-suscripcion-convenio-Mintrab-conadi-cisp.jpg\"><img loading=\"lazy\" decoding=\"async\" id=\"longdesc-return-6637\" class=\"size-full wp-image-6637\" tabindex=\"-1\" src=\"https:\/\/conadi.gob.gt\/web\/wp-content\/uploads\/2019\/12\/Collage-suscripcion-convenio-Mintrab-conadi-cisp.jpg\" alt=\"Convenio Mintrab, Conadi Cisp\" width=\"407\" height=\"407\" longdesc=\"https:\/\/conadi.gob.gt\/web?longdesc=6637&amp;referrer=6636\" srcset=\"https:\/\/conadi.gob.gt\/web\/wp-content\/uploads\/2019\/12\/Collage-suscripcion-convenio-Mintrab-conadi-cisp.jpg 407w, https:\/\/conadi.gob.gt\/web\/wp-content\/uploads\/2019\/12\/Collage-suscripcion-convenio-Mintrab-conadi-cisp-150x150.jpg 150w, https:\/\/conadi.gob.gt\/web\/wp-content\/uploads\/2019\/12\/Collage-suscripcion-convenio-Mintrab-conadi-cisp-300x300.jpg 300w\" sizes=\"auto, (max-width: 407px) 100vw, 407px\" \/><\/a><figcaption id=\"caption-attachment-6637\" class=\"wp-caption-text\">Suscripci\u00f3n de convenio MINTRAB, CONADI, CISP<\/figcaption><\/figure>\n<p>&nbsp;<\/p>\n","protected":false},"excerpt":{"rendered":"<p>El Consejo Nacional para la Atenci\u00f3n de las Personas con Discapacidad, el Ministerio de Trabajo y Previsi\u00f3n Social y el Comit\u00e9 Internacional para el Desarrollo de los Pueblos, llevaron a cabo el lanzamiento del Proceso de Formaci\u00f3n en Competencias Transversales Socioemocionales para la Inclusi\u00f3n Laboral \u2013CTSE-. El objetivo de este proceso es consolidar la capacidad &hellip; <\/p>\n<p class=\"link-more\"><a href=\"https:\/\/conadi.gob.gt\/web\/suscripcion-de-convenio-potenciara-las-capacidades-socioemocionales-y-transversales-de-personas-con-discapacidad\/\" class=\"more-link\">Leer m\u00e1s<span class=\"screen-reader-text\"> \u00abSuscripci\u00f3n de convenio potenciar\u00e1 las capacidades socioemocionales y transversales de personas con discapacidad\u00bb<\/span><\/a><\/p>\n","protected":false},"author":12,"featured_media":6637,"comment_status":"open","ping_status":"closed","sticky":false,"template":"","format":"standard","meta":{"footnotes":""},"categories":[3],"tags":[],"class_list":["post-6636","post","type-post","status-publish","format-standard","has-post-thumbnail","hentry","category-noticias"],"_links":{"self":[{"href":"https:\/\/conadi.gob.gt\/web\/wp-json\/wp\/v2\/posts\/6636","targetHints":{"allow":["GET"]}}],"collection":[{"href":"https:\/\/conadi.gob.gt\/web\/wp-json\/wp\/v2\/posts"}],"about":[{"href":"https:\/\/conadi.gob.gt\/web\/wp-json\/wp\/v2\/types\/post"}],"author":[{"embeddable":true,"href":"https:\/\/conadi.gob.gt\/web\/wp-json\/wp\/v2\/users\/12"}],"replies":[{"embeddable":true,"href":"https:\/\/conadi.gob.gt\/web\/wp-json\/wp\/v2\/comments?post=6636"}],"version-history":[{"count":1,"href":"https:\/\/conadi.gob.gt\/web\/wp-json\/wp\/v2\/posts\/6636\/revisions"}],"predecessor-version":[{"id":6638,"href":"https:\/\/conadi.gob.gt\/web\/wp-json\/wp\/v2\/posts\/6636\/revisions\/6638"}],"wp:featuredmedia":[{"embeddable":true,"href":"https:\/\/conadi.gob.gt\/web\/wp-json\/wp\/v2\/media\/6637"}],"wp:attachment":[{"href":"https:\/\/conadi.gob.gt\/web\/wp-json\/wp\/v2\/media?parent=6636"}],"wp:term":[{"taxonomy":"category","embeddable":true,"href":"https:\/\/conadi.gob.gt\/web\/wp-json\/wp\/v2\/categories?post=6636"},{"taxonomy":"post_tag","embeddable":true,"href":"https:\/\/conadi.gob.gt\/web\/wp-json\/wp\/v2\/tags?post=6636"}],"curies":[{"name":"wp","href":"https:\/\/api.w.org\/{rel}","templated":true}]}}