{"id":6759,"date":"2020-01-13T21:46:12","date_gmt":"2020-01-13T21:46:12","guid":{"rendered":"http:\/\/conadi.gob.gt\/web\/?p=6759"},"modified":"2020-01-13T21:46:12","modified_gmt":"2020-01-13T21:46:12","slug":"se-fortalecen-subsectores-con-seis-organizaciones","status":"publish","type":"post","link":"https:\/\/conadi.gob.gt\/web\/se-fortalecen-subsectores-con-seis-organizaciones\/","title":{"rendered":"SE FORTALECEN SUBSECTORES CON SEIS ORGANIZACIONES"},"content":{"rendered":"<p><strong>SE FORTALECEN SUBSECTORES CON SEIS ORGANIZACIONES<\/strong><\/p>\n<p>El Consejo Nacional para la Atenci\u00f3n de las Personas con Discapacidad \u2013CONADI-, a\u00f1o con a\u00f1o promueve la integraci\u00f3n de nuevas organizaciones para el fortalecimiento de los subsectores, como lo indica el Decreto 135-96 del Congreso de la Rep\u00fablica y su Reglamento; el cual regula la participaci\u00f3n de representantes de las organizaciones de personas con discapacidad de la sociedad civil para alcanzar el m\u00e1ximo nivel de representatividad.<\/p>\n<p>Por su parte, el CONADI adopt\u00f3 desde sus inicios la estrategia de agrupar las organizaciones por subsectores, de conformidad con la naturaleza de integraci\u00f3n, programas, pol\u00edticas y servicios.<\/p>\n<p>Es por ello,\u00a0 que en este 2020 seis organizaciones se suman a formar parte del CONADI, las cuales tienen como objetivo trabajar en la promoci\u00f3n de los derechos de las personas con discapacidad y realizar acciones en beneficio de este colectivo. Las organizaciones son:<\/p>\n<p><strong>ASOCIACI\u00d3N DE PERSONAS NO VIDENTES DE JUTIAPA\u00a0\u00a0\u00a0\u00a0\u00a0\u00a0\u00a0\u00a0\u00a0\u00a0\u00a0\u00a0\u00a0\u00a0\u00a0\u00a0\u00a0\u00a0\u00a0\u00a0 \u2013 APENOVIJUT-<\/strong><\/p>\n<p>Esta organizaci\u00f3n tiene como objetivo que todas aquellas personas ciegas o con deficiencia visual tengan como finalidad com\u00fan la protecci\u00f3n de los intereses y aspiraciones laborales, econ\u00f3micas, educativas, rehabilitadores, culturales, recreativas, socio ambientales de sus asociados formulando planes, programas y proyectos que coadyuven a estos fines.<\/p>\n<p>APENOVIJUT ha sido conformada desde el 2012, tiene cobertura en los 17 municipios de ese departamento, es la primera organizaci\u00f3n del \u00e1rea de Jutiapa que ha solicitado formar parte del CONADI y de acuerdo a dictamen t\u00e9cnico ser\u00e1 integrada al subsector de organizaciones de personas con discapacidad visual.<\/p>\n<p><strong>ASOCIACI\u00d3N PRO-ENSE\u00d1ANZA\u00a0 DE LENGUA DE SE\u00d1AS, GUATEMALA \u2013ENSE\u00d1AS GUATEMALA-<\/strong><\/p>\n<p>Tiene como finalidad fomentar y ense\u00f1ar la lengua de se\u00f1as tanto para personas sordas, como para oyentes de cualquier g\u00e9nero y edad. As\u00ed como implementar talleres de actualizaci\u00f3n de Lengua de Se\u00f1as con profesores e int\u00e9rpretes en San Lucas, Sacatep\u00e9quez.<\/p>\n<p>ENSE\u00d1AS GUATEMALA formar\u00e1 parte del subsector de organismos de personas con discapacidad auditiva.<\/p>\n<p><strong>ASOCIACI\u00d3N DIGNA<\/strong><\/p>\n<p>Su objetivo es brindar oportunidad a sus asociados en la comunidad y sus alrededores para la b\u00fasqueda de la dignidad humana, promoviendo la inclusi\u00f3n de todo ser humano en todos los \u00e1mbitos en el departamento de Sacatep\u00e9quez. Esta organizaci\u00f3n formar\u00e1 parte del subsector de organismos e instituciones que promueven acciones a favor de las personas con discapacidad.<\/p>\n<p><strong>FUNDACI\u00d3N SONRISAS QUE ESCUCHAN \u2013FSQE-<\/strong><\/p>\n<p>Formar\u00e1 parte del subsector de organismos e instituciones que promueven acciones a favor de las personas con discapacidad en el CONADI,\u00a0 ya que tiene como objetivo promover todo tipo de actividades sociales y comunitarias para crear los mecanismos necesarios que permitan la detecci\u00f3n temprana, diagn\u00f3stico y tratamiento de problemas auditivos en ni\u00f1os y adultos, contribuyendo con la disminuci\u00f3n de los efectos de la sordera.<\/p>\n<p>&nbsp;<\/p>\n<p><strong>ASOCIACI\u00d3N GUATEMALTECA PARA EL AUTISMO \u2013AGUA-<\/strong><\/p>\n<p>Esta asociaci\u00f3n es una iniciativa privada sin \u00e1nimo de lucro que busca darle respuesta integral a un trastorno neurol\u00f3gico. AGUA abri\u00f3 sus puertas en el a\u00f1o 2012 como una alternativa de atenci\u00f3n inclusiva y accesible para ni\u00f1os, ni\u00f1as, adolescentes con autismo y cuenta con programas psicoeducativos y terap\u00e9uticos.\u00a0 Asimismo, formar\u00e1 parte del CONADI en el subsector de organizaciones de padres, madres y familiares de personas con discapacidad.<\/p>\n<p>En Guatemala hay m\u00e1s de 225 mil personas con autismo, seg\u00fan el Centro de Control y Prevenci\u00f3n de Enfermedades (CDC)\u00a0 y que en la actualidad es 9 desconocido para la sociedad guatemalteca.<\/p>\n<p><strong>\u00a0<\/strong><\/p>\n<p><strong>ASOCIACI\u00d3N ENS\u00c9\u00d1AME A VOLAR\u00a0 -AVEO-<\/strong><\/p>\n<p>Es un centro que brinda servicio integral, encargado de la rehabilitaci\u00f3n funcional y efectiva de ni\u00f1os, j\u00f3venes y adultos con discapacidad a trav\u00e9s de rehabilitaci\u00f3n f\u00edsica y ocupacional, generando estrategias para proyectos de micro emprendimiento que tengan impacto social, con el fin de maximizar su capacidad y destrezas para formar personas competentes en la sociedad a trav\u00e9s de diferentes metodolog\u00edas terap\u00e9uticas, atendidos y guiados por personal calificado, dando cobertura en el departamento de Quetzaltenango.<\/p>\n<p>Esta asociaci\u00f3n formar\u00e1 parte del subsector de\u00a0 organismos e instituciones que prestan atenci\u00f3n directa a las personas con discapacidad.<\/p>\n<p>Ahora, el CONADI cuenta con 64 organizaciones de personas con discapacidad adscritas a nivel nacional; las cuales integran el soporte central para la implementaci\u00f3n de las estrategias de incidencia y lograr de forma conjunta una sociedad inclusiva.<\/p>\n<p>A trav\u00e9s del Eje de Participaci\u00f3n Ciudadana se dar\u00e1 seguimiento y asesoramiento a otras organizaciones que deseen formar parte del Consejo Nacional para la Atenci\u00f3n de las Personas con Discapacidad.<\/p>\n<p><a href=\"https:\/\/conadi.gob.gt\/web\/wp-content\/uploads\/2020\/01\/collage-pagina-web.jpg\"><img loading=\"lazy\" decoding=\"async\" class=\"alignnone size-medium wp-image-6756\" src=\"https:\/\/conadi.gob.gt\/web\/wp-content\/uploads\/2020\/01\/collage-pagina-web-225x300.jpg\" alt=\"\" width=\"225\" height=\"300\" srcset=\"https:\/\/conadi.gob.gt\/web\/wp-content\/uploads\/2020\/01\/collage-pagina-web-225x300.jpg 225w, https:\/\/conadi.gob.gt\/web\/wp-content\/uploads\/2020\/01\/collage-pagina-web.jpg 720w\" sizes=\"auto, (max-width: 225px) 100vw, 225px\" \/><\/a><\/p>\n<p>&nbsp;<\/p>\n","protected":false},"excerpt":{"rendered":"<p>SE FORTALECEN SUBSECTORES CON SEIS ORGANIZACIONES El Consejo Nacional para la Atenci\u00f3n de las Personas con Discapacidad \u2013CONADI-, a\u00f1o con a\u00f1o promueve la integraci\u00f3n de nuevas organizaciones para el fortalecimiento de los subsectores, como lo indica el Decreto 135-96 del Congreso de la Rep\u00fablica y su Reglamento; el cual regula la participaci\u00f3n de representantes de &hellip; <\/p>\n<p class=\"link-more\"><a href=\"https:\/\/conadi.gob.gt\/web\/se-fortalecen-subsectores-con-seis-organizaciones\/\" class=\"more-link\">Leer m\u00e1s<span class=\"screen-reader-text\"> \u00abSE FORTALECEN SUBSECTORES CON SEIS ORGANIZACIONES\u00bb<\/span><\/a><\/p>\n","protected":false},"author":12,"featured_media":6756,"comment_status":"open","ping_status":"closed","sticky":false,"template":"","format":"standard","meta":{"footnotes":""},"categories":[1],"tags":[],"class_list":["post-6759","post","type-post","status-publish","format-standard","has-post-thumbnail","hentry","category-sin-categoria"],"_links":{"self":[{"href":"https:\/\/conadi.gob.gt\/web\/wp-json\/wp\/v2\/posts\/6759","targetHints":{"allow":["GET"]}}],"collection":[{"href":"https:\/\/conadi.gob.gt\/web\/wp-json\/wp\/v2\/posts"}],"about":[{"href":"https:\/\/conadi.gob.gt\/web\/wp-json\/wp\/v2\/types\/post"}],"author":[{"embeddable":true,"href":"https:\/\/conadi.gob.gt\/web\/wp-json\/wp\/v2\/users\/12"}],"replies":[{"embeddable":true,"href":"https:\/\/conadi.gob.gt\/web\/wp-json\/wp\/v2\/comments?post=6759"}],"version-history":[{"count":1,"href":"https:\/\/conadi.gob.gt\/web\/wp-json\/wp\/v2\/posts\/6759\/revisions"}],"predecessor-version":[{"id":6760,"href":"https:\/\/conadi.gob.gt\/web\/wp-json\/wp\/v2\/posts\/6759\/revisions\/6760"}],"wp:featuredmedia":[{"embeddable":true,"href":"https:\/\/conadi.gob.gt\/web\/wp-json\/wp\/v2\/media\/6756"}],"wp:attachment":[{"href":"https:\/\/conadi.gob.gt\/web\/wp-json\/wp\/v2\/media?parent=6759"}],"wp:term":[{"taxonomy":"category","embeddable":true,"href":"https:\/\/conadi.gob.gt\/web\/wp-json\/wp\/v2\/categories?post=6759"},{"taxonomy":"post_tag","embeddable":true,"href":"https:\/\/conadi.gob.gt\/web\/wp-json\/wp\/v2\/tags?post=6759"}],"curies":[{"name":"wp","href":"https:\/\/api.w.org\/{rel}","templated":true}]}}