{"id":6772,"date":"2020-01-17T17:58:02","date_gmt":"2020-01-17T17:58:02","guid":{"rendered":"http:\/\/conadi.gob.gt\/web\/?p=6772"},"modified":"2020-01-17T22:20:22","modified_gmt":"2020-01-17T22:20:22","slug":"el-discurso-del-presidente-inclusivo-y-humano","status":"publish","type":"post","link":"https:\/\/conadi.gob.gt\/web\/el-discurso-del-presidente-inclusivo-y-humano\/","title":{"rendered":"EL DISCURSO DEL PRESIDENTE, INCLUSIVO Y HUMANO"},"content":{"rendered":"<p><strong>UN DISCURSO INCLUSIVO y HUMANO<\/strong><\/p>\n<p>El Dr. Alejandro Giammattei ingres\u00f3 con el apoyo de dos muletas y acompa\u00f1ado de su hija, ahora primera dama, Ana Marcela Giammattei, a la sala Efra\u00edn Recinos del Centro Cultural Miguel \u00c1ngel Asturias. Rompi\u00f3 el protocolo al utilizar el tema musical \u201cA mi manera\u201d. Al saludar a los presidentes que presenciaron la toma de posesi\u00f3n, estrech\u00f3 la mano efusivamente al mandatario de Ecuador, Lenin Moreno Garc\u00e9s, usuario de silla de ruedas, con quien comparte la experiencia de promover espacios de participaci\u00f3n en beneficio de las personas con discapacidad.<\/p>\n<p>Luego de ser investido como el 51\u00ba mandatario de Guatemala, el Dr. Alejandro Giammattei, emiti\u00f3 su primer discurso presidencial. Habl\u00f3 alrededor de 30 minutos, refiri\u00e9ndose sobre dinamizar la econom\u00eda y el desarrollo, a trav\u00e9s de la capacitaci\u00f3n, generaci\u00f3n de empleos y emprendimientos para los guatemaltecos. Se refiri\u00f3 a la educaci\u00f3n como el eje central de nuestro futuro, a mediano y largo plazo, como el \u00fanico motor de la sociedad. En materia de seguridad, dio a conocer \u00a0las primeras acciones a implementar a trav\u00e9s de iniciativas de ley en el Congreso de la Rep\u00fablica.<\/p>\n<p>&nbsp;<\/p>\n<figure id=\"attachment_6773\" aria-describedby=\"caption-attachment-6773\" style=\"width: 1024px\" class=\"wp-caption aligncenter\"><a href=\"https:\/\/conadi.gob.gt\/web\/wp-content\/uploads\/2020\/01\/30725c37-fc9c-4801-9267-2a5b794b8848.jpg\"><img loading=\"lazy\" decoding=\"async\" id=\"longdesc-return-6773\" class=\"size-large wp-image-6773\" tabindex=\"-1\" src=\"https:\/\/conadi.gob.gt\/web\/wp-content\/uploads\/2020\/01\/30725c37-fc9c-4801-9267-2a5b794b8848-1024x658.jpg\" alt=\"Alejandro Giammattei y Len\u00edn Moreno\" width=\"1024\" height=\"658\" longdesc=\"https:\/\/conadi.gob.gt\/web?longdesc=6773&amp;referrer=6772\" srcset=\"https:\/\/conadi.gob.gt\/web\/wp-content\/uploads\/2020\/01\/30725c37-fc9c-4801-9267-2a5b794b8848-1024x658.jpg 1024w, https:\/\/conadi.gob.gt\/web\/wp-content\/uploads\/2020\/01\/30725c37-fc9c-4801-9267-2a5b794b8848-300x193.jpg 300w, https:\/\/conadi.gob.gt\/web\/wp-content\/uploads\/2020\/01\/30725c37-fc9c-4801-9267-2a5b794b8848-768x493.jpg 768w, https:\/\/conadi.gob.gt\/web\/wp-content\/uploads\/2020\/01\/30725c37-fc9c-4801-9267-2a5b794b8848-190x122.jpg 190w, https:\/\/conadi.gob.gt\/web\/wp-content\/uploads\/2020\/01\/30725c37-fc9c-4801-9267-2a5b794b8848-120x76.jpg 120w, https:\/\/conadi.gob.gt\/web\/wp-content\/uploads\/2020\/01\/30725c37-fc9c-4801-9267-2a5b794b8848-220x140.jpg 220w, https:\/\/conadi.gob.gt\/web\/wp-content\/uploads\/2020\/01\/30725c37-fc9c-4801-9267-2a5b794b8848.jpg 1200w\" sizes=\"auto, (max-width: 1024px) 100vw, 1024px\" \/><\/a><figcaption id=\"caption-attachment-6773\" class=\"wp-caption-text\">Presidente de Guatemala Alejandro Giammattei estrecha la mano al mandatario de Ecuador, Len\u00edn Moreno<\/figcaption><\/figure>\n<p>&nbsp;<\/p>\n<p><strong>Un Presidente para Todos<\/strong><\/p>\n<p>En la alocuci\u00f3n de Giammattei, argument\u00f3 que trabajar\u00e1 encarecidamente por los sectores vulnerables, ni\u00f1os y ni\u00f1as, mujeres, pueblos ind\u00edgenas, migrantes y por las personas con discapacidad. A continuaci\u00f3n parte del discurso:<\/p>\n<p><strong>-Ni\u00f1os y discapacidad<\/strong><\/p>\n<p>\u201cCada vez que pienso en Guatemala, no pienso en infraestructura, ni en macroeconom\u00eda, ni en cifras, me asalta la imagen de una peque\u00f1a ni\u00f1a guatemalteca, cerca de morir por desnutrici\u00f3n, en espera de alimento que llegar\u00e1 ma\u00f1ana. Pero la ayuda no llega hoy ni la semana siguiente. Los ni\u00f1os mal nutridos son el gran fracaso del pa\u00eds. Es una realidad que no podemos negar, tenemos altos \u00edndices de desnutrici\u00f3n cr\u00f3nica, condenamos a la muerte y a la <strong>discapacidad mental<\/strong> a nuestros ni\u00f1os. Ellos son el primer objetivo de este gobierno por los pr\u00f3ximos cuatro a\u00f1os\u201d.<\/p>\n<p><strong>-A mis compa\u00f1eros con Discapacidad<\/strong><\/p>\n<p>\u201cHoy uno de ustedes es presidente\u201d refiri\u00f3 el mandatario al dirigirse a la poblaci\u00f3n en condici\u00f3n de discapacidad antes de ser interrumpido por los aplausos del p\u00fablico.<\/p>\n<p>Agreg\u00f3, \u201cDesde peque\u00f1os nos dicen lo que no podemos lograr, s\u00e9 que nos enfrentamos a muchas barreras y no s\u00f3lo arquitect\u00f3nicas. S\u00e9 que nos dicen que no tenemos las condiciones para salir adelante por sus propios medios. Pues aqu\u00ed tienen a alguien que sabe lo que valen, que sabe de lo que son capaces y lo que pueden hacer\u201d.<\/p>\n<p>\u00abMerecen oportunidades de estudio, trabajo y justicia. Cuentan con todo mi apoyo para abrirles las puertas y que hagan lo que ustedes mejor saben hacer. Trabajar con ese esfuerzo infinito que a todos nos llena de orgullo. Guatemaltecos, en este gobierno todos ser\u00e1n escuchados, este es un presidente de todos y para todos\u00bb, puntualiz\u00f3.<\/p>\n<p>En pronunciamientos anteriores, Giammattei ha indicado que ser\u00e1 el primer presidente con discapacidad de Guatemala y el tercero del continente americano. En referencia al ex presidente Franklin Roosevelt y el actual mandatario de la rep\u00fablica de Ecuador, Len\u00edn Moreno Garc\u00e9s.<\/p>\n<p>En entrevista con el Consejo Nacional para la Atenci\u00f3n de las Personas con Discapacidad, -CONADI-, argument\u00f3 que las demandas de la poblaci\u00f3n con discapacidad est\u00e1n contenidas de manera transversal en su plan de gobierno, incluidas en su mayor\u00eda en el pilar 2, respecto a <strong>Desarrollo Social<\/strong>.<\/p>\n<p>&nbsp;<\/p>\n<figure id=\"attachment_6774\" aria-describedby=\"caption-attachment-6774\" style=\"width: 960px\" class=\"wp-caption aligncenter\"><a href=\"https:\/\/conadi.gob.gt\/web\/wp-content\/uploads\/2020\/01\/3beab3b0-b3a0-4e9b-bbe7-7856a0e1e67b.jpg\"><img loading=\"lazy\" decoding=\"async\" id=\"longdesc-return-6774\" class=\"size-full wp-image-6774\" tabindex=\"-1\" src=\"https:\/\/conadi.gob.gt\/web\/wp-content\/uploads\/2020\/01\/3beab3b0-b3a0-4e9b-bbe7-7856a0e1e67b.jpg\" alt=\"Presidente de Guatemala, Alejandro Giammattei\" width=\"960\" height=\"640\" longdesc=\"https:\/\/conadi.gob.gt\/web?longdesc=6774&amp;referrer=6772\" srcset=\"https:\/\/conadi.gob.gt\/web\/wp-content\/uploads\/2020\/01\/3beab3b0-b3a0-4e9b-bbe7-7856a0e1e67b.jpg 960w, https:\/\/conadi.gob.gt\/web\/wp-content\/uploads\/2020\/01\/3beab3b0-b3a0-4e9b-bbe7-7856a0e1e67b-300x200.jpg 300w, https:\/\/conadi.gob.gt\/web\/wp-content\/uploads\/2020\/01\/3beab3b0-b3a0-4e9b-bbe7-7856a0e1e67b-768x512.jpg 768w, https:\/\/conadi.gob.gt\/web\/wp-content\/uploads\/2020\/01\/3beab3b0-b3a0-4e9b-bbe7-7856a0e1e67b-90x60.jpg 90w, https:\/\/conadi.gob.gt\/web\/wp-content\/uploads\/2020\/01\/3beab3b0-b3a0-4e9b-bbe7-7856a0e1e67b-180x120.jpg 180w, https:\/\/conadi.gob.gt\/web\/wp-content\/uploads\/2020\/01\/3beab3b0-b3a0-4e9b-bbe7-7856a0e1e67b-95x64.jpg 95w\" sizes=\"auto, (max-width: 960px) 100vw, 960px\" \/><\/a><figcaption id=\"caption-attachment-6774\" class=\"wp-caption-text\">Dr. Alejandro Giammattei, presidente de Guatemala<\/figcaption><\/figure>\n","protected":false},"excerpt":{"rendered":"<p>UN DISCURSO INCLUSIVO y HUMANO El Dr. Alejandro Giammattei ingres\u00f3 con el apoyo de dos muletas y acompa\u00f1ado de su hija, ahora primera dama, Ana Marcela Giammattei, a la sala Efra\u00edn Recinos del Centro Cultural Miguel \u00c1ngel Asturias. Rompi\u00f3 el protocolo al utilizar el tema musical \u201cA mi manera\u201d. Al saludar a los presidentes que &hellip; <\/p>\n<p class=\"link-more\"><a href=\"https:\/\/conadi.gob.gt\/web\/el-discurso-del-presidente-inclusivo-y-humano\/\" class=\"more-link\">Leer m\u00e1s<span class=\"screen-reader-text\"> \u00abEL DISCURSO DEL PRESIDENTE, INCLUSIVO Y HUMANO\u00bb<\/span><\/a><\/p>\n","protected":false},"author":12,"featured_media":6773,"comment_status":"open","ping_status":"closed","sticky":false,"template":"","format":"standard","meta":{"footnotes":""},"categories":[3],"tags":[],"class_list":["post-6772","post","type-post","status-publish","format-standard","has-post-thumbnail","hentry","category-noticias"],"_links":{"self":[{"href":"https:\/\/conadi.gob.gt\/web\/wp-json\/wp\/v2\/posts\/6772","targetHints":{"allow":["GET"]}}],"collection":[{"href":"https:\/\/conadi.gob.gt\/web\/wp-json\/wp\/v2\/posts"}],"about":[{"href":"https:\/\/conadi.gob.gt\/web\/wp-json\/wp\/v2\/types\/post"}],"author":[{"embeddable":true,"href":"https:\/\/conadi.gob.gt\/web\/wp-json\/wp\/v2\/users\/12"}],"replies":[{"embeddable":true,"href":"https:\/\/conadi.gob.gt\/web\/wp-json\/wp\/v2\/comments?post=6772"}],"version-history":[{"count":10,"href":"https:\/\/conadi.gob.gt\/web\/wp-json\/wp\/v2\/posts\/6772\/revisions"}],"predecessor-version":[{"id":6787,"href":"https:\/\/conadi.gob.gt\/web\/wp-json\/wp\/v2\/posts\/6772\/revisions\/6787"}],"wp:featuredmedia":[{"embeddable":true,"href":"https:\/\/conadi.gob.gt\/web\/wp-json\/wp\/v2\/media\/6773"}],"wp:attachment":[{"href":"https:\/\/conadi.gob.gt\/web\/wp-json\/wp\/v2\/media?parent=6772"}],"wp:term":[{"taxonomy":"category","embeddable":true,"href":"https:\/\/conadi.gob.gt\/web\/wp-json\/wp\/v2\/categories?post=6772"},{"taxonomy":"post_tag","embeddable":true,"href":"https:\/\/conadi.gob.gt\/web\/wp-json\/wp\/v2\/tags?post=6772"}],"curies":[{"name":"wp","href":"https:\/\/api.w.org\/{rel}","templated":true}]}}