{"id":6820,"date":"2020-01-22T23:08:43","date_gmt":"2020-01-22T23:08:43","guid":{"rendered":"http:\/\/conadi.gob.gt\/web\/?p=6820"},"modified":"2020-01-22T23:08:43","modified_gmt":"2020-01-22T23:08:43","slug":"el-conadi-promueve-el-avance-del-proyecto-de-ley-laboral-en-beneficio-de-las-personas-con-discapacidad","status":"publish","type":"post","link":"https:\/\/conadi.gob.gt\/web\/el-conadi-promueve-el-avance-del-proyecto-de-ley-laboral-en-beneficio-de-las-personas-con-discapacidad\/","title":{"rendered":"EL CONADI PROMUEVE EL AVANCE DEL PROYECTO DE LEY LABORAL\u00a0EN BENEFICIO DE LAS PERSONAS CON DISCAPACIDAD"},"content":{"rendered":"<p>Autoridades del CONADI, emitieron pronunciamiento respecto al Fomento de Trabajo, Empleo y Emprendimiento de Personas con Discapacidad, proyecto de ley 5529,\u00a0 que fue conocido recientemente en primera lectura en el Congreso de la Rep\u00fablica.<\/p>\n<p>La inclusi\u00f3n laboral de las personas con discapacidad plantea grandes pendientes. En actualidad solo un 15% de estas participa en la actividad productiva del pa\u00eds; el 13% lo hace en la econom\u00eda informal y el 2% tiene relaci\u00f3n de dependencia.<\/p>\n<p>Guatemala adopt\u00f3 como parte de su legislaci\u00f3n interna la Convenci\u00f3n Sobre los Derechos de las Personas con Discapacidad, instrumento que contiene lineamientos para su inclusi\u00f3n laboral en igualdad de oportunidades con los dem\u00e1s. Se orienta al trabajo, empleo y desarrollo de emprendimientos.<\/p>\n<p>Hasta ahora, Guatemala es el \u00fanico pa\u00eds de Am\u00e9rica Latina, que no define cuotas de inclusi\u00f3n laboral para este sector, medida que se asume no solo para dar visibilidad a un derecho, sino tambi\u00e9n, para contar con indicadores de medici\u00f3n y avance. Al aprobarse este proyecto de ley, se estar\u00e1n sentando bases para superar una situaci\u00f3n que refleja un Estado escasamente incluyente. Adem\u00e1s, los efectos incidir\u00e1n en la econom\u00eda nacional, ya que el pa\u00eds se ve afectado hasta en un 7% en su producto interno bruto, por no contar con este tipo de normativas.<\/p>\n<p>Al reconocer esta primera acci\u00f3n de la novena legislatura, el CONADI insta a los parlamentarios a continuar con el proceso de aprobaci\u00f3n. Asimismo, que los distintos sectores representados en el Congresos de la Rep\u00fablica, asuman el compromiso de\u00a0 apoyar esta iniciativa y promover la inclusi\u00f3n laboral de las personas con discapacidad. Al movimiento nacional que representa los intereses de la poblaci\u00f3n con discapacidad, que\u00a0 unifique criterios y acciones para alcanzar este prop\u00f3sito.<\/p>\n<p>El trabajo permite a todo ser humano generar los satisfactores a sus necesidades personales y familiares, derecho que ha sido negado hist\u00f3ricamente a las personas con discapacidad. Por lo que el proyecto de ley Fomento de Trabajo, Empleo y Emprendimiento para las Personas con Discapacidad, significa un importante apoyo para superar los \u00edndices de exclusi\u00f3n que hoy se tienen, donde el CONADI estar\u00e1 dando seguimiento y acompa\u00f1amiento que corresponda al proceso.<\/p>\n<p>&nbsp;<\/p>\n<p>&nbsp;<\/p>\n<figure id=\"attachment_6821\" aria-describedby=\"caption-attachment-6821\" style=\"width: 1024px\" class=\"wp-caption aligncenter\"><a href=\"https:\/\/conadi.gob.gt\/web\/wp-content\/uploads\/2020\/01\/pronunciamiento.jpg\"><img loading=\"lazy\" decoding=\"async\" id=\"longdesc-return-6821\" class=\"size-large wp-image-6821\" tabindex=\"-1\" src=\"https:\/\/conadi.gob.gt\/web\/wp-content\/uploads\/2020\/01\/pronunciamiento-1024x682.jpg\" alt=\"Inclusi\u00f3n Laboral\" width=\"1024\" height=\"682\" longdesc=\"https:\/\/conadi.gob.gt\/web?longdesc=6821&amp;referrer=6820\" srcset=\"https:\/\/conadi.gob.gt\/web\/wp-content\/uploads\/2020\/01\/pronunciamiento-1024x682.jpg 1024w, https:\/\/conadi.gob.gt\/web\/wp-content\/uploads\/2020\/01\/pronunciamiento-300x200.jpg 300w, https:\/\/conadi.gob.gt\/web\/wp-content\/uploads\/2020\/01\/pronunciamiento-768x512.jpg 768w, https:\/\/conadi.gob.gt\/web\/wp-content\/uploads\/2020\/01\/pronunciamiento-90x60.jpg 90w, https:\/\/conadi.gob.gt\/web\/wp-content\/uploads\/2020\/01\/pronunciamiento-180x120.jpg 180w, https:\/\/conadi.gob.gt\/web\/wp-content\/uploads\/2020\/01\/pronunciamiento-95x64.jpg 95w, https:\/\/conadi.gob.gt\/web\/wp-content\/uploads\/2020\/01\/pronunciamiento.jpg 1772w\" sizes=\"auto, (max-width: 1024px) 100vw, 1024px\" \/><\/a><figcaption id=\"caption-attachment-6821\" class=\"wp-caption-text\">Autoridades se refieren al proyecto de ley sobre fomento de trabajo, empleo, emprendimiento de personas con discapacidad<\/figcaption><\/figure>\n","protected":false},"excerpt":{"rendered":"<p>Autoridades del CONADI, emitieron pronunciamiento respecto al Fomento de Trabajo, Empleo y Emprendimiento de Personas con Discapacidad, proyecto de ley 5529,\u00a0 que fue conocido recientemente en primera lectura en el Congreso de la Rep\u00fablica. La inclusi\u00f3n laboral de las personas con discapacidad plantea grandes pendientes. En actualidad solo un 15% de estas participa en la &hellip; <\/p>\n<p class=\"link-more\"><a href=\"https:\/\/conadi.gob.gt\/web\/el-conadi-promueve-el-avance-del-proyecto-de-ley-laboral-en-beneficio-de-las-personas-con-discapacidad\/\" class=\"more-link\">Leer m\u00e1s<span class=\"screen-reader-text\"> \u00abEL CONADI PROMUEVE EL AVANCE DEL PROYECTO DE LEY LABORAL\u00a0EN BENEFICIO DE LAS PERSONAS CON DISCAPACIDAD\u00bb<\/span><\/a><\/p>\n","protected":false},"author":12,"featured_media":6821,"comment_status":"open","ping_status":"closed","sticky":false,"template":"","format":"standard","meta":{"footnotes":""},"categories":[3],"tags":[],"class_list":["post-6820","post","type-post","status-publish","format-standard","has-post-thumbnail","hentry","category-noticias"],"_links":{"self":[{"href":"https:\/\/conadi.gob.gt\/web\/wp-json\/wp\/v2\/posts\/6820","targetHints":{"allow":["GET"]}}],"collection":[{"href":"https:\/\/conadi.gob.gt\/web\/wp-json\/wp\/v2\/posts"}],"about":[{"href":"https:\/\/conadi.gob.gt\/web\/wp-json\/wp\/v2\/types\/post"}],"author":[{"embeddable":true,"href":"https:\/\/conadi.gob.gt\/web\/wp-json\/wp\/v2\/users\/12"}],"replies":[{"embeddable":true,"href":"https:\/\/conadi.gob.gt\/web\/wp-json\/wp\/v2\/comments?post=6820"}],"version-history":[{"count":1,"href":"https:\/\/conadi.gob.gt\/web\/wp-json\/wp\/v2\/posts\/6820\/revisions"}],"predecessor-version":[{"id":6822,"href":"https:\/\/conadi.gob.gt\/web\/wp-json\/wp\/v2\/posts\/6820\/revisions\/6822"}],"wp:featuredmedia":[{"embeddable":true,"href":"https:\/\/conadi.gob.gt\/web\/wp-json\/wp\/v2\/media\/6821"}],"wp:attachment":[{"href":"https:\/\/conadi.gob.gt\/web\/wp-json\/wp\/v2\/media?parent=6820"}],"wp:term":[{"taxonomy":"category","embeddable":true,"href":"https:\/\/conadi.gob.gt\/web\/wp-json\/wp\/v2\/categories?post=6820"},{"taxonomy":"post_tag","embeddable":true,"href":"https:\/\/conadi.gob.gt\/web\/wp-json\/wp\/v2\/tags?post=6820"}],"curies":[{"name":"wp","href":"https:\/\/api.w.org\/{rel}","templated":true}]}}