{"id":6893,"date":"2020-02-04T22:31:29","date_gmt":"2020-02-04T22:31:29","guid":{"rendered":"http:\/\/conadi.gob.gt\/web\/?p=6893"},"modified":"2020-02-04T22:31:29","modified_gmt":"2020-02-04T22:31:29","slug":"conadi-dio-seguimiento-a-la-inclusion-de-las-personas-con-discapacidad-en-el-macrosimulacro-de-terremoto","status":"publish","type":"post","link":"https:\/\/conadi.gob.gt\/web\/conadi-dio-seguimiento-a-la-inclusion-de-las-personas-con-discapacidad-en-el-macrosimulacro-de-terremoto\/","title":{"rendered":"CONADI DIO SEGUIMIENTO A LA INCLUSI\u00d3N DE LAS PERSONAS CON DISCAPACIDAD, EN EL MACROSIMULACRO DE TERREMOTO"},"content":{"rendered":"<p>El CONADI como ente rector y coordinador en el cumplimiento de los derechos humanos de las personas con discapacidad, dio seguimiento a la inclusi\u00f3n de este colectivo en el macrosimulacro de terremoto de 7.6 grados, realizado en diferentes zonas de la Ciudad Capital.<\/p>\n<p>Julio Sanch\u00e9z, vocero de la Coordinadora Nacional para la Reducci\u00f3n de Desastres \u2013CONRED- indica que las personas con discapacidad juegan un papel importante en todas las acciones de gesti\u00f3n de riesgo a desastres y principalmente en la prevenci\u00f3n. Es por ello, que hace un llamado a las instituciones del Estado, empresas, centros educativos, para que implementen planes de respuesta en atenci\u00f3n\u00a0 a este colectivo y promuevan la cultura de prevenci\u00f3n a nivel nacional ante cualquier desastre.<\/p>\n<p>Personal del Palacio Nacional de la Cultura, tambi\u00e9n participo en esta actividad, de acuerdo a la informaci\u00f3n proporcionada por Ernesto V\u00e1squez, coordinador de Gesti\u00f3n y Riesgo del Palacio Nacional, indic\u00f3 que fueron evacuadas alrededor de mil personas, cinco de ellas con discapacidad f\u00edsica, a quienes se les brind\u00f3 el apoyo para su evacuaci\u00f3n. Asimismo, hace un llamado a la poblaci\u00f3n con discapacidad para que se involucren y participen en este tipo de eventos, ya que son muy importantes sus aportes para la realizaci\u00f3n de los planes de gesti\u00f3n de riesgos.<\/p>\n<p>En el Centro C\u00edvico, el Organismo Judicial se sum\u00f3 al macrosimulacro s\u00edsmico, donde el personal de seis edificios tuvo la oportunidad de participar, dentro de estas personas se encontraban 11 trabajadores con discapacidad; esta actividad, tuvo a bien poner en pr\u00e1ctica sus protocolos de seguridad y gesti\u00f3n de riesgo. Las evacuaciones se realizaron en los edificios de la Corte Suprema de Justicia donde fueron evacuadas\u00a0 dos personas; \u00a0edificio de la 20 calle, una persona; \u00a0\u00a0\u00a0Torre Marfil, dos personas; Centro de Justicia Laboral, seis personas.<\/p>\n<p>El Organismo Judicial es una de las instituciones que cuanta con una Pol\u00edtica de Acceso a la Justicia para Personas en Situaci\u00f3n de Discapacidad y Plan de Implementaci\u00f3n para su cumplimiento.<\/p>\n<p>Como parte de las acciones del CONADI, en los pr\u00f3ximos d\u00edas, se estar\u00e1 realizando un simulacro en las instalaciones con la coordinaci\u00f3n de la CONRED.<\/p>\n<p>&nbsp;<\/p>\n<figure id=\"attachment_6890\" aria-describedby=\"caption-attachment-6890\" style=\"width: 300px\" class=\"wp-caption alignnone\"><a href=\"https:\/\/conadi.gob.gt\/web\/wp-content\/uploads\/2020\/02\/collaje-1.jpg\"><img loading=\"lazy\" decoding=\"async\" class=\"size-medium wp-image-6890\" src=\"https:\/\/conadi.gob.gt\/web\/wp-content\/uploads\/2020\/02\/collaje-1-300x300.jpg\" alt=\"\" width=\"300\" height=\"300\" srcset=\"https:\/\/conadi.gob.gt\/web\/wp-content\/uploads\/2020\/02\/collaje-1-300x300.jpg 300w, https:\/\/conadi.gob.gt\/web\/wp-content\/uploads\/2020\/02\/collaje-1-150x150.jpg 150w, https:\/\/conadi.gob.gt\/web\/wp-content\/uploads\/2020\/02\/collaje-1-768x768.jpg 768w, https:\/\/conadi.gob.gt\/web\/wp-content\/uploads\/2020\/02\/collaje-1-1024x1024.jpg 1024w, https:\/\/conadi.gob.gt\/web\/wp-content\/uploads\/2020\/02\/collaje-1.jpg 1207w\" sizes=\"auto, (max-width: 300px) 100vw, 300px\" \/><\/a><figcaption id=\"caption-attachment-6890\" class=\"wp-caption-text\">Participaci\u00f3n de personas con discapacidad en el macrosimulacro de terremoto<br \/>(fotos Organismo Judicial)<\/figcaption><\/figure>\n","protected":false},"excerpt":{"rendered":"<p>El CONADI como ente rector y coordinador en el cumplimiento de los derechos humanos de las personas con discapacidad, dio seguimiento a la inclusi\u00f3n de este colectivo en el macrosimulacro de terremoto de 7.6 grados, realizado en diferentes zonas de la Ciudad Capital. Julio Sanch\u00e9z, vocero de la Coordinadora Nacional para la Reducci\u00f3n de Desastres &hellip; <\/p>\n<p class=\"link-more\"><a href=\"https:\/\/conadi.gob.gt\/web\/conadi-dio-seguimiento-a-la-inclusion-de-las-personas-con-discapacidad-en-el-macrosimulacro-de-terremoto\/\" class=\"more-link\">Leer m\u00e1s<span class=\"screen-reader-text\"> \u00abCONADI DIO SEGUIMIENTO A LA INCLUSI\u00d3N DE LAS PERSONAS CON DISCAPACIDAD, EN EL MACROSIMULACRO DE TERREMOTO\u00bb<\/span><\/a><\/p>\n","protected":false},"author":12,"featured_media":6890,"comment_status":"open","ping_status":"closed","sticky":false,"template":"","format":"standard","meta":{"footnotes":""},"categories":[3],"tags":[],"class_list":["post-6893","post","type-post","status-publish","format-standard","has-post-thumbnail","hentry","category-noticias"],"_links":{"self":[{"href":"https:\/\/conadi.gob.gt\/web\/wp-json\/wp\/v2\/posts\/6893","targetHints":{"allow":["GET"]}}],"collection":[{"href":"https:\/\/conadi.gob.gt\/web\/wp-json\/wp\/v2\/posts"}],"about":[{"href":"https:\/\/conadi.gob.gt\/web\/wp-json\/wp\/v2\/types\/post"}],"author":[{"embeddable":true,"href":"https:\/\/conadi.gob.gt\/web\/wp-json\/wp\/v2\/users\/12"}],"replies":[{"embeddable":true,"href":"https:\/\/conadi.gob.gt\/web\/wp-json\/wp\/v2\/comments?post=6893"}],"version-history":[{"count":1,"href":"https:\/\/conadi.gob.gt\/web\/wp-json\/wp\/v2\/posts\/6893\/revisions"}],"predecessor-version":[{"id":6894,"href":"https:\/\/conadi.gob.gt\/web\/wp-json\/wp\/v2\/posts\/6893\/revisions\/6894"}],"wp:featuredmedia":[{"embeddable":true,"href":"https:\/\/conadi.gob.gt\/web\/wp-json\/wp\/v2\/media\/6890"}],"wp:attachment":[{"href":"https:\/\/conadi.gob.gt\/web\/wp-json\/wp\/v2\/media?parent=6893"}],"wp:term":[{"taxonomy":"category","embeddable":true,"href":"https:\/\/conadi.gob.gt\/web\/wp-json\/wp\/v2\/categories?post=6893"},{"taxonomy":"post_tag","embeddable":true,"href":"https:\/\/conadi.gob.gt\/web\/wp-json\/wp\/v2\/tags?post=6893"}],"curies":[{"name":"wp","href":"https:\/\/api.w.org\/{rel}","templated":true}]}}