{"id":6903,"date":"2020-02-07T19:54:43","date_gmt":"2020-02-07T19:54:43","guid":{"rendered":"http:\/\/conadi.gob.gt\/web\/?p=6903"},"modified":"2020-02-07T19:54:43","modified_gmt":"2020-02-07T19:54:43","slug":"autoridades-del-conadi-realizan-acercamiento-con-autoridades-locales-para-fortalecer-las-coordinaciones-interinstitucionales","status":"publish","type":"post","link":"https:\/\/conadi.gob.gt\/web\/autoridades-del-conadi-realizan-acercamiento-con-autoridades-locales-para-fortalecer-las-coordinaciones-interinstitucionales\/","title":{"rendered":"AUTORIDADES DEL CONADI REALIZAN ACERCAMIENTO CON AUTORIDADES LOCALES PARA FORTALECER LAS COORDINACIONES INTERINSTITUCIONALES"},"content":{"rendered":"<p>Con el objetivo de fortalecer las coordinaciones interinstitucionales autoridades del Consejo Nacional para la Atenci\u00f3n de Personas con Discapacidad \u2013CONADI- Rosa Idalia Aldana y Francisco Sipaque, realizaron un recorrido por algunos municipios del departamento de Jalapa.<\/p>\n<p>En la cabecera departamental se dio el primer acercamiento fue con las autoridades municipales, representantes de PDH, ASCATED, CODEDIS y Plan Internacional; en esta reuni\u00f3n abordaron el fortalecimiento de la inclusi\u00f3n \u00a0de las personas con discapacidad en los planes municipales. As\u00ed como, de los procesos y pol\u00edticas p\u00fablicas relacionadas con la defensa y derechos de las personas con discapacidad en la localidad.<\/p>\n<p>En el municipio de San Pedro Pinula las autoridades del CONADI, Rosa Idalia Aldana y Francisco Sipaque de junta directiva, se hicieron acompa\u00f1ar de representantes de la Procuradur\u00eda de Derechos Humanos, ASCATED y CODEDIS para la reuni\u00f3n \u00a0con el alcalde Roberto Ram\u00edrez del municipio, donde abordaron el tema sobre la reapertura de la Oficina Municipal de Discapacidad y gestionar un espacio que pueda brindar atenci\u00f3n a 220 personas con discapacidad a trav\u00e9s de Rehabilitaci\u00f3n con Base Comunitaria \u2013RBC.<\/p>\n<p>En esta reuni\u00f3n participo el licenciado Rene Enrique Segura Galicia, para conocer de primera mano, la situaci\u00f3n de la poblaci\u00f3n con discapacidad en ese municipio. Segura Galicia, es ex becario del CONADI, quien durante 6 a\u00f1os ha trabajado en beneficio de las personas con discapacidad. Actualmente, representa al colectivo en la Comisi\u00f3n Departamental de Discapacidad.<\/p>\n<p>Haciendo un recorrido al Centro de Rehabilitaci\u00f3n y Referencia del municipio de \u00a0San Luis Jilotepeque, finaliz\u00f3 la visita al departamento de Jalapa. Este centro es construido con el apoyo del alcalde municipal, Juan P\u00e9rez, mismo que atender\u00e1 a 90 ni\u00f1os y ni\u00f1as con discapacidad \u00a0y contar\u00e1 con dos personas para la atenci\u00f3n a esta poblaci\u00f3n, en coordinaci\u00f3n con ASCATED. Las autoridades del CONADI, fueron acompa\u00f1adas por el Licenciado Antol\u00edn V\u00e1squez, persona con discapacidad visual y representante de la Comisi\u00f3n Departamental de Discapacidad (CODEDIS).<\/p>\n<p>Este tipo de acercamientos con autoridades locales, se estar\u00e1n realizando en cada uno de los departamentos, con el fin de seguir promoviendo los derechos e inclusi\u00f3n de las personas con discapacidad en todo el pa\u00eds.<\/p>\n<p><a href=\"https:\/\/conadi.gob.gt\/web\/wp-content\/uploads\/2020\/02\/collage.jpg\"><img loading=\"lazy\" decoding=\"async\" class=\"alignnone size-medium wp-image-6904\" src=\"https:\/\/conadi.gob.gt\/web\/wp-content\/uploads\/2020\/02\/collage-300x300.jpg\" alt=\"\" width=\"300\" height=\"300\" srcset=\"https:\/\/conadi.gob.gt\/web\/wp-content\/uploads\/2020\/02\/collage-300x300.jpg 300w, https:\/\/conadi.gob.gt\/web\/wp-content\/uploads\/2020\/02\/collage-150x150.jpg 150w, https:\/\/conadi.gob.gt\/web\/wp-content\/uploads\/2020\/02\/collage-768x768.jpg 768w, https:\/\/conadi.gob.gt\/web\/wp-content\/uploads\/2020\/02\/collage-1024x1024.jpg 1024w, https:\/\/conadi.gob.gt\/web\/wp-content\/uploads\/2020\/02\/collage.jpg 1207w\" sizes=\"auto, (max-width: 300px) 100vw, 300px\" \/><\/a><\/p>\n","protected":false},"excerpt":{"rendered":"<p>Con el objetivo de fortalecer las coordinaciones interinstitucionales autoridades del Consejo Nacional para la Atenci\u00f3n de Personas con Discapacidad \u2013CONADI- Rosa Idalia Aldana y Francisco Sipaque, realizaron un recorrido por algunos municipios del departamento de Jalapa. En la cabecera departamental se dio el primer acercamiento fue con las autoridades municipales, representantes de PDH, ASCATED, CODEDIS &hellip; <\/p>\n<p class=\"link-more\"><a href=\"https:\/\/conadi.gob.gt\/web\/autoridades-del-conadi-realizan-acercamiento-con-autoridades-locales-para-fortalecer-las-coordinaciones-interinstitucionales\/\" class=\"more-link\">Leer m\u00e1s<span class=\"screen-reader-text\"> \u00abAUTORIDADES DEL CONADI REALIZAN ACERCAMIENTO CON AUTORIDADES LOCALES PARA FORTALECER LAS COORDINACIONES INTERINSTITUCIONALES\u00bb<\/span><\/a><\/p>\n","protected":false},"author":12,"featured_media":6904,"comment_status":"open","ping_status":"closed","sticky":false,"template":"","format":"image","meta":{"footnotes":""},"categories":[3],"tags":[],"class_list":["post-6903","post","type-post","status-publish","format-image","has-post-thumbnail","hentry","category-noticias","post_format-post-format-image"],"_links":{"self":[{"href":"https:\/\/conadi.gob.gt\/web\/wp-json\/wp\/v2\/posts\/6903","targetHints":{"allow":["GET"]}}],"collection":[{"href":"https:\/\/conadi.gob.gt\/web\/wp-json\/wp\/v2\/posts"}],"about":[{"href":"https:\/\/conadi.gob.gt\/web\/wp-json\/wp\/v2\/types\/post"}],"author":[{"embeddable":true,"href":"https:\/\/conadi.gob.gt\/web\/wp-json\/wp\/v2\/users\/12"}],"replies":[{"embeddable":true,"href":"https:\/\/conadi.gob.gt\/web\/wp-json\/wp\/v2\/comments?post=6903"}],"version-history":[{"count":1,"href":"https:\/\/conadi.gob.gt\/web\/wp-json\/wp\/v2\/posts\/6903\/revisions"}],"predecessor-version":[{"id":6905,"href":"https:\/\/conadi.gob.gt\/web\/wp-json\/wp\/v2\/posts\/6903\/revisions\/6905"}],"wp:featuredmedia":[{"embeddable":true,"href":"https:\/\/conadi.gob.gt\/web\/wp-json\/wp\/v2\/media\/6904"}],"wp:attachment":[{"href":"https:\/\/conadi.gob.gt\/web\/wp-json\/wp\/v2\/media?parent=6903"}],"wp:term":[{"taxonomy":"category","embeddable":true,"href":"https:\/\/conadi.gob.gt\/web\/wp-json\/wp\/v2\/categories?post=6903"},{"taxonomy":"post_tag","embeddable":true,"href":"https:\/\/conadi.gob.gt\/web\/wp-json\/wp\/v2\/tags?post=6903"}],"curies":[{"name":"wp","href":"https:\/\/api.w.org\/{rel}","templated":true}]}}