{"id":6910,"date":"2020-02-07T22:21:56","date_gmt":"2020-02-07T22:21:56","guid":{"rendered":"http:\/\/conadi.gob.gt\/web\/?p=6910"},"modified":"2020-02-07T22:21:56","modified_gmt":"2020-02-07T22:21:56","slug":"el-conadi-realiza-acciones-en-pro-de-los-derechos-de-las-personas-con-discapacidad-a-nivel-departamental","status":"publish","type":"post","link":"https:\/\/conadi.gob.gt\/web\/el-conadi-realiza-acciones-en-pro-de-los-derechos-de-las-personas-con-discapacidad-a-nivel-departamental\/","title":{"rendered":"EL CONADI REALIZA ACCIONES EN PRO DE LOS DERECHOS DE LAS PERSONAS CON DISCAPACIDAD A NIVEL DEPARTAMENTAL"},"content":{"rendered":"<p>Inician los primeros acercamientos con autoridades locales a nivel departamental, los promotores del CONADI\u00a0 se han reunido, para dar seguimientos a las diferentes \u00a0acciones en beneficio de las personas con discapacidad.<\/p>\n<p><strong>\u00a0<\/strong><\/p>\n<p><strong>SUCHITEP\u00c9QUEZ<\/strong><\/p>\n<p>En este departamento se han realizado varias acciones como, el acercamiento con el alcalde municipal de San Juan Bautista, V\u00edctor Haroldo Oviedo, con el objetivo de dar seguimiento a la apertura de la Oficina Municipal de Discapacidad. Oviedo indic\u00f3 que en su plan de trabajo\u00a0 est\u00e1 el fomento laboral de este colectivo, por lo que est\u00e1 trabajando en la restructuraci\u00f3n presupuestaria para la contrataci\u00f3n de dos personas con discapacidad en los pr\u00f3ximos meses.<\/p>\n<p>En el municipio Santo Tomas La Uni\u00f3n, se llev\u00f3 a cabo una reuni\u00f3n \u00a0con el alcalde municipal, Pedro Augusto Chavaloc y dos integrantes del Concejo Municipal, para dar a conocer la importancia y necesidad de aperturar la Oficina Municipal de Discapacidad-OMD-. El se\u00f1or alcalde mostr\u00f3 total inter\u00e9s en dar respuesta a la inclusi\u00f3n de personas con discapacidad en sus planes de trabajo, y agend\u00f3 la siguiente reuni\u00f3n para la primera semana del mes de marzo para establecer los roles de la creaci\u00f3n de la OMD.<\/p>\n<p><strong>\u00a0<\/strong><\/p>\n<p><strong>CHIQUIMULA<\/strong><\/p>\n<p>Con la finalidad\u00a0 de conocer\u00a0 los procesos y\u00a0 programas\u00a0 de atenci\u00f3n\u00a0 a\u00a0 los\u00a0 ni\u00f1os y\u00a0 ni\u00f1as\u00a0 con discapacidad en este departamento, se realiz\u00f3 una reuni\u00f3n con la licenciada Cristy Gregorio,\u00a0 Coordinadora de Educaci\u00f3n\u00a0 Especial del MINEDUC. En este conclave se acordaron acciones puntuales como: becas\u00a0 de estudios\u00a0 para ni\u00f1os\u00a0 con discapacidad, asesor\u00eda\u00a0 al personal\u00a0 en temas de discapacidad\u00a0 y\u00a0 terminolog\u00eda. Estas acciones ser\u00e1n coordinadas en el desarrollo\u00a0 de la\u00a0 educaci\u00f3n\u00a0 de la ni\u00f1ez con discapacidad para el presente a\u00f1o.<\/p>\n<p>Asimismo, se promovi\u00f3 un \u00a0acercamiento con autoridad del CUNORI-USAC, Filiberto Coy, para tratar temas de inclusi\u00f3n en educaci\u00f3n superior y acciones a desarrollar dentro de la CODEDIS\u00a0 y el centro universitario con la asesor\u00eda del CONADI.<\/p>\n<p>&nbsp;<\/p>\n<p><strong>ESCUINTLA<\/strong><\/p>\n<p>En reuni\u00f3n Extra Ordinaria del Consejo Municipal de Desarrollo \u2013COMUDE- del municipio de la Gomera, se dio a conocer el proyecto de la OMD y de la conformaci\u00f3n del Consejo Municipal de Discapacidad \u2013COMUDIS-. Por su parte, la alcaldesa Flory Morales manifest\u00f3 su inter\u00e9s en incluir en sus planes de trabajo la inclusi\u00f3n de este colectivo y agradeci\u00f3 al promotor del CONADI y CODEDIS por llevar proyectos en beneficio de esta poblaci\u00f3n.<\/p>\n<p>Asimismo, la alcaldesa se comprometi\u00f3 en dar seguimiento la contrataci\u00f3n de una persona que coordine la OMD, basado en el perfil propuesto por el CONADI.<\/p>\n<p>&nbsp;<\/p>\n<p><strong>ZACAPA<\/strong><\/p>\n<p>En reuni\u00f3n con licenciado Frankin Casta\u00f1eda y el equipo t\u00e9cnico del proyecto intermunicipal sobre Seguridad Alimentaria, Gobierno Abierto y Participaci\u00f3n \u00a0se estableci\u00f3 la vinculaci\u00f3n del tema de discapacidad a dicho proyecto, con el objeto de incluir a la poblaci\u00f3n con discapacidad en el eje de seguridad alimentaria; as\u00ed como tambi\u00e9n en el eje de participaci\u00f3n ciudadana en el fortalecimiento a los COMUDES, identificaci\u00f3n de poblaci\u00f3n con discapacidad, generaci\u00f3n de asociaciones de padres para el fortalecimiento a la incidencia y participaci\u00f3n social.<\/p>\n<p>Este proyecto es financiado por \u00a0la Uni\u00f3n Europea y estar\u00e1 dirigido para los municipios de Estanzuela, R\u00edo Hondo y Teculut\u00e1n.<\/p>\n<p>&nbsp;<\/p>\n<p><a href=\"https:\/\/conadi.gob.gt\/web\/wp-content\/uploads\/2020\/02\/collage-departamental.jpg\"><img loading=\"lazy\" decoding=\"async\" class=\"alignnone size-medium wp-image-6911\" src=\"https:\/\/conadi.gob.gt\/web\/wp-content\/uploads\/2020\/02\/collage-departamental-300x300.jpg\" alt=\"\" width=\"300\" height=\"300\" srcset=\"https:\/\/conadi.gob.gt\/web\/wp-content\/uploads\/2020\/02\/collage-departamental-300x300.jpg 300w, https:\/\/conadi.gob.gt\/web\/wp-content\/uploads\/2020\/02\/collage-departamental-150x150.jpg 150w, https:\/\/conadi.gob.gt\/web\/wp-content\/uploads\/2020\/02\/collage-departamental-768x768.jpg 768w, https:\/\/conadi.gob.gt\/web\/wp-content\/uploads\/2020\/02\/collage-departamental-1024x1024.jpg 1024w, https:\/\/conadi.gob.gt\/web\/wp-content\/uploads\/2020\/02\/collage-departamental.jpg 1207w\" sizes=\"auto, (max-width: 300px) 100vw, 300px\" \/><\/a><\/p>\n","protected":false},"excerpt":{"rendered":"<p>Inician los primeros acercamientos con autoridades locales a nivel departamental, los promotores del CONADI\u00a0 se han reunido, para dar seguimientos a las diferentes \u00a0acciones en beneficio de las personas con discapacidad. \u00a0 SUCHITEP\u00c9QUEZ En este departamento se han realizado varias acciones como, el acercamiento con el alcalde municipal de San Juan Bautista, V\u00edctor Haroldo Oviedo, &hellip; <\/p>\n<p class=\"link-more\"><a href=\"https:\/\/conadi.gob.gt\/web\/el-conadi-realiza-acciones-en-pro-de-los-derechos-de-las-personas-con-discapacidad-a-nivel-departamental\/\" class=\"more-link\">Leer m\u00e1s<span class=\"screen-reader-text\"> \u00abEL CONADI REALIZA ACCIONES EN PRO DE LOS DERECHOS DE LAS PERSONAS CON DISCAPACIDAD A NIVEL DEPARTAMENTAL\u00bb<\/span><\/a><\/p>\n","protected":false},"author":12,"featured_media":6911,"comment_status":"open","ping_status":"closed","sticky":false,"template":"","format":"image","meta":{"footnotes":""},"categories":[3],"tags":[],"class_list":["post-6910","post","type-post","status-publish","format-image","has-post-thumbnail","hentry","category-noticias","post_format-post-format-image"],"_links":{"self":[{"href":"https:\/\/conadi.gob.gt\/web\/wp-json\/wp\/v2\/posts\/6910","targetHints":{"allow":["GET"]}}],"collection":[{"href":"https:\/\/conadi.gob.gt\/web\/wp-json\/wp\/v2\/posts"}],"about":[{"href":"https:\/\/conadi.gob.gt\/web\/wp-json\/wp\/v2\/types\/post"}],"author":[{"embeddable":true,"href":"https:\/\/conadi.gob.gt\/web\/wp-json\/wp\/v2\/users\/12"}],"replies":[{"embeddable":true,"href":"https:\/\/conadi.gob.gt\/web\/wp-json\/wp\/v2\/comments?post=6910"}],"version-history":[{"count":1,"href":"https:\/\/conadi.gob.gt\/web\/wp-json\/wp\/v2\/posts\/6910\/revisions"}],"predecessor-version":[{"id":6912,"href":"https:\/\/conadi.gob.gt\/web\/wp-json\/wp\/v2\/posts\/6910\/revisions\/6912"}],"wp:featuredmedia":[{"embeddable":true,"href":"https:\/\/conadi.gob.gt\/web\/wp-json\/wp\/v2\/media\/6911"}],"wp:attachment":[{"href":"https:\/\/conadi.gob.gt\/web\/wp-json\/wp\/v2\/media?parent=6910"}],"wp:term":[{"taxonomy":"category","embeddable":true,"href":"https:\/\/conadi.gob.gt\/web\/wp-json\/wp\/v2\/categories?post=6910"},{"taxonomy":"post_tag","embeddable":true,"href":"https:\/\/conadi.gob.gt\/web\/wp-json\/wp\/v2\/tags?post=6910"}],"curies":[{"name":"wp","href":"https:\/\/api.w.org\/{rel}","templated":true}]}}