{"id":6951,"date":"2020-02-14T22:39:44","date_gmt":"2020-02-14T22:39:44","guid":{"rendered":"http:\/\/conadi.gob.gt\/web\/?p=6951"},"modified":"2020-02-14T22:40:21","modified_gmt":"2020-02-14T22:40:21","slug":"acciones-realizadas-a-nivel-departamental","status":"publish","type":"post","link":"https:\/\/conadi.gob.gt\/web\/acciones-realizadas-a-nivel-departamental\/","title":{"rendered":"ACCIONES REALIZADAS A NIVEL DEPARTAMENTAL"},"content":{"rendered":"<p>Con el objetivo de dar seguimiento a las acciones programadas a nivel departamental, los promotores del CONADI\u00a0 han realizado varias reuniones con las autoridades locales, para seguir promoviendo la inclusi\u00f3n de las personas con discapacidad.<\/p>\n<p><strong>PET\u00c9N<\/strong><\/p>\n<p>El CONADI particip\u00f3 en reuni\u00f3n de las Redes Integradas de la zona sur del Pet\u00e9n, para promover la inclusi\u00f3n de la tem\u00e1tica de discapacidad en los planes de trabajo. Esta red est\u00e1 integrada por la Red de Paternidad y Maternidad Responsable, Red de Derivaci\u00f3n contra el Delito, Red contra la violencia y prevenci\u00f3n de Trata de Personas.<\/p>\n<p>En el Municipio de San Andr\u00e9s,\u00a0 se brind\u00f3 asesor\u00eda a las coordinadoras de la Oficina Municipal de Discapacidad, con el objetivo de coordinar capacitaciones que beneficien al sector con discapacidad.<\/p>\n<p>En Popt\u00fan,\u00a0 se llev\u00f3 a cabo una reuni\u00f3n con la esposa del alcalde, Eva Castellanos y Alejandra Rosado de la Asociaci\u00f3n no lucrativa de Desarrollo de Sordos de Quetzaltenango\u00a0 con el prop\u00f3sito de coordinar un Diplomado de Lengua de Se\u00f1as, dirigido a la poblaci\u00f3n en general. Este diplomado dar\u00e1 inicio el 27 de febrero, para mayor informaci\u00f3n pueden dirigirse a la municipalidad.<\/p>\n<p>En Las Cruces, el alcalde municipal, Byron Bernal aprob\u00f3 el proyecto de apertura de la Oficina Municipal de Discapacidad, la cual empezar\u00e1 a funcionar en el mes de marzo.\u00a0 Esta oficina tiene como objetivo promover los derechos de las personas con\u00a0 discapacidad e incluirlos en los planes municipales y de desarrollo.<\/p>\n<p><strong>PROGRESO<\/strong><\/p>\n<p>Con la finalidad de promover los derechos de las personas con discapacidad y tener una educaci\u00f3n inclusiva, el director del Instituto Nacional de Educaci\u00f3n B\u00e1sica de Moraz\u00e1n coordin\u00f3 para que se impartiera un taller sobre la tem\u00e1tica con discapacidad, \u00a0ya que es uno de los centros educativos que m\u00e1s estudiantes con discapacidad ha tenido.<\/p>\n<p><strong>SAN MARCOS<\/strong><\/p>\n<p>En la reuni\u00f3n ordinaria del Consejo Municipal de Desarrollo &#8211; COMUDE &#8211; del municipio de San Crist\u00f3bal Cucho, el alcalde Baudilio Ricardo Ram\u00edrez L\u00f3pez\u00a0 y el encargado de la Oficina Municipal de Discapacidad \u2013OMD-, dieron a conocer la importancia que tiene la apertura de dicha oficina para la atenci\u00f3n de las personas con discapacidad. Asimismo, dieron a conocer en la \u00faltima semana del mes de febrero se realizar\u00e1 la inauguraci\u00f3n de la OMD.<\/p>\n<p><strong>CHIQUIMULA<\/strong><\/p>\n<p>En el\u00a0 municipio de\u00a0 Esquipulas,\u00a0 se\u00a0 particip\u00f3 en\u00a0 el proyecto\u00a0 Trasnacional\u00a0 de Resiliencia\u00a0 y la Cohesi\u00f3n\u00a0 Social con el objetivo de hacer\u00a0 un\u00a0 an\u00e1lisis de la\u00a0 matrices tem\u00e1ticas\u00a0 en\u00a0 salud; seguridad\u00a0 alimentaria; servicios\u00a0 b\u00e1sicos\u00a0 y gesti\u00f3n\u00a0 p\u00fablica; seguridad\u00a0 ciudadana; cohesi\u00f3n\u00a0 social\u00a0 gesti\u00f3n\u00a0 comunitaria;\u00a0 movilidad\u00a0 humana; recursos\u00a0 naturales\u00a0 y ambientales; empleo\u00a0 e ingresos\u00a0 y educaci\u00f3n,\u00a0\u00a0 en cada\u00a0 punto desarrollado se hizo ver la importancia que se tiene de incluir la\u00a0 tem\u00e1tica de\u00a0 discapacidad.<\/p>\n<p>Las instituciones que participaron en la reuni\u00f3n son: Municipalidad de Esquipulas, Ministerio de Educaci\u00f3n, Ministerio de\u00a0 Salud, Conalfa, MAGA, PNC, Ministerio de Cultura y\u00a0 Deporte, Ra\u00edces\u00a0 Comunitarias, plan Trifinio,\u00a0 REDMUCH, Cruz Roja y Jefatura de Promotores de\u00a0 CONADI\u00a0 y\u00a0 Promotora. En dicha actividad\u00a0 tambi\u00e9n se\u00a0 logr\u00f3\u00a0 hacer incidencia\u00a0 pol\u00edtica\u00a0 con actores\u00a0 principales\u00a0 del municipio de Esquipulas.<\/p>\n<p>&nbsp;<\/p>\n<p><a href=\"https:\/\/conadi.gob.gt\/web\/wp-content\/uploads\/2020\/02\/departamental.jpg\"><img loading=\"lazy\" decoding=\"async\" class=\"alignnone size-medium wp-image-6952\" src=\"https:\/\/conadi.gob.gt\/web\/wp-content\/uploads\/2020\/02\/departamental-300x300.jpg\" alt=\"\" width=\"300\" height=\"300\" srcset=\"https:\/\/conadi.gob.gt\/web\/wp-content\/uploads\/2020\/02\/departamental-300x300.jpg 300w, https:\/\/conadi.gob.gt\/web\/wp-content\/uploads\/2020\/02\/departamental-150x150.jpg 150w, https:\/\/conadi.gob.gt\/web\/wp-content\/uploads\/2020\/02\/departamental-768x768.jpg 768w, https:\/\/conadi.gob.gt\/web\/wp-content\/uploads\/2020\/02\/departamental-1024x1024.jpg 1024w, https:\/\/conadi.gob.gt\/web\/wp-content\/uploads\/2020\/02\/departamental.jpg 1207w\" sizes=\"auto, (max-width: 300px) 100vw, 300px\" \/><\/a><\/p>\n","protected":false},"excerpt":{"rendered":"<p>Con el objetivo de dar seguimiento a las acciones programadas a nivel departamental, los promotores del CONADI\u00a0 han realizado varias reuniones con las autoridades locales, para seguir promoviendo la inclusi\u00f3n de las personas con discapacidad. PET\u00c9N El CONADI particip\u00f3 en reuni\u00f3n de las Redes Integradas de la zona sur del Pet\u00e9n, para promover la inclusi\u00f3n &hellip; <\/p>\n<p class=\"link-more\"><a href=\"https:\/\/conadi.gob.gt\/web\/acciones-realizadas-a-nivel-departamental\/\" class=\"more-link\">Leer m\u00e1s<span class=\"screen-reader-text\"> \u00abACCIONES REALIZADAS A NIVEL DEPARTAMENTAL\u00bb<\/span><\/a><\/p>\n","protected":false},"author":12,"featured_media":6952,"comment_status":"open","ping_status":"closed","sticky":false,"template":"","format":"image","meta":{"footnotes":""},"categories":[3],"tags":[],"class_list":["post-6951","post","type-post","status-publish","format-image","has-post-thumbnail","hentry","category-noticias","post_format-post-format-image"],"_links":{"self":[{"href":"https:\/\/conadi.gob.gt\/web\/wp-json\/wp\/v2\/posts\/6951","targetHints":{"allow":["GET"]}}],"collection":[{"href":"https:\/\/conadi.gob.gt\/web\/wp-json\/wp\/v2\/posts"}],"about":[{"href":"https:\/\/conadi.gob.gt\/web\/wp-json\/wp\/v2\/types\/post"}],"author":[{"embeddable":true,"href":"https:\/\/conadi.gob.gt\/web\/wp-json\/wp\/v2\/users\/12"}],"replies":[{"embeddable":true,"href":"https:\/\/conadi.gob.gt\/web\/wp-json\/wp\/v2\/comments?post=6951"}],"version-history":[{"count":2,"href":"https:\/\/conadi.gob.gt\/web\/wp-json\/wp\/v2\/posts\/6951\/revisions"}],"predecessor-version":[{"id":6954,"href":"https:\/\/conadi.gob.gt\/web\/wp-json\/wp\/v2\/posts\/6951\/revisions\/6954"}],"wp:featuredmedia":[{"embeddable":true,"href":"https:\/\/conadi.gob.gt\/web\/wp-json\/wp\/v2\/media\/6952"}],"wp:attachment":[{"href":"https:\/\/conadi.gob.gt\/web\/wp-json\/wp\/v2\/media?parent=6951"}],"wp:term":[{"taxonomy":"category","embeddable":true,"href":"https:\/\/conadi.gob.gt\/web\/wp-json\/wp\/v2\/categories?post=6951"},{"taxonomy":"post_tag","embeddable":true,"href":"https:\/\/conadi.gob.gt\/web\/wp-json\/wp\/v2\/tags?post=6951"}],"curies":[{"name":"wp","href":"https:\/\/api.w.org\/{rel}","templated":true}]}}