{"id":6994,"date":"2020-02-21T22:05:14","date_gmt":"2020-02-21T22:05:14","guid":{"rendered":"http:\/\/conadi.gob.gt\/web\/?p=6994"},"modified":"2020-02-21T22:06:18","modified_gmt":"2020-02-21T22:06:18","slug":"autoridades-del-conadi-participan-en-actividades-de-gabinete-de-puertas-abiertas","status":"publish","type":"post","link":"https:\/\/conadi.gob.gt\/web\/autoridades-del-conadi-participan-en-actividades-de-gabinete-de-puertas-abiertas\/","title":{"rendered":"AUTORIDADES DEL CONADI PARTICIPAN EN ACTIVIDADES DE GABINETE DE PUERTAS ABIERTAS"},"content":{"rendered":"<p style=\"text-align: left;\"><span style=\"font-size: 12pt;\">Salcaj\u00e1 Quetzaltenango, es uno de los municipios m\u00e1s peque\u00f1os del pa\u00eds, pero grande por implementar el dise\u00f1o universal en accesibilidad. Este poblado cobr\u00f3 notoriedad al recibir en el 2018, el Premio Reina Letizia; debido a su Plan de Ordenamiento Territorial y de movilidad en beneficio de las personas con alg\u00fan tipo de discapacidad.<\/span><\/p>\n<p style=\"text-align: left;\"><span style=\"font-size: 12pt;\">Salcaj\u00e1, fue el anfitri\u00f3n de la agenda de actividades del primer gabinete de puertas abiertas, presidido por el mandatario Alejandro Giammattei. Participaron los 14 ministros y autoridades de la municipalidad \u00a0y representantes de la Comisi\u00f3n Departamental de Desarrollo (CODEDES). Asimismo el alcalde Miguel Ovalle, actual titular de la Asociaci\u00f3n Nacional de Municipalidades (ANAM).\u00a0\u00a0<\/span><\/p>\n<p style=\"text-align: left;\"><span style=\"font-size: 12pt;\">Dentro de los puntos de agenda, particip\u00f3 el representante del CONADI a nivel departamental, Diego Llarena y se cont\u00f3 con la participaci\u00f3n de la se\u00f1ora Mirna Fabiola Cu, Coordinadora de la Comisi\u00f3n Departamental de Discapacidad de Quetzaltenango, quienes hicieron entrega al Se\u00f1or Presidente de la Rep\u00fablica de Guatemala, Alejandro Giammattei, un petitorio relacionadas a los asuntos de discapacidad, entre las que destacan la accesibilidad a los edificios p\u00fablicos, acceso al trabajo y \u00a0programas de capacitaci\u00f3n<\/span><\/p>\n<p style=\"text-align: left;\"><span style=\"font-size: 12pt;\">En respuesta, el mandatario de la Rep\u00fablica de Guatemala, se comprometi\u00f3 p\u00fablicamente a que todos los edificios p\u00fablicos estar\u00e1n siendo modificados a nivel nacional para ser accesibles (incluidos edificios de la municipalidades) y que se estar\u00e1 trabajando en conjunto con Instituto T\u00e9cnico de Capacitaci\u00f3n y Productividad (INTECAP) para proporcionar capacitaci\u00f3n a personas con discapacidad a bajo costo.<\/span><\/p>\n<p style=\"text-align: left;\"><strong><span style=\"font-size: 12pt;\">Inauguraci\u00f3n de cl\u00ednicas m\u00e9dicas municipales de rehabilitaci\u00f3n <\/span><\/strong><\/p>\n<p style=\"text-align: left;\"><span style=\"font-size: 12pt;\">Rosa Idalia Aldana, presidenta del CONADI y Arleni Soto, Secretaria de Junta Directiva de esta instituci\u00f3n, participaron como invitadas especiales en el acto de inauguraci\u00f3n de las cl\u00ednicas m\u00e9dicas municipales de rehabilitaci\u00f3n en Salcaj\u00e1, Quetzaltenango.<\/span><\/p>\n<p style=\"text-align: left;\"><span style=\"font-size: 12pt;\">Este acto fue presidido por el mandatario de la naci\u00f3n, Alejandro Giammattei, acompa\u00f1ado del vicepresidente, Guillermo Castillo Reyes y el alcalde de Salcaj\u00e1, Miguel Ovalle. L<\/span><span style=\"font-size: 12pt;\">as cl\u00ednicas brindar\u00e1n los servicios en terapia ocupacional y f\u00edsica para personas que est\u00e9n en proceso de recuperaci\u00f3n y atenci\u00f3n de la poblaci\u00f3n con discapacidad del municipo de Salcaj\u00e1.\u00a0\u00a0 Miguel Ovalle, recalc\u00f3 que se planea implementar en la misma infraestructura, cl\u00ednicas con atenci\u00f3n ginecol\u00f3gica, obst\u00e9trica y pedi\u00e1trica a la comunidad.<\/span><\/p>\n<p style=\"text-align: left;\"><span style=\"font-size: 12pt;\">\u00a0<\/span><strong><span style=\"font-size: 12pt;\">Inauguraci\u00f3n del proyecto \u201cPUEBLOS PINTORESCOS\u201d<\/span><\/strong><\/p>\n<p style=\"text-align: left;\"><span style=\"font-size: 12pt;\">Asimismo se llev\u00f3 a cabo el lanzamiento del proyecto \u201cPueblos Pintorescos\u201d\u00a0 realizado por el Instituto Guatemalteco de Turismo (Inguat). \u00a0En el acto protocolario particip\u00f3, Rosa Idalia Aldana presidenta del CONADI, como invitada especial en la mesa principal. El objetivo de este proyecto es conservar y revitalizar centros, conjuntos hist\u00f3ricos y poblados con caracter\u00edsticas culturales y naturales relevantes. Acto que fue realizado en la iglesia La Ermita, monumento del pueblo de Salcaj\u00e1 que pr\u00f3ximamente cumplir\u00e1 500 a\u00f1os de fundaci\u00f3n.<\/span><\/p>\n<p style=\"text-align: left;\"><span style=\"font-size: 12pt;\">En el 2019, le fue otorgado a la municipalidad de Salcaj\u00e1 el galard\u00f3n Reina Letizia, por su trabajo en accesibilidad, alineados con los Objetivos de Desarrollo Sostenible, el Plan de ordenamiento territorial y de movilidad y la labor realizada en el campo educativo ocupacional, tiempo libre y cultura.<\/span><\/p>\n<p style=\"text-align: left;\"><span style=\"font-size: 12pt;\">Mynor Cord\u00f3n, director del Inguat manifest\u00f3 que al hacer el reconocimiento de Pueblo Pintoresco, propicia\u00a0 la inversi\u00f3n en el rescate y remozamiento de su centro hist\u00f3rico, con esto se pretende aumentar la difusi\u00f3n de sus atractivos, tanto naturales como culturales.\u00a0\u00a0\u00a0\u00a0<\/span><\/p>\n<p style=\"text-align: left;\"><span style=\"font-size: 12pt;\">En tanto, el mandatario Alejandro Giammattei, en su discurso resalt\u00f3 su compromiso para seguir apoyando este tipo de proyectos que benefician a la poblaci\u00f3n.<\/span><\/p>\n<p style=\"text-align: left;\"><strong><span style=\"font-size: 12pt;\">Panajachel, Solol\u00e1<\/span><\/strong><\/p>\n<p style=\"text-align: left;\"><span style=\"font-size: 12pt;\">Un acercamiento con la esposa del alcalde de Panajachel, Olga Lucrecia Piedrasanta y Ariel L\u00f3pez, representante de la Oficina Municipal de Discapacidad OMD de Panajachel, llevaron a cabo, Rosa Idalia Aldana, presidenta del CONADI y Arleni Soto, secretaria de Junta Directiva. Con el objetivo de fortalecer las coordinaciones interinstitucionales y abordar acciones en beneficio de las personas con discapacidad de la localidad. Adem\u00e1s se sostuvieron reuniones con directivos de instituciones que trabajan en la educaci\u00f3n inclusiva en Panajachel, con el objetivo de conocer las condiciones y promover los derechos hacia la poblaci\u00f3n estudiantil con discapacidad.<\/span><\/p>\n<p>&nbsp;<\/p>\n<figure id=\"attachment_6996\" aria-describedby=\"caption-attachment-6996\" style=\"width: 1024px\" class=\"wp-caption aligncenter\"><a href=\"https:\/\/conadi.gob.gt\/web\/wp-content\/uploads\/2020\/02\/Collage-Xela-Solola.jpeg\"><img loading=\"lazy\" decoding=\"async\" id=\"longdesc-return-6996\" class=\"size-large wp-image-6996\" tabindex=\"-1\" src=\"https:\/\/conadi.gob.gt\/web\/wp-content\/uploads\/2020\/02\/Collage-Xela-Solola-1024x704.jpeg\" alt=\"CONADI participa en el Gabinete Puertas Abiertas\" width=\"1024\" height=\"704\" longdesc=\"https:\/\/conadi.gob.gt\/web?longdesc=6996&amp;referrer=6994\" srcset=\"https:\/\/conadi.gob.gt\/web\/wp-content\/uploads\/2020\/02\/Collage-Xela-Solola-1024x704.jpeg 1024w, https:\/\/conadi.gob.gt\/web\/wp-content\/uploads\/2020\/02\/Collage-Xela-Solola-300x206.jpeg 300w, https:\/\/conadi.gob.gt\/web\/wp-content\/uploads\/2020\/02\/Collage-Xela-Solola-768x528.jpeg 768w, https:\/\/conadi.gob.gt\/web\/wp-content\/uploads\/2020\/02\/Collage-Xela-Solola-95x64.jpeg 95w, https:\/\/conadi.gob.gt\/web\/wp-content\/uploads\/2020\/02\/Collage-Xela-Solola.jpeg 1280w\" sizes=\"auto, (max-width: 1024px) 100vw, 1024px\" \/><\/a><figcaption id=\"caption-attachment-6996\" class=\"wp-caption-text\">Autoridades del CONADI participan en Gabinete Puertas Abiertas<\/figcaption><\/figure>\n<p style=\"text-align: left;\">\n","protected":false},"excerpt":{"rendered":"<p>Salcaj\u00e1 Quetzaltenango, es uno de los municipios m\u00e1s peque\u00f1os del pa\u00eds, pero grande por implementar el dise\u00f1o universal en accesibilidad. Este poblado cobr\u00f3 notoriedad al recibir en el 2018, el Premio Reina Letizia; debido a su Plan de Ordenamiento Territorial y de movilidad en beneficio de las personas con alg\u00fan tipo de discapacidad. Salcaj\u00e1, fue &hellip; <\/p>\n<p class=\"link-more\"><a href=\"https:\/\/conadi.gob.gt\/web\/autoridades-del-conadi-participan-en-actividades-de-gabinete-de-puertas-abiertas\/\" class=\"more-link\">Leer m\u00e1s<span class=\"screen-reader-text\"> \u00abAUTORIDADES DEL CONADI PARTICIPAN EN ACTIVIDADES DE GABINETE DE PUERTAS ABIERTAS\u00bb<\/span><\/a><\/p>\n","protected":false},"author":12,"featured_media":6996,"comment_status":"open","ping_status":"closed","sticky":false,"template":"","format":"standard","meta":{"footnotes":""},"categories":[3],"tags":[],"class_list":["post-6994","post","type-post","status-publish","format-standard","has-post-thumbnail","hentry","category-noticias"],"_links":{"self":[{"href":"https:\/\/conadi.gob.gt\/web\/wp-json\/wp\/v2\/posts\/6994","targetHints":{"allow":["GET"]}}],"collection":[{"href":"https:\/\/conadi.gob.gt\/web\/wp-json\/wp\/v2\/posts"}],"about":[{"href":"https:\/\/conadi.gob.gt\/web\/wp-json\/wp\/v2\/types\/post"}],"author":[{"embeddable":true,"href":"https:\/\/conadi.gob.gt\/web\/wp-json\/wp\/v2\/users\/12"}],"replies":[{"embeddable":true,"href":"https:\/\/conadi.gob.gt\/web\/wp-json\/wp\/v2\/comments?post=6994"}],"version-history":[{"count":3,"href":"https:\/\/conadi.gob.gt\/web\/wp-json\/wp\/v2\/posts\/6994\/revisions"}],"predecessor-version":[{"id":6999,"href":"https:\/\/conadi.gob.gt\/web\/wp-json\/wp\/v2\/posts\/6994\/revisions\/6999"}],"wp:featuredmedia":[{"embeddable":true,"href":"https:\/\/conadi.gob.gt\/web\/wp-json\/wp\/v2\/media\/6996"}],"wp:attachment":[{"href":"https:\/\/conadi.gob.gt\/web\/wp-json\/wp\/v2\/media?parent=6994"}],"wp:term":[{"taxonomy":"category","embeddable":true,"href":"https:\/\/conadi.gob.gt\/web\/wp-json\/wp\/v2\/categories?post=6994"},{"taxonomy":"post_tag","embeddable":true,"href":"https:\/\/conadi.gob.gt\/web\/wp-json\/wp\/v2\/tags?post=6994"}],"curies":[{"name":"wp","href":"https:\/\/api.w.org\/{rel}","templated":true}]}}