{"id":7023,"date":"2020-02-26T21:21:15","date_gmt":"2020-02-26T21:21:15","guid":{"rendered":"http:\/\/conadi.gob.gt\/web\/?p=7023"},"modified":"2020-02-26T21:29:33","modified_gmt":"2020-02-26T21:29:33","slug":"la-gomera-ya-cuenta-con-oficina-municipal-de-discapacidad","status":"publish","type":"post","link":"https:\/\/conadi.gob.gt\/web\/la-gomera-ya-cuenta-con-oficina-municipal-de-discapacidad\/","title":{"rendered":"La Gomera ya cuenta con Oficina Municipal de Discapacidad"},"content":{"rendered":"<p>La Municipalidad de la Gomera, Escuintla,\u00a0 inaugur\u00f3 el 25 de febrero del 2020, la Oficina Municipal de Discapacidad. Convirti\u00e9ndose en la oficina 66 aperturada, que brindar\u00e1 apoyo a la poblaci\u00f3n en condici\u00f3n de discapacidad. En el acto protocolario particip\u00f3 la alcaldesa de la localidad, Floridalma Morales. El corte de la cinta fue realizado por Rosa Idalia Aldana, presidenta del CONADI. Al acto asistieron directivos del CONADI, entre ellos, Florinda de M\u00e9ndez y Francisco Sipaque e integrantes concejo edil.<\/p>\n<p>El municipio La Gomera\u00a0pertenece al departamento de Escuintla. Su extensi\u00f3n territorial es de aproximadamente 640 km\u00b2. Se encuentra a 57 kms. de la cabecera departamental y a 112 kms. de la ciudad capital.<\/p>\n<p>&nbsp;<\/p>\n<figure id=\"attachment_7024\" aria-describedby=\"caption-attachment-7024\" style=\"width: 407px\" class=\"wp-caption aligncenter\"><a href=\"https:\/\/conadi.gob.gt\/web\/wp-content\/uploads\/2020\/02\/Inauguraci\u00f3n-OMD-gomera.jpg\"><img loading=\"lazy\" decoding=\"async\" id=\"longdesc-return-7024\" class=\"size-full wp-image-7024\" tabindex=\"-1\" src=\"https:\/\/conadi.gob.gt\/web\/wp-content\/uploads\/2020\/02\/Inauguraci\u00f3n-OMD-gomera.jpg\" alt=\"Inauguraci\u00f3n de OMD\" width=\"407\" height=\"407\" longdesc=\"https:\/\/conadi.gob.gt\/web?longdesc=7024&amp;referrer=7023\" srcset=\"https:\/\/conadi.gob.gt\/web\/wp-content\/uploads\/2020\/02\/Inauguraci\u00f3n-OMD-gomera.jpg 407w, https:\/\/conadi.gob.gt\/web\/wp-content\/uploads\/2020\/02\/Inauguraci\u00f3n-OMD-gomera-150x150.jpg 150w, https:\/\/conadi.gob.gt\/web\/wp-content\/uploads\/2020\/02\/Inauguraci\u00f3n-OMD-gomera-300x300.jpg 300w\" sizes=\"auto, (max-width: 407px) 100vw, 407px\" \/><\/a><figcaption id=\"caption-attachment-7024\" class=\"wp-caption-text\">Apertura de Oficina Municipal de Discapacidad en La Gomera. Escuintla.<\/figcaption><\/figure>\n<p>&nbsp;<\/p>\n<p>&nbsp;<\/p>\n<p>En tanto, en Sipacate, autoridades del CONADI encabezados por Rosa Idalia Aldana, presidenta de la instituci\u00f3n. Acompa\u00f1ada de Florinda De M\u00e9ndez y Francisco Sipaque, sostuvieron un acercamiento con el alcalde de la localidad Walter Najera. El encuentro tuvo la finalidad de solicitar la creaci\u00f3n y apertura de la oficina municipal de Discapacidad en Sipacate, Escuintla. Como resultado, se logr\u00f3 establecer el v\u00ednculo para llevar la propuesta formal y realizar el debido procedimiento.<\/p>\n<p>Sipacate se convirti\u00f3 en el municipio 339 en el 2015, \u00a0fue creado el 4 de octubre de referido a\u00f1o mediante Decreto 04-2015.<\/p>\n<p>En el municipio de Sipacate,\u00a0situado frente al oc\u00e9ano Pac\u00edfico, a unos 130 kil\u00f3metros al sur de la Ciudad de Guatemala, desarrolla la pesca artesanal. Los pescadores\u00a0 se dedican a comercializar camar\u00f3n, pescado, jaibas. Exportan a Centroam\u00e9rica, principalmente a El Salvador. \u00a0Tambi\u00e9n en el municipio se cosecha, empaca y comercializa la sal, obtenida por medio de proceso de evaporaci\u00f3n solar.<\/p>\n<p>&nbsp;<\/p>\n<figure id=\"attachment_7025\" aria-describedby=\"caption-attachment-7025\" style=\"width: 407px\" class=\"wp-caption aligncenter\"><a href=\"https:\/\/conadi.gob.gt\/web\/wp-content\/uploads\/2020\/02\/collage-Sipacate.jpg\"><img loading=\"lazy\" decoding=\"async\" class=\"size-full wp-image-7025\" src=\"https:\/\/conadi.gob.gt\/web\/wp-content\/uploads\/2020\/02\/collage-Sipacate.jpg\" alt=\"SIPACATE-CONADI\" width=\"407\" height=\"407\" srcset=\"https:\/\/conadi.gob.gt\/web\/wp-content\/uploads\/2020\/02\/collage-Sipacate.jpg 407w, https:\/\/conadi.gob.gt\/web\/wp-content\/uploads\/2020\/02\/collage-Sipacate-150x150.jpg 150w, https:\/\/conadi.gob.gt\/web\/wp-content\/uploads\/2020\/02\/collage-Sipacate-300x300.jpg 300w\" sizes=\"auto, (max-width: 407px) 100vw, 407px\" \/><\/a><figcaption id=\"caption-attachment-7025\" class=\"wp-caption-text\">Reuni\u00f3n de autoridades ediles de Sipacate con directivos del CONADI<\/figcaption><\/figure>\n","protected":false},"excerpt":{"rendered":"<p>La Municipalidad de la Gomera, Escuintla,\u00a0 inaugur\u00f3 el 25 de febrero del 2020, la Oficina Municipal de Discapacidad. Convirti\u00e9ndose en la oficina 66 aperturada, que brindar\u00e1 apoyo a la poblaci\u00f3n en condici\u00f3n de discapacidad. En el acto protocolario particip\u00f3 la alcaldesa de la localidad, Floridalma Morales. El corte de la cinta fue realizado por Rosa &hellip; <\/p>\n<p class=\"link-more\"><a href=\"https:\/\/conadi.gob.gt\/web\/la-gomera-ya-cuenta-con-oficina-municipal-de-discapacidad\/\" class=\"more-link\">Leer m\u00e1s<span class=\"screen-reader-text\"> \u00abLa Gomera ya cuenta con Oficina Municipal de Discapacidad\u00bb<\/span><\/a><\/p>\n","protected":false},"author":12,"featured_media":7024,"comment_status":"open","ping_status":"closed","sticky":false,"template":"","format":"standard","meta":{"footnotes":""},"categories":[3,1],"tags":[],"class_list":["post-7023","post","type-post","status-publish","format-standard","has-post-thumbnail","hentry","category-noticias","category-sin-categoria"],"_links":{"self":[{"href":"https:\/\/conadi.gob.gt\/web\/wp-json\/wp\/v2\/posts\/7023","targetHints":{"allow":["GET"]}}],"collection":[{"href":"https:\/\/conadi.gob.gt\/web\/wp-json\/wp\/v2\/posts"}],"about":[{"href":"https:\/\/conadi.gob.gt\/web\/wp-json\/wp\/v2\/types\/post"}],"author":[{"embeddable":true,"href":"https:\/\/conadi.gob.gt\/web\/wp-json\/wp\/v2\/users\/12"}],"replies":[{"embeddable":true,"href":"https:\/\/conadi.gob.gt\/web\/wp-json\/wp\/v2\/comments?post=7023"}],"version-history":[{"count":3,"href":"https:\/\/conadi.gob.gt\/web\/wp-json\/wp\/v2\/posts\/7023\/revisions"}],"predecessor-version":[{"id":7028,"href":"https:\/\/conadi.gob.gt\/web\/wp-json\/wp\/v2\/posts\/7023\/revisions\/7028"}],"wp:featuredmedia":[{"embeddable":true,"href":"https:\/\/conadi.gob.gt\/web\/wp-json\/wp\/v2\/media\/7024"}],"wp:attachment":[{"href":"https:\/\/conadi.gob.gt\/web\/wp-json\/wp\/v2\/media?parent=7023"}],"wp:term":[{"taxonomy":"category","embeddable":true,"href":"https:\/\/conadi.gob.gt\/web\/wp-json\/wp\/v2\/categories?post=7023"},{"taxonomy":"post_tag","embeddable":true,"href":"https:\/\/conadi.gob.gt\/web\/wp-json\/wp\/v2\/tags?post=7023"}],"curies":[{"name":"wp","href":"https:\/\/api.w.org\/{rel}","templated":true}]}}