{"id":7034,"date":"2020-02-28T23:37:02","date_gmt":"2020-02-28T23:37:02","guid":{"rendered":"http:\/\/conadi.gob.gt\/web\/?p=7034"},"modified":"2020-02-28T23:37:35","modified_gmt":"2020-02-28T23:37:35","slug":"acciones-realizadas-a-nivel-departamental-del-24-al-28-de-febrero","status":"publish","type":"post","link":"https:\/\/conadi.gob.gt\/web\/acciones-realizadas-a-nivel-departamental-del-24-al-28-de-febrero\/","title":{"rendered":"ACCIONES REALIZADAS A NIVEL DEPARTAMENTAL DEL  24 AL 28 DE FEBRERO"},"content":{"rendered":"<p>Con el objetivo de dar seguimiento a las acciones programadas a nivel departamental, los promotores del CONADI\u00a0 han realizado varias acciones, para seguir promoviendo la inclusi\u00f3n de las personas con discapacidad.<\/p>\n<p><strong>SUCHITEP\u00c9QUEZ<\/strong><\/p>\n<p>Se present\u00f3 el Plan Operativo Anual al equipo coordinador interinstitucional, con el objetivo de conocer las actividades programadas para este a\u00f1o. Asimismo, se socializ\u00f3 la \u00a0informaci\u00f3n de plazas vacantes para personas con discapacidad.<\/p>\n<p>En dicha reuni\u00f3n, se inform\u00f3 que pr\u00f3ximamente se llevar\u00e1 a cabo la apertura de la Oficina Municipal de Discapacidad en el Municipio de San Juan Bautista.<\/p>\n<p>Entre otras actividades, se tuvo un acercamiento con el Director Regional de la Universidad de Occidente con el objetivo coordinar una jornada m\u00e9dica el d\u00eda de la apertura de la Oficina Municipal de Discapacidad en San Juan Bautista, se solicit\u00f3 el apoyo de especialistas en Fisioterapista, Psicolog\u00eda y M\u00e9dicos generales.<\/p>\n<p>En esta reuni\u00f3n participaron representantes de dicha municipalidad Gerson Barahoba, Concejal IV; Domingo Santizo, Concejal I; as\u00ed como M\u00f3nica Santizo, enlace Direcci\u00f3n de la Mujer.<\/p>\n<p>El 25 de febrero, en las en las instalaciones de Fundabiem se realiz\u00f3 el \u201cConservatorio sobre Salud Sexual y Reproductiva\u201d dirigido a mujeres con discapacidad y madres de personas con discapacidad, los temas abordados fueron:<\/p>\n<ul>\n<li>Antecedentes, datos estad\u00edsticos sobre \u201csalud sexual y reproductiva\u201d por el Dr. Carlos Narez.<\/li>\n<li>Salud sexual y m\u00e9todos anticonceptivos, recomendaciones a las ni\u00f1as de 07 a\u00f1os a 12 a\u00f1os sobre la importancia de vacunar y prevenir el virus de Papiloma Humano por la Dra. Yaneliz Gonz\u00e1lez \u00a0de la Direcci\u00f3n \u00c1rea de Salud de Suchitep\u00e9quez.<\/li>\n<\/ul>\n<p>Esta actividad fue coordinada por el Comisi\u00f3n Departamental de Discapacidad \u2013CODEDIS- \u00a0y la Secretar\u00eda Presidencial de la Mujer SEPREM.<\/p>\n<p><strong>CHIQUIMULA<\/strong><\/p>\n<p>Se presenta propuesta de apertura de la\u00a0 Oficina Municipal de Discapacidad -OMD al\u00a0 alcalde municipal de San Juan Ermita, \u00a0Miguel\u00a0 \u00c1ngel\u00a0 L\u00f3pez\u00a0 Guti\u00e9rrez y al personal de la\u00a0 Direcci\u00f3n de la\u00a0 Mujer, \u00a0misma que fue aprobada por el alcalde.<\/p>\n<p>Tambi\u00e9n, se present\u00f3 ante el Concejo\u00a0 Municipal\u00a0 para su aprobaci\u00f3n y realizaron acuerdo de su creaci\u00f3n de la oficina de esta modalidad, para promover los derechos de las personas con discapacidad en dicho municipio.<\/p>\n<p><a href=\"https:\/\/conadi.gob.gt\/web\/wp-content\/uploads\/2020\/02\/colla-pagina-28-de-junio.jpg\"><img loading=\"lazy\" decoding=\"async\" class=\"alignnone size-medium wp-image-7035\" src=\"https:\/\/conadi.gob.gt\/web\/wp-content\/uploads\/2020\/02\/colla-pagina-28-de-junio-300x300.jpg\" alt=\"\" width=\"300\" height=\"300\" srcset=\"https:\/\/conadi.gob.gt\/web\/wp-content\/uploads\/2020\/02\/colla-pagina-28-de-junio-300x300.jpg 300w, https:\/\/conadi.gob.gt\/web\/wp-content\/uploads\/2020\/02\/colla-pagina-28-de-junio-150x150.jpg 150w, https:\/\/conadi.gob.gt\/web\/wp-content\/uploads\/2020\/02\/colla-pagina-28-de-junio-768x768.jpg 768w, https:\/\/conadi.gob.gt\/web\/wp-content\/uploads\/2020\/02\/colla-pagina-28-de-junio-1024x1024.jpg 1024w, https:\/\/conadi.gob.gt\/web\/wp-content\/uploads\/2020\/02\/colla-pagina-28-de-junio.jpg 1200w\" sizes=\"auto, (max-width: 300px) 100vw, 300px\" \/><\/a><\/p>\n<p>&nbsp;<\/p>\n<p>&nbsp;<\/p>\n","protected":false},"excerpt":{"rendered":"<p>Con el objetivo de dar seguimiento a las acciones programadas a nivel departamental, los promotores del CONADI\u00a0 han realizado varias acciones, para seguir promoviendo la inclusi\u00f3n de las personas con discapacidad. SUCHITEP\u00c9QUEZ Se present\u00f3 el Plan Operativo Anual al equipo coordinador interinstitucional, con el objetivo de conocer las actividades programadas para este a\u00f1o. Asimismo, se &hellip; <\/p>\n<p class=\"link-more\"><a href=\"https:\/\/conadi.gob.gt\/web\/acciones-realizadas-a-nivel-departamental-del-24-al-28-de-febrero\/\" class=\"more-link\">Leer m\u00e1s<span class=\"screen-reader-text\"> \u00abACCIONES REALIZADAS A NIVEL DEPARTAMENTAL DEL  24 AL 28 DE FEBRERO\u00bb<\/span><\/a><\/p>\n","protected":false},"author":12,"featured_media":7035,"comment_status":"open","ping_status":"closed","sticky":false,"template":"","format":"standard","meta":{"footnotes":""},"categories":[3],"tags":[],"class_list":["post-7034","post","type-post","status-publish","format-standard","has-post-thumbnail","hentry","category-noticias"],"_links":{"self":[{"href":"https:\/\/conadi.gob.gt\/web\/wp-json\/wp\/v2\/posts\/7034","targetHints":{"allow":["GET"]}}],"collection":[{"href":"https:\/\/conadi.gob.gt\/web\/wp-json\/wp\/v2\/posts"}],"about":[{"href":"https:\/\/conadi.gob.gt\/web\/wp-json\/wp\/v2\/types\/post"}],"author":[{"embeddable":true,"href":"https:\/\/conadi.gob.gt\/web\/wp-json\/wp\/v2\/users\/12"}],"replies":[{"embeddable":true,"href":"https:\/\/conadi.gob.gt\/web\/wp-json\/wp\/v2\/comments?post=7034"}],"version-history":[{"count":1,"href":"https:\/\/conadi.gob.gt\/web\/wp-json\/wp\/v2\/posts\/7034\/revisions"}],"predecessor-version":[{"id":7036,"href":"https:\/\/conadi.gob.gt\/web\/wp-json\/wp\/v2\/posts\/7034\/revisions\/7036"}],"wp:featuredmedia":[{"embeddable":true,"href":"https:\/\/conadi.gob.gt\/web\/wp-json\/wp\/v2\/media\/7035"}],"wp:attachment":[{"href":"https:\/\/conadi.gob.gt\/web\/wp-json\/wp\/v2\/media?parent=7034"}],"wp:term":[{"taxonomy":"category","embeddable":true,"href":"https:\/\/conadi.gob.gt\/web\/wp-json\/wp\/v2\/categories?post=7034"},{"taxonomy":"post_tag","embeddable":true,"href":"https:\/\/conadi.gob.gt\/web\/wp-json\/wp\/v2\/tags?post=7034"}],"curies":[{"name":"wp","href":"https:\/\/api.w.org\/{rel}","templated":true}]}}