{"id":7062,"date":"2020-03-19T16:17:21","date_gmt":"2020-03-19T16:17:21","guid":{"rendered":"http:\/\/conadi.gob.gt\/web\/?p=7062"},"modified":"2020-03-19T16:42:48","modified_gmt":"2020-03-19T16:42:48","slug":"comunicado-8-2020-todos-somos-vulnerables","status":"publish","type":"post","link":"https:\/\/conadi.gob.gt\/web\/comunicado-8-2020-todos-somos-vulnerables\/","title":{"rendered":"COMUNICADO 8-2020"},"content":{"rendered":"<p><a href=\"https:\/\/conadi.gob.gt\/web\/wp-content\/uploads\/2020\/03\/COMUNICADO-8-2020.jpg\"><img loading=\"lazy\" decoding=\"async\" class=\"alignnone size-medium wp-image-7064\" src=\"https:\/\/conadi.gob.gt\/web\/wp-content\/uploads\/2020\/03\/COMUNICADO-8-2020-225x300.jpg\" alt=\"\" width=\"225\" height=\"300\" srcset=\"https:\/\/conadi.gob.gt\/web\/wp-content\/uploads\/2020\/03\/COMUNICADO-8-2020-225x300.jpg 225w, https:\/\/conadi.gob.gt\/web\/wp-content\/uploads\/2020\/03\/COMUNICADO-8-2020.jpg 720w\" sizes=\"auto, (max-width: 225px) 100vw, 225px\" \/><\/a><\/p>\n<p>&nbsp;<\/p>\n<p><b>\u201cTODOS SOMOS VULNERABLES<\/b><b>\u201d<\/b><\/p>\n<p><b>Guatemala, 16 de marzo del 2020.<\/b> El coronavirus nos afecta a todos,\u00a0 pero existen algunos grupos de riesgo\u00a0 m\u00e1s susceptibles de contagio del COVID-19,\u00a0 por lo que presentan un riesgo mayor en su salud, como los son las personas mayores de 60 a\u00f1os, personas con discapacidad, personas, con algunas enfermedades cr\u00f3nicas.<\/p>\n<p>Es fundamental apelar a la responsabilidad ciudadana\u00a0 e\u00a0 instamos especialmente a\u00a0 todas las personas con discapacidad y organizaciones a tomar las debidas precauciones ante esta pandemia:<\/p>\n<ul>\n<li>Lavarse las manos y\/o desinfectar constantemente el equipo de asistencia.<\/li>\n<li>Evitar el contacto con otras personas que tengan s\u00edntomas de gripe.<\/li>\n<li>Taparse la boca con el codo flexionado al toser o con un pa\u00f1uelo.<\/li>\n<li>Evitar tocarse los ojos, nariz y boca, evitar saludarse de abrazo, darse la mano o darse besos y as\u00ed evitar el peligro del contagio y desarrollar alguno de los s\u00edntomas, que son la fiebre, tos seca y fatiga.<\/li>\n<\/ul>\n<p>Es importante que las organizaciones de personas con discapacidad\u00a0 conformen una red de apoyo hacia este sector de la poblaci\u00f3n para que conozcan: lugar de vivienda,\u00a0 quienes conforman su c\u00edrculo m\u00e1s cercano y a establecer una l\u00ednea de contacto en caso de emergencia, en la que una persona con discapacidad se vea afectada.<\/p>\n<p>Las personas con discapacidad requieren de apoyo, por lo que exhortamos a la sociedad en general a ser solidarios y brindar ayuda en caso de que\u00a0 una persona con discapacidad\u00a0 lo necesite.<\/p>\n<p>Se motiva a guardar la calma y a no colaborar con el desabastecimiento de\u00a0 productos b\u00e1sicos en los supermercados,\u00a0\u00a0 considerando que\u00a0 como gran parte de la poblaci\u00f3n, tambi\u00e9n\u00a0 las personas con discapacidad y sus familias se ven afectadas de manera concreta debido a que no tienen los recursos econ\u00f3micos disponibles para realizar dichas adquisiciones para su hogar.<\/p>\n<p>Siendo lo m\u00e1s valioso el resguardo de la vida,\u00a0 se exhorta a\u00a0 las personas con discapacidad\u00a0 m\u00e1s vulnerables a mantenerse en sus casas, para\u00a0 reducir los riesgos.\u00a0 En\u00a0 cumpliendo con las indicaciones del Gobierno Central.<\/p>\n<p>&nbsp;<\/p>\n<p><b>#JUNTOSSALDREMOSADELANTE<\/b><\/p>\n<p><b>#<\/b><b>UnidosContraElCoronavirus<\/b><\/p>\n","protected":false},"excerpt":{"rendered":"<p>&nbsp; \u201cTODOS SOMOS VULNERABLES\u201d Guatemala, 16 de marzo del 2020. El coronavirus nos afecta a todos,\u00a0 pero existen algunos grupos de riesgo\u00a0 m\u00e1s susceptibles de contagio del COVID-19,\u00a0 por lo que presentan un riesgo mayor en su salud, como los son las personas mayores de 60 a\u00f1os, personas con discapacidad, personas, con algunas enfermedades cr\u00f3nicas. &hellip; <\/p>\n<p class=\"link-more\"><a href=\"https:\/\/conadi.gob.gt\/web\/comunicado-8-2020-todos-somos-vulnerables\/\" class=\"more-link\">Leer m\u00e1s<span class=\"screen-reader-text\"> \u00abCOMUNICADO 8-2020\u00bb<\/span><\/a><\/p>\n","protected":false},"author":12,"featured_media":7064,"comment_status":"open","ping_status":"closed","sticky":false,"template":"","format":"image","meta":{"footnotes":""},"categories":[3],"tags":[],"class_list":["post-7062","post","type-post","status-publish","format-image","has-post-thumbnail","hentry","category-noticias","post_format-post-format-image"],"_links":{"self":[{"href":"https:\/\/conadi.gob.gt\/web\/wp-json\/wp\/v2\/posts\/7062","targetHints":{"allow":["GET"]}}],"collection":[{"href":"https:\/\/conadi.gob.gt\/web\/wp-json\/wp\/v2\/posts"}],"about":[{"href":"https:\/\/conadi.gob.gt\/web\/wp-json\/wp\/v2\/types\/post"}],"author":[{"embeddable":true,"href":"https:\/\/conadi.gob.gt\/web\/wp-json\/wp\/v2\/users\/12"}],"replies":[{"embeddable":true,"href":"https:\/\/conadi.gob.gt\/web\/wp-json\/wp\/v2\/comments?post=7062"}],"version-history":[{"count":3,"href":"https:\/\/conadi.gob.gt\/web\/wp-json\/wp\/v2\/posts\/7062\/revisions"}],"predecessor-version":[{"id":7074,"href":"https:\/\/conadi.gob.gt\/web\/wp-json\/wp\/v2\/posts\/7062\/revisions\/7074"}],"wp:featuredmedia":[{"embeddable":true,"href":"https:\/\/conadi.gob.gt\/web\/wp-json\/wp\/v2\/media\/7064"}],"wp:attachment":[{"href":"https:\/\/conadi.gob.gt\/web\/wp-json\/wp\/v2\/media?parent=7062"}],"wp:term":[{"taxonomy":"category","embeddable":true,"href":"https:\/\/conadi.gob.gt\/web\/wp-json\/wp\/v2\/categories?post=7062"},{"taxonomy":"post_tag","embeddable":true,"href":"https:\/\/conadi.gob.gt\/web\/wp-json\/wp\/v2\/tags?post=7062"}],"curies":[{"name":"wp","href":"https:\/\/api.w.org\/{rel}","templated":true}]}}