{"id":7088,"date":"2020-03-24T18:34:14","date_gmt":"2020-03-24T18:34:14","guid":{"rendered":"http:\/\/conadi.gob.gt\/web\/?p=7088"},"modified":"2020-03-24T18:34:14","modified_gmt":"2020-03-24T18:34:14","slug":"comunicado-11-2020","status":"publish","type":"post","link":"https:\/\/conadi.gob.gt\/web\/comunicado-11-2020\/","title":{"rendered":"COMUNICADO 11-2020"},"content":{"rendered":"<p><a href=\"https:\/\/conadi.gob.gt\/web\/wp-content\/uploads\/2020\/03\/Comunicado-11-2020-1.jpg\"><img loading=\"lazy\" decoding=\"async\" class=\"alignnone size-medium wp-image-7086\" src=\"https:\/\/conadi.gob.gt\/web\/wp-content\/uploads\/2020\/03\/Comunicado-11-2020-1-225x300.jpg\" alt=\"\" width=\"225\" height=\"300\" srcset=\"https:\/\/conadi.gob.gt\/web\/wp-content\/uploads\/2020\/03\/Comunicado-11-2020-1-225x300.jpg 225w, https:\/\/conadi.gob.gt\/web\/wp-content\/uploads\/2020\/03\/Comunicado-11-2020-1.jpg 720w\" sizes=\"auto, (max-width: 225px) 100vw, 225px\" \/><\/a><\/p>\n<p><b>CONADI MANIFIESTA COMO ACCI\u00d3N AFIRMATIVA LA INICIATIVA 5730 <\/b><\/p>\n<p><b>LEY<\/b> <b>DE<\/b> <b>PROTECCI\u00d3N<\/b> <b>A<\/b> <b>LAS<\/b> <b>PERSONAS<\/b> <b>CON<\/b> <b>DISCAPACIDAD<\/b><\/p>\n<p><b>\u00a0<\/b><\/p>\n<p><b>Guatemala, 19 de marzo de 2020. <\/b>El Consejo Nacional para la Atenci\u00f3n de las Personas con Discapacidad (CONADI), ente coordinador, asesor e impulsor de pol\u00edticas generales en materia de discapacidad, califica como una acci\u00f3n afirmativa, la iniciativa 5730 Ley de Protecci\u00f3n a las Personas con Discapacidad ante la emergencia sanitaria por el COVID-19. Proyecto que busca otorgar un beneficio econ\u00f3mico mediante una transferencia mensual del 25% del costo de la canasta b\u00e1sica, durante seis meses a personas con discapacidad, que han sido afectadas ante la crisis generada por el distanciamiento social a causa de la pandemia del COVID-19.<\/p>\n<p>&nbsp;<\/p>\n<p>El CONADI reconoce esta acci\u00f3n promovida por diputados al Congreso de la Rep\u00fablica identificados con los asuntos de discapacidad. A la vez exhorta a los dem\u00e1s parlamentarios a apoyar esta iniciativa, que coadyuvar\u00e1 a reducir el impacto negativo que tendr\u00e1n esta crisis en la econom\u00eda de las personas con discapacidad y sus familias, poblaci\u00f3n que suma m\u00e1s de un mill\u00f3n seiscientos mil guatemaltecos. Es necesario que de manera paralela se apruebe el proyecto de ley de Certificaci\u00f3n de discapacidad, para operativizar el subsidio y sustentar legalmente. Esto permitir\u00e1 establecer la base de datos de personas en condici\u00f3n de discapacidad del \u00e1rea urbana y rural. Esta \u00faltima regi\u00f3n, es donde se concentra la mayor parte de la poblaci\u00f3n con discapacidad en pobreza y pobreza extrema<\/p>\n<p>El compromiso de vencer esta pandemia es de todos.<\/p>\n<p><b>#JUNTOSSALDREMOSADELANTE<\/b><\/p>\n<p><b>#<\/b><b>UnidosContraElCoronavirus<\/b><\/p>\n","protected":false},"excerpt":{"rendered":"<p>CONADI MANIFIESTA COMO ACCI\u00d3N AFIRMATIVA LA INICIATIVA 5730 LEY DE PROTECCI\u00d3N A LAS PERSONAS CON DISCAPACIDAD \u00a0 Guatemala, 19 de marzo de 2020. El Consejo Nacional para la Atenci\u00f3n de las Personas con Discapacidad (CONADI), ente coordinador, asesor e impulsor de pol\u00edticas generales en materia de discapacidad, califica como una acci\u00f3n afirmativa, la iniciativa 5730 &hellip; <\/p>\n<p class=\"link-more\"><a href=\"https:\/\/conadi.gob.gt\/web\/comunicado-11-2020\/\" class=\"more-link\">Leer m\u00e1s<span class=\"screen-reader-text\"> \u00abCOMUNICADO 11-2020\u00bb<\/span><\/a><\/p>\n","protected":false},"author":12,"featured_media":7086,"comment_status":"open","ping_status":"closed","sticky":false,"template":"","format":"image","meta":{"footnotes":""},"categories":[3],"tags":[],"class_list":["post-7088","post","type-post","status-publish","format-image","has-post-thumbnail","hentry","category-noticias","post_format-post-format-image"],"_links":{"self":[{"href":"https:\/\/conadi.gob.gt\/web\/wp-json\/wp\/v2\/posts\/7088","targetHints":{"allow":["GET"]}}],"collection":[{"href":"https:\/\/conadi.gob.gt\/web\/wp-json\/wp\/v2\/posts"}],"about":[{"href":"https:\/\/conadi.gob.gt\/web\/wp-json\/wp\/v2\/types\/post"}],"author":[{"embeddable":true,"href":"https:\/\/conadi.gob.gt\/web\/wp-json\/wp\/v2\/users\/12"}],"replies":[{"embeddable":true,"href":"https:\/\/conadi.gob.gt\/web\/wp-json\/wp\/v2\/comments?post=7088"}],"version-history":[{"count":1,"href":"https:\/\/conadi.gob.gt\/web\/wp-json\/wp\/v2\/posts\/7088\/revisions"}],"predecessor-version":[{"id":7089,"href":"https:\/\/conadi.gob.gt\/web\/wp-json\/wp\/v2\/posts\/7088\/revisions\/7089"}],"wp:featuredmedia":[{"embeddable":true,"href":"https:\/\/conadi.gob.gt\/web\/wp-json\/wp\/v2\/media\/7086"}],"wp:attachment":[{"href":"https:\/\/conadi.gob.gt\/web\/wp-json\/wp\/v2\/media?parent=7088"}],"wp:term":[{"taxonomy":"category","embeddable":true,"href":"https:\/\/conadi.gob.gt\/web\/wp-json\/wp\/v2\/categories?post=7088"},{"taxonomy":"post_tag","embeddable":true,"href":"https:\/\/conadi.gob.gt\/web\/wp-json\/wp\/v2\/tags?post=7088"}],"curies":[{"name":"wp","href":"https:\/\/api.w.org\/{rel}","templated":true}]}}