{"id":7127,"date":"2020-04-23T21:08:07","date_gmt":"2020-04-23T21:08:07","guid":{"rendered":"http:\/\/conadi.gob.gt\/web\/?p=7127"},"modified":"2020-04-23T21:08:07","modified_gmt":"2020-04-23T21:08:07","slug":"acciones-institucionales-ante-el-covid-19","status":"publish","type":"post","link":"https:\/\/conadi.gob.gt\/web\/acciones-institucionales-ante-el-covid-19\/","title":{"rendered":"ACCIONES INSTITUCIONALES ANTE EL COVID-19"},"content":{"rendered":"<p>El Consejo Nacional para la Atenci\u00f3n de las Personas con discapacidad, CONADI, se ha mantenido constante en la divulgaci\u00f3n de informaci\u00f3n respecto a la emergencia sanitaria provocada por la\u00a0 \u00a0 COVID-19.<\/p>\n<p>El CONADI ha generado, promovido y divulgado mensajes para la prevenci\u00f3n, contenci\u00f3n del Coronavirus. \u00a0Los mensajes han sido producidos en formatos convencionales y accesibles para garantizar el derecho a la comunicaci\u00f3n de la poblaci\u00f3n con discapacidad, incluyendo modos y formas como: pictogramas,\u00a0 redacci\u00f3n de f\u00e1cil comprensi\u00f3n, incluir de int\u00e9rprete de lengua de se\u00f1as en audiovisuales y formatos audibles. Debe reconocerse el apoyo de Servicios de Sordos Latinos, Asociaci\u00f3n de Sordos de Guatemala \u2013ASORGUA- y Asociaci\u00f3n de Int\u00e9rpretes y Gu\u00edas Int\u00e9rpretes de Lengua de Se\u00f1as de Guatemala &#8211; INTERGUA-.<\/p>\n<p>A trav\u00e9s de las redes sociales del CONADI, se ha realizado una campa\u00f1a de prevenci\u00f3n titulada \u201cPrevenir, es acci\u00f3n conjunta\u201d, que ha contado con el apoyo t\u00e9cnico de la Oficina del Alto Comisionado de las Naciones Unidas para los Derechos Humanos \u2013OACNUDH- Esta campa\u00f1a ha puesto en relieve mensajes claves del pronunciamiento de la relatora especial Catalina Devandas. Se realizaron cuatro spots radiales que han sido transmitidos en idioma espa\u00f1ol, Kaqchikel y K&#8217;iche&#8217;. Los argumentos socializados giran en cuatro aspectos: la informaci\u00f3n falsa puede generar ansiedad en las personas con discapacidad; las personas con discapacidad y personal de apoyo deben permanecer juntas en cuarenta; las personas con discapacidad requieren con asistencia personal para realizar sus compras y las organizaciones de personas con discapacidad deben tomar un rol protagonista en la sensibilizaci\u00f3n de este colectivo y sus familias sobre medidas de prevenci\u00f3n. En la etapa de divulgaci\u00f3n ha sido vital la alianza entre medios de comunicaci\u00f3n con el CONADI, una red conformada por m\u00e1s de 50 emisoras de corte cultural, informativo y comunitario.<\/p>\n<p>Los programas de radio \u201cGuatemala para Todos\u201d y diversos segmentos informativos, \u00a0han abordado temas coyunturales: posturas de organismos internacionales que trabajan en pro de las personas con discapacidad ante la emergencia del COVID 19; restricciones y acciones de apoyo a la poblaci\u00f3n con discapacidad ante la emergencia del COVID 19; medidas de apoyo para las personas con autismo por el confinamiento del COVID-19;\u00a0 cien d\u00edas de gobierno, acciones de discapacidad y de emergencia sanitaria, cultura de denuncia ante la violencia intrafamiliar en tiempos del coronavirus, entre otros. Programas que han brindado informaci\u00f3n y orientaci\u00f3n a la poblaci\u00f3n con discapacidad tenga la informaci\u00f3n necesaria para sobrellevar esta situaci\u00f3n.<\/p>\n<p>En las plataformas digitales institucionales, se han realizado replicas accesibles con las disposiciones presidenciales, respecto a la restricci\u00f3n de circulaci\u00f3n y tr\u00e1nsito, limitaciones de la locomoci\u00f3n interdepartamental, y dem\u00e1s acciones implementadas con la finalidad de contener la propagaci\u00f3n del virus.\u00a0 Tambi\u00e9n, se ha promovido a trav\u00e9s de redes sociales, el uso de la mascarilla como medida de prevenci\u00f3n, la importancia de desinfectar los aparatos de apoyo de personas con discapacidad, lavado correcto de manos.<\/p>\n<p style=\"text-align: center;\">Acci\u00f3n conjunta para una participaci\u00f3n plena.<\/p>\n<p>&nbsp;<\/p>\n<p><a href=\"https:\/\/conadi.gob.gt\/web\/wp-content\/uploads\/2020\/04\/collage.jpg\"><img loading=\"lazy\" decoding=\"async\" class=\"alignnone  wp-image-7128\" src=\"https:\/\/conadi.gob.gt\/web\/wp-content\/uploads\/2020\/04\/collage-300x228.jpg\" alt=\"\" width=\"343\" height=\"261\" srcset=\"https:\/\/conadi.gob.gt\/web\/wp-content\/uploads\/2020\/04\/collage-300x228.jpg 300w, https:\/\/conadi.gob.gt\/web\/wp-content\/uploads\/2020\/04\/collage-768x584.jpg 768w, https:\/\/conadi.gob.gt\/web\/wp-content\/uploads\/2020\/04\/collage-1024x778.jpg 1024w, https:\/\/conadi.gob.gt\/web\/wp-content\/uploads\/2020\/04\/collage-45x35.jpg 45w, https:\/\/conadi.gob.gt\/web\/wp-content\/uploads\/2020\/04\/collage.jpg 1501w\" sizes=\"auto, (max-width: 343px) 100vw, 343px\" \/><\/a><\/p>\n<p>&nbsp;<\/p>\n","protected":false},"excerpt":{"rendered":"<p>El Consejo Nacional para la Atenci\u00f3n de las Personas con discapacidad, CONADI, se ha mantenido constante en la divulgaci\u00f3n de informaci\u00f3n respecto a la emergencia sanitaria provocada por la\u00a0 \u00a0 COVID-19. El CONADI ha generado, promovido y divulgado mensajes para la prevenci\u00f3n, contenci\u00f3n del Coronavirus. \u00a0Los mensajes han sido producidos en formatos convencionales y accesibles &hellip; <\/p>\n<p class=\"link-more\"><a href=\"https:\/\/conadi.gob.gt\/web\/acciones-institucionales-ante-el-covid-19\/\" class=\"more-link\">Leer m\u00e1s<span class=\"screen-reader-text\"> \u00abACCIONES INSTITUCIONALES ANTE EL COVID-19\u00bb<\/span><\/a><\/p>\n","protected":false},"author":12,"featured_media":7128,"comment_status":"open","ping_status":"closed","sticky":false,"template":"","format":"standard","meta":{"footnotes":""},"categories":[3],"tags":[],"class_list":["post-7127","post","type-post","status-publish","format-standard","has-post-thumbnail","hentry","category-noticias"],"_links":{"self":[{"href":"https:\/\/conadi.gob.gt\/web\/wp-json\/wp\/v2\/posts\/7127","targetHints":{"allow":["GET"]}}],"collection":[{"href":"https:\/\/conadi.gob.gt\/web\/wp-json\/wp\/v2\/posts"}],"about":[{"href":"https:\/\/conadi.gob.gt\/web\/wp-json\/wp\/v2\/types\/post"}],"author":[{"embeddable":true,"href":"https:\/\/conadi.gob.gt\/web\/wp-json\/wp\/v2\/users\/12"}],"replies":[{"embeddable":true,"href":"https:\/\/conadi.gob.gt\/web\/wp-json\/wp\/v2\/comments?post=7127"}],"version-history":[{"count":1,"href":"https:\/\/conadi.gob.gt\/web\/wp-json\/wp\/v2\/posts\/7127\/revisions"}],"predecessor-version":[{"id":7129,"href":"https:\/\/conadi.gob.gt\/web\/wp-json\/wp\/v2\/posts\/7127\/revisions\/7129"}],"wp:featuredmedia":[{"embeddable":true,"href":"https:\/\/conadi.gob.gt\/web\/wp-json\/wp\/v2\/media\/7128"}],"wp:attachment":[{"href":"https:\/\/conadi.gob.gt\/web\/wp-json\/wp\/v2\/media?parent=7127"}],"wp:term":[{"taxonomy":"category","embeddable":true,"href":"https:\/\/conadi.gob.gt\/web\/wp-json\/wp\/v2\/categories?post=7127"},{"taxonomy":"post_tag","embeddable":true,"href":"https:\/\/conadi.gob.gt\/web\/wp-json\/wp\/v2\/tags?post=7127"}],"curies":[{"name":"wp","href":"https:\/\/api.w.org\/{rel}","templated":true}]}}