{"id":7130,"date":"2020-04-23T21:55:18","date_gmt":"2020-04-23T21:55:18","guid":{"rendered":"http:\/\/conadi.gob.gt\/web\/?p=7130"},"modified":"2020-04-23T21:55:18","modified_gmt":"2020-04-23T21:55:18","slug":"inclusion-de-las-personas-con-discapacidad-en-planes-de-apoyo-ante-el-covid-19","status":"publish","type":"post","link":"https:\/\/conadi.gob.gt\/web\/inclusion-de-las-personas-con-discapacidad-en-planes-de-apoyo-ante-el-covid-19\/","title":{"rendered":"INCLUSI\u00d3N DE LAS PERSONAS CON DISCAPACIDAD EN PLANES DE APOYO ANTE EL COVID 19"},"content":{"rendered":"<p>El Consejo Nacional para la Atenci\u00f3n de las Personas con Discapacidad \u2013CONADI- basado en su quehacer institucional, seg\u00fan Decreto 135-96 en su art\u00edculo 22, tiene el car\u00e1cter de ente coordinador, asesor e impulsor de pol\u00edticas generales en materia de discapacidad; por lo que, <strong><em>no est\u00e1 facultado para realizar transferencias econ\u00f3micas, ni proporcionar art\u00edculos de primera necesidad<\/em><\/strong>.<\/p>\n<p>El CONADI, ha realizado incidencia ante diputados al Congreso de la Rep\u00fablica, para que las poblaci\u00f3n con discapacidad sea tomada en cuenta en programas de protecci\u00f3n y apoyo ante la crisis sanitaria provocada por el COVID-19.\u00a0 Derivado de\u00a0 ello, legisladores identificados con los asuntos de discapacidad, presentaron la propuesta a la iniciativa 5357 \u201cLey de protecci\u00f3n a las personas con discapacidad ante la emergencia sanitaria por el COVID-19.\u201d<\/p>\n<p>Posteriormente, se aprob\u00f3 el Decreto 13-2020, Ley de Rescate econ\u00f3mico a las familias por los efectos causados por el COVID 19. Esta normativa contiene el Bono Familia, donde se incluye el apoyo\u00a0 a los grupos vulnerables. \u00a0\u00a0El CONADI puso en marcha la recolecci\u00f3n de la informaci\u00f3n , a trav\u00e9s de los promotores departamentales, quienes tienen contacto directo con las organizaciones y la Comisi\u00f3n Departamental de Discapacidad (CODEDIS). \u00a0Los listados fueron puestos a disposici\u00f3n del ejecutivo, sin embargo es el Ministerio de Desarrollo Social (MIDES), el ente coordinador de la entrega del apoyo a la poblaci\u00f3n en general.<\/p>\n<p>Asimismo, el CONADI ha habilitado una l\u00ednea a trav\u00e9s del WhatsApp 5320 4254, donde las personas con discapacidad pueden realizar sus consultas ante esta emergencia nacional.<\/p>\n<p><a href=\"https:\/\/conadi.gob.gt\/web\/wp-content\/uploads\/2020\/04\/IMG-20200423-WA0020.jpg\"><img loading=\"lazy\" decoding=\"async\" class=\"alignnone size-medium wp-image-7131\" src=\"https:\/\/conadi.gob.gt\/web\/wp-content\/uploads\/2020\/04\/IMG-20200423-WA0020-300x164.jpg\" alt=\"\" width=\"300\" height=\"164\" srcset=\"https:\/\/conadi.gob.gt\/web\/wp-content\/uploads\/2020\/04\/IMG-20200423-WA0020-300x164.jpg 300w, https:\/\/conadi.gob.gt\/web\/wp-content\/uploads\/2020\/04\/IMG-20200423-WA0020-768x419.jpg 768w, https:\/\/conadi.gob.gt\/web\/wp-content\/uploads\/2020\/04\/IMG-20200423-WA0020-1024x558.jpg 1024w, https:\/\/conadi.gob.gt\/web\/wp-content\/uploads\/2020\/04\/IMG-20200423-WA0020.jpg 1280w\" sizes=\"auto, (max-width: 300px) 100vw, 300px\" \/><\/a><\/p>\n","protected":false},"excerpt":{"rendered":"<p>El Consejo Nacional para la Atenci\u00f3n de las Personas con Discapacidad \u2013CONADI- basado en su quehacer institucional, seg\u00fan Decreto 135-96 en su art\u00edculo 22, tiene el car\u00e1cter de ente coordinador, asesor e impulsor de pol\u00edticas generales en materia de discapacidad; por lo que, no est\u00e1 facultado para realizar transferencias econ\u00f3micas, ni proporcionar art\u00edculos de primera &hellip; <\/p>\n<p class=\"link-more\"><a href=\"https:\/\/conadi.gob.gt\/web\/inclusion-de-las-personas-con-discapacidad-en-planes-de-apoyo-ante-el-covid-19\/\" class=\"more-link\">Leer m\u00e1s<span class=\"screen-reader-text\"> \u00abINCLUSI\u00d3N DE LAS PERSONAS CON DISCAPACIDAD EN PLANES DE APOYO ANTE EL COVID 19\u00bb<\/span><\/a><\/p>\n","protected":false},"author":12,"featured_media":7131,"comment_status":"open","ping_status":"closed","sticky":false,"template":"","format":"standard","meta":{"footnotes":""},"categories":[3],"tags":[],"class_list":["post-7130","post","type-post","status-publish","format-standard","has-post-thumbnail","hentry","category-noticias"],"_links":{"self":[{"href":"https:\/\/conadi.gob.gt\/web\/wp-json\/wp\/v2\/posts\/7130","targetHints":{"allow":["GET"]}}],"collection":[{"href":"https:\/\/conadi.gob.gt\/web\/wp-json\/wp\/v2\/posts"}],"about":[{"href":"https:\/\/conadi.gob.gt\/web\/wp-json\/wp\/v2\/types\/post"}],"author":[{"embeddable":true,"href":"https:\/\/conadi.gob.gt\/web\/wp-json\/wp\/v2\/users\/12"}],"replies":[{"embeddable":true,"href":"https:\/\/conadi.gob.gt\/web\/wp-json\/wp\/v2\/comments?post=7130"}],"version-history":[{"count":1,"href":"https:\/\/conadi.gob.gt\/web\/wp-json\/wp\/v2\/posts\/7130\/revisions"}],"predecessor-version":[{"id":7132,"href":"https:\/\/conadi.gob.gt\/web\/wp-json\/wp\/v2\/posts\/7130\/revisions\/7132"}],"wp:featuredmedia":[{"embeddable":true,"href":"https:\/\/conadi.gob.gt\/web\/wp-json\/wp\/v2\/media\/7131"}],"wp:attachment":[{"href":"https:\/\/conadi.gob.gt\/web\/wp-json\/wp\/v2\/media?parent=7130"}],"wp:term":[{"taxonomy":"category","embeddable":true,"href":"https:\/\/conadi.gob.gt\/web\/wp-json\/wp\/v2\/categories?post=7130"},{"taxonomy":"post_tag","embeddable":true,"href":"https:\/\/conadi.gob.gt\/web\/wp-json\/wp\/v2\/tags?post=7130"}],"curies":[{"name":"wp","href":"https:\/\/api.w.org\/{rel}","templated":true}]}}