{"id":7133,"date":"2020-04-24T14:17:41","date_gmt":"2020-04-24T14:17:41","guid":{"rendered":"http:\/\/conadi.gob.gt\/web\/?p=7133"},"modified":"2020-04-24T14:17:41","modified_gmt":"2020-04-24T14:17:41","slug":"los-100-primeros-dias-del-gobierno-2020-2024","status":"publish","type":"post","link":"https:\/\/conadi.gob.gt\/web\/los-100-primeros-dias-del-gobierno-2020-2024\/","title":{"rendered":"LOS 100 PRIMEROS D\u00cdAS DEL GOBIERNO 2020- 2024"},"content":{"rendered":"<p>Dentro de los primeros cien d\u00edas de gobierno del presidente Alejandro Giammattei, primer mandatario con discapacidad del pa\u00eds, tal como \u00e9l mismo se ha identificado en diferentes espacios, se han observado las primeras acciones dirigidas a personas con discapacidad, poblaci\u00f3n que suma m\u00e1s de un mill\u00f3n 600 mil habitantes. Su primer discurso presidencial, gener\u00f3 gran expectativa en el sector, al referir \u201cHoy uno de ustedes es presidente\u201d. Debe destacarse que durante estos tres meses de gobierno el mandatario, debido a la pandemia del COVID-19, se ha enfocado en trabajar en la protecci\u00f3n de la poblaci\u00f3n en general.<\/p>\n<p>Una de las acciones trascendentales por parte del Organismo Legislativo en beneficio de la poblaci\u00f3n con discapacidad, fue la aprobaci\u00f3n de la Ley de Lengua de Se\u00f1as de Guatemala, mediante decreto 3-2020. La Secretar\u00eda de Comunicaci\u00f3n Social de la Presidencia, fue la primera en acatar la ley, integrando un int\u00e9rprete de lengua de se\u00f1as en la comunicaci\u00f3n oficial, garantizando de esta forma, el derecho a la informaci\u00f3n a la poblaci\u00f3n con discapacidad auditiva del pa\u00eds, conformada por alrededor de 240 mil personas, seg\u00fan la Asociaci\u00f3n Guatemalteca de Sordos.<\/p>\n<p>La inclusi\u00f3n de un int\u00e9rprete de lengua de se\u00f1as ha sido vital para informar a las personas con discapacidad auditiva ante esta emergencia, sobre las medidas de prevenci\u00f3n, contenci\u00f3n para evitar el contagio y propagaci\u00f3n del virus.<\/p>\n<p>Dentro del apoyo del Bono Familia, que otorga un beneficio de un mil quetzales, durante tres meses, transferencia que coordinar\u00e1 el Ministerio de Desarrollo Social, se tom\u00f3 en cuenta a grupos vulnerables conformados por poblaci\u00f3n con discapacidad, adultos mayores, enfermos cr\u00f3nicos, personas en pobreza, madres solteras y ni\u00f1os y ni\u00f1as con desnutrici\u00f3n.<\/p>\n<p>El apoyo a la poblaci\u00f3n con discapacidad trae a la mesa la necesidad de promover la aprobaci\u00f3n de la Ley de Certificaci\u00f3n de discapacidad en el Legislativo. Proyecto que contempla la conformaci\u00f3n de un equipo multidisciplinario a cargo del Ministerio de Salud P\u00fablica y Asistencia Social, que deber\u00e1 evaluar la condici\u00f3n de personas con alguna deficiencia, conformar una base de datos y otorgar una certificaci\u00f3n que permita el acceso a diferentes programas sociales. De contarse hoy con una ley de esa naturaleza, facilitar\u00eda la entrega del bono familia a este sector.<\/p>\n<p>El acercamiento entre el Ejecutivo y el CONADI ha sido importante, destaca la visita del vicemandatario, Guillermo Castillo a las instalaciones del CONADI, donde sostuvo un encuentro con directivos para conocer los avances en la materia y el quehacer institucional. A nivel departamental, tambi\u00e9n se han realizado esfuerzos significativos, como la apertura de oficinas municipales de discapacidad, que buscan la inclusi\u00f3n de las demandas de las personas con discapacidad en las pol\u00edticas, planes y proyectos de los gobiernos locales. Esto demuestra que la suma de diferentes actores generara mejores resultados para el respeto de los derechos de las personas con discapacidad.<\/p>\n<p><a href=\"https:\/\/conadi.gob.gt\/web\/wp-content\/uploads\/2020\/04\/100-d\u00edas.jpg\"><img loading=\"lazy\" decoding=\"async\" class=\"alignnone size-medium wp-image-7134\" src=\"https:\/\/conadi.gob.gt\/web\/wp-content\/uploads\/2020\/04\/100-d\u00edas-300x184.jpg\" alt=\"\" width=\"300\" height=\"184\" srcset=\"https:\/\/conadi.gob.gt\/web\/wp-content\/uploads\/2020\/04\/100-d\u00edas-300x184.jpg 300w, https:\/\/conadi.gob.gt\/web\/wp-content\/uploads\/2020\/04\/100-d\u00edas-768x472.jpg 768w, https:\/\/conadi.gob.gt\/web\/wp-content\/uploads\/2020\/04\/100-d\u00edas.jpg 960w\" sizes=\"auto, (max-width: 300px) 100vw, 300px\" \/><\/a><\/p>\n","protected":false},"excerpt":{"rendered":"<p>Dentro de los primeros cien d\u00edas de gobierno del presidente Alejandro Giammattei, primer mandatario con discapacidad del pa\u00eds, tal como \u00e9l mismo se ha identificado en diferentes espacios, se han observado las primeras acciones dirigidas a personas con discapacidad, poblaci\u00f3n que suma m\u00e1s de un mill\u00f3n 600 mil habitantes. Su primer discurso presidencial, gener\u00f3 gran &hellip; <\/p>\n<p class=\"link-more\"><a href=\"https:\/\/conadi.gob.gt\/web\/los-100-primeros-dias-del-gobierno-2020-2024\/\" class=\"more-link\">Leer m\u00e1s<span class=\"screen-reader-text\"> \u00abLOS 100 PRIMEROS D\u00cdAS DEL GOBIERNO 2020- 2024\u00bb<\/span><\/a><\/p>\n","protected":false},"author":12,"featured_media":7134,"comment_status":"open","ping_status":"closed","sticky":false,"template":"","format":"standard","meta":{"footnotes":""},"categories":[3],"tags":[],"class_list":["post-7133","post","type-post","status-publish","format-standard","has-post-thumbnail","hentry","category-noticias"],"_links":{"self":[{"href":"https:\/\/conadi.gob.gt\/web\/wp-json\/wp\/v2\/posts\/7133","targetHints":{"allow":["GET"]}}],"collection":[{"href":"https:\/\/conadi.gob.gt\/web\/wp-json\/wp\/v2\/posts"}],"about":[{"href":"https:\/\/conadi.gob.gt\/web\/wp-json\/wp\/v2\/types\/post"}],"author":[{"embeddable":true,"href":"https:\/\/conadi.gob.gt\/web\/wp-json\/wp\/v2\/users\/12"}],"replies":[{"embeddable":true,"href":"https:\/\/conadi.gob.gt\/web\/wp-json\/wp\/v2\/comments?post=7133"}],"version-history":[{"count":1,"href":"https:\/\/conadi.gob.gt\/web\/wp-json\/wp\/v2\/posts\/7133\/revisions"}],"predecessor-version":[{"id":7135,"href":"https:\/\/conadi.gob.gt\/web\/wp-json\/wp\/v2\/posts\/7133\/revisions\/7135"}],"wp:featuredmedia":[{"embeddable":true,"href":"https:\/\/conadi.gob.gt\/web\/wp-json\/wp\/v2\/media\/7134"}],"wp:attachment":[{"href":"https:\/\/conadi.gob.gt\/web\/wp-json\/wp\/v2\/media?parent=7133"}],"wp:term":[{"taxonomy":"category","embeddable":true,"href":"https:\/\/conadi.gob.gt\/web\/wp-json\/wp\/v2\/categories?post=7133"},{"taxonomy":"post_tag","embeddable":true,"href":"https:\/\/conadi.gob.gt\/web\/wp-json\/wp\/v2\/tags?post=7133"}],"curies":[{"name":"wp","href":"https:\/\/api.w.org\/{rel}","templated":true}]}}