{"id":7136,"date":"2020-04-24T15:05:37","date_gmt":"2020-04-24T15:05:37","guid":{"rendered":"http:\/\/conadi.gob.gt\/web\/?p=7136"},"modified":"2020-04-24T15:05:37","modified_gmt":"2020-04-24T15:05:37","slug":"comunicado-16-2020","status":"publish","type":"post","link":"https:\/\/conadi.gob.gt\/web\/comunicado-16-2020\/","title":{"rendered":"COMUNICADO 16-2020"},"content":{"rendered":"<p>Ante la noticia de un posible caso de Covid-19 detectado en una persona colaboradora del \u00a0Hospital de Salud Mental \u201cFederico Mora\u201d, hemos dado seguimiento al tema. Sin embargo, es evidente el hermetismo por parte de las autoridades sanitarias al referirse a esta situaci\u00f3n. Por ello, el CONADI hace el llamado al Ministerio de Salud P\u00fablica y Asistencia Social a extremar medidas de prevenci\u00f3n y protecci\u00f3n hacia \u00a0la poblaci\u00f3n de referido centro psiqui\u00e1trico, que suma 321 pacientes, hombres y mujeres.<\/p>\n<p>Es necesario que se implemente un protocolo de protecci\u00f3n para las personas con discapacidad mental, dotar al personal m\u00e9dico y hospitalario de equipo de protecci\u00f3n b\u00e1sica, evitar la sobrepoblaci\u00f3n en los pabellones, desinfectar constantemente los entornos y garantizar los medicamentos a cada persona.<\/p>\n<p>El \u00a0aislamiento social en personas con discapacidad, evidentemente es dif\u00edcil ponerlo en pr\u00e1ctica debido al apoyo que requieren, lo cual se torna a\u00fan m\u00e1s complejo en personas con discapacidad mental. Dentro de las recomendaciones otorgadas por el CONADI, es que los cuidadores no se expongan a diversos entornos, siendo lo ideal que se mantengan resguardados con las personas con discapacidad.<\/p>\n<p>La situaci\u00f3n del Hospital de Salud Mental, \u201cFederico Mora\u201d, ha cobrado relevancia en diversas oportunidades, por evidenciar que no ha contado con las condiciones adecuadas para la atenci\u00f3n de las personas con discapacidad que se encuentran institucionalizadas. En el marco de los cien d\u00edas de gobierno 2020-2024, es necesario recordar el discurso del Dr. Alejandro Giammattei, presidente de la naci\u00f3n, donde se refiri\u00f3 a la discapacidad mental, enfatizando que esta condici\u00f3n es producto de problemas estructurales de pa\u00eds, hecho que se pone de manifiesto ante esta emergencia.<\/p>\n<p>El Estado de Guatemala, ha recibi\u00f3 una serie de recomendaciones del Comit\u00e9 de Expertos de Naciones Unidas Sobre Discapacidad respecto al cumplimiento de Convenci\u00f3n Sobre los Derechos de las Personas con Discapacidad, instrumento adoptado por Guatemala. En ese contexto, el Comit\u00e9 recomienda al Estado guatemalteco garantizar que todas las personas con discapacidad que a\u00fan siguen siendo ingresadas a cualquier instituci\u00f3n, no se vean privadas de su capacidad jur\u00eddica y que se ponga a su disposici\u00f3n sistemas de apoyo.<\/p>\n<p>El CONADI ve con preocupaci\u00f3n la debilidad que se tienen en cuanto a la protecci\u00f3n integral de las personas con discapacidad, pues persiste la institucionalizaci\u00f3n sin las suficientes medidas de seguridad social. Se hace un llamado a implementar un proceso de desinstitucionalizaci\u00f3n y promoci\u00f3n de vida en comunidad en contextos inclusivos para adultos y adultas con discapacidad, con el involucramiento de todos los entes que tienen relaci\u00f3n con el tema y el apoyo de la sociedad en general.<\/p>\n<p><a href=\"https:\/\/conadi.gob.gt\/web\/wp-content\/uploads\/2020\/04\/WhatsApp-Image-2020-04-24-at-8.54.36-AM-1.jpeg\"><img loading=\"lazy\" decoding=\"async\" class=\"alignnone size-medium wp-image-7137\" src=\"https:\/\/conadi.gob.gt\/web\/wp-content\/uploads\/2020\/04\/WhatsApp-Image-2020-04-24-at-8.54.36-AM-1-225x300.jpeg\" alt=\"\" width=\"225\" height=\"300\" srcset=\"https:\/\/conadi.gob.gt\/web\/wp-content\/uploads\/2020\/04\/WhatsApp-Image-2020-04-24-at-8.54.36-AM-1-225x300.jpeg 225w, https:\/\/conadi.gob.gt\/web\/wp-content\/uploads\/2020\/04\/WhatsApp-Image-2020-04-24-at-8.54.36-AM-1.jpeg 720w\" sizes=\"auto, (max-width: 225px) 100vw, 225px\" \/><\/a><\/p>\n","protected":false},"excerpt":{"rendered":"<p>Ante la noticia de un posible caso de Covid-19 detectado en una persona colaboradora del \u00a0Hospital de Salud Mental \u201cFederico Mora\u201d, hemos dado seguimiento al tema. Sin embargo, es evidente el hermetismo por parte de las autoridades sanitarias al referirse a esta situaci\u00f3n. Por ello, el CONADI hace el llamado al Ministerio de Salud P\u00fablica &hellip; <\/p>\n<p class=\"link-more\"><a href=\"https:\/\/conadi.gob.gt\/web\/comunicado-16-2020\/\" class=\"more-link\">Leer m\u00e1s<span class=\"screen-reader-text\"> \u00abCOMUNICADO 16-2020\u00bb<\/span><\/a><\/p>\n","protected":false},"author":12,"featured_media":7137,"comment_status":"open","ping_status":"closed","sticky":false,"template":"","format":"standard","meta":{"footnotes":""},"categories":[3],"tags":[],"class_list":["post-7136","post","type-post","status-publish","format-standard","has-post-thumbnail","hentry","category-noticias"],"_links":{"self":[{"href":"https:\/\/conadi.gob.gt\/web\/wp-json\/wp\/v2\/posts\/7136","targetHints":{"allow":["GET"]}}],"collection":[{"href":"https:\/\/conadi.gob.gt\/web\/wp-json\/wp\/v2\/posts"}],"about":[{"href":"https:\/\/conadi.gob.gt\/web\/wp-json\/wp\/v2\/types\/post"}],"author":[{"embeddable":true,"href":"https:\/\/conadi.gob.gt\/web\/wp-json\/wp\/v2\/users\/12"}],"replies":[{"embeddable":true,"href":"https:\/\/conadi.gob.gt\/web\/wp-json\/wp\/v2\/comments?post=7136"}],"version-history":[{"count":1,"href":"https:\/\/conadi.gob.gt\/web\/wp-json\/wp\/v2\/posts\/7136\/revisions"}],"predecessor-version":[{"id":7138,"href":"https:\/\/conadi.gob.gt\/web\/wp-json\/wp\/v2\/posts\/7136\/revisions\/7138"}],"wp:featuredmedia":[{"embeddable":true,"href":"https:\/\/conadi.gob.gt\/web\/wp-json\/wp\/v2\/media\/7137"}],"wp:attachment":[{"href":"https:\/\/conadi.gob.gt\/web\/wp-json\/wp\/v2\/media?parent=7136"}],"wp:term":[{"taxonomy":"category","embeddable":true,"href":"https:\/\/conadi.gob.gt\/web\/wp-json\/wp\/v2\/categories?post=7136"},{"taxonomy":"post_tag","embeddable":true,"href":"https:\/\/conadi.gob.gt\/web\/wp-json\/wp\/v2\/tags?post=7136"}],"curies":[{"name":"wp","href":"https:\/\/api.w.org\/{rel}","templated":true}]}}