{"id":7148,"date":"2020-04-28T18:13:52","date_gmt":"2020-04-28T18:13:52","guid":{"rendered":"http:\/\/conadi.gob.gt\/web\/?p=7148"},"modified":"2020-04-28T18:13:52","modified_gmt":"2020-04-28T18:13:52","slug":"comunicado-17-2020","status":"publish","type":"post","link":"https:\/\/conadi.gob.gt\/web\/comunicado-17-2020\/","title":{"rendered":"COMUNICADO 17-2020"},"content":{"rendered":"<p><b>Guatemala, 28 de abril de 2020<\/b>. Ante el peligro latente de contagios por causa del COVID-19 en personas con discapacidad institucionalizadas, el Consejo Nacional para la Atenci\u00f3n de las Personas con Discapacidad (CONADI), manifiesta su preocupaci\u00f3n por que los centros hospitalarios, de atenci\u00f3n y detenci\u00f3n, se conviertan en focos de contagio, tal como ha sucedido en otros pa\u00edses.<\/p>\n<p>Esta inquietud surge luego que medios de comunicaci\u00f3n dieran a conocer el posible contagio de este virus en un colaborador del hospital de Salud Mental, Federico Mora. Asimismo, se inform\u00f3 que una jueza de paz realiz\u00f3 una verificaci\u00f3n de exhibici\u00f3n personal en mencionado centro y fue puesta en cuarentena. A esto se suma la falta de informaci\u00f3n del Ministerio de Salud P\u00fablica y Asistencia Social (MSPAS) sobre este problema.<\/p>\n<p>En Guatemala, existen entidades que tienen bajo su protecci\u00f3n a poblaci\u00f3n institucionalizada, ni\u00f1os, ni\u00f1as y adolescentes (NNA) en hogares de abrigo a cargo de la Secretar\u00eda de Bienestar Social (SBS), personas con discapacidad mental en centros psiqui\u00e1tricos a cargo del MSPAS,\u00a0 personas en condici\u00f3n de discapacidad en centros de detenci\u00f3n a cargo del Ministerio de Gobernaci\u00f3n y adultos mayores con discapacidad en asilos p\u00fablicos y privados.<\/p>\n<p>Por ello, el\u00a0 CONADI reitera el llamado a las autoridades del Ministerio de Salud P\u00fablica y Asistencia Social, a establecer un riguroso protocolo de protecci\u00f3n, que garantice la seguridad y salud de este grupo vulnerable; dotar al personal hospitalario del equipo de protecci\u00f3n necesaria, para que no sean receptores ni transmisores del COVID-19 y preferiblemente que el personal de apoyo no tenga contacto con otros entornos. As\u00ed mismo, seguir los protocolos establecidos internacionalmente para la realizaci\u00f3n de pruebas COVID-19 a los m\u00e9dicos, enfermeros, cuidadores y personas en condici\u00f3n de discapacidad de manera peri\u00f3dica.<\/p>\n<p>Se tiene conocimiento que se ha aislado a un pabell\u00f3n de manera preventiva ante un posible brote de COVID-19. En este caso, seguir las indicaciones correspondientes relacionadas a gu\u00edas de limpieza y superficies ambientales COVID-19, y el aseguramiento de los medicamentos prescritos e indispensables.<\/p>\n<p>Con base en la informaci\u00f3n disponible actualmente y la experiencia cl\u00ednica, los adultos mayores y las personas de cualquier edad que tienen afecciones subyacentes graves y personas con discapacidad cong\u00e9nita o adquirida, podr\u00edan tener un mayor riesgo de enfermarse gravemente. Por lo que necesitan tomar precauciones adicionales.<\/p>\n<p><a href=\"https:\/\/conadi.gob.gt\/web\/wp-content\/uploads\/2020\/04\/COMUNICADO-17-2020.jpg\"><img loading=\"lazy\" decoding=\"async\" class=\"alignnone size-medium wp-image-7149\" src=\"https:\/\/conadi.gob.gt\/web\/wp-content\/uploads\/2020\/04\/COMUNICADO-17-2020-225x300.jpg\" alt=\"\" width=\"225\" height=\"300\" srcset=\"https:\/\/conadi.gob.gt\/web\/wp-content\/uploads\/2020\/04\/COMUNICADO-17-2020-225x300.jpg 225w, https:\/\/conadi.gob.gt\/web\/wp-content\/uploads\/2020\/04\/COMUNICADO-17-2020.jpg 720w\" sizes=\"auto, (max-width: 225px) 100vw, 225px\" \/><\/a><\/p>\n","protected":false},"excerpt":{"rendered":"<p>Guatemala, 28 de abril de 2020. Ante el peligro latente de contagios por causa del COVID-19 en personas con discapacidad institucionalizadas, el Consejo Nacional para la Atenci\u00f3n de las Personas con Discapacidad (CONADI), manifiesta su preocupaci\u00f3n por que los centros hospitalarios, de atenci\u00f3n y detenci\u00f3n, se conviertan en focos de contagio, tal como ha sucedido &hellip; <\/p>\n<p class=\"link-more\"><a href=\"https:\/\/conadi.gob.gt\/web\/comunicado-17-2020\/\" class=\"more-link\">Leer m\u00e1s<span class=\"screen-reader-text\"> \u00abCOMUNICADO 17-2020\u00bb<\/span><\/a><\/p>\n","protected":false},"author":12,"featured_media":7149,"comment_status":"open","ping_status":"closed","sticky":false,"template":"","format":"standard","meta":{"footnotes":""},"categories":[3],"tags":[],"class_list":["post-7148","post","type-post","status-publish","format-standard","has-post-thumbnail","hentry","category-noticias"],"_links":{"self":[{"href":"https:\/\/conadi.gob.gt\/web\/wp-json\/wp\/v2\/posts\/7148","targetHints":{"allow":["GET"]}}],"collection":[{"href":"https:\/\/conadi.gob.gt\/web\/wp-json\/wp\/v2\/posts"}],"about":[{"href":"https:\/\/conadi.gob.gt\/web\/wp-json\/wp\/v2\/types\/post"}],"author":[{"embeddable":true,"href":"https:\/\/conadi.gob.gt\/web\/wp-json\/wp\/v2\/users\/12"}],"replies":[{"embeddable":true,"href":"https:\/\/conadi.gob.gt\/web\/wp-json\/wp\/v2\/comments?post=7148"}],"version-history":[{"count":1,"href":"https:\/\/conadi.gob.gt\/web\/wp-json\/wp\/v2\/posts\/7148\/revisions"}],"predecessor-version":[{"id":7150,"href":"https:\/\/conadi.gob.gt\/web\/wp-json\/wp\/v2\/posts\/7148\/revisions\/7150"}],"wp:featuredmedia":[{"embeddable":true,"href":"https:\/\/conadi.gob.gt\/web\/wp-json\/wp\/v2\/media\/7149"}],"wp:attachment":[{"href":"https:\/\/conadi.gob.gt\/web\/wp-json\/wp\/v2\/media?parent=7148"}],"wp:term":[{"taxonomy":"category","embeddable":true,"href":"https:\/\/conadi.gob.gt\/web\/wp-json\/wp\/v2\/categories?post=7148"},{"taxonomy":"post_tag","embeddable":true,"href":"https:\/\/conadi.gob.gt\/web\/wp-json\/wp\/v2\/tags?post=7148"}],"curies":[{"name":"wp","href":"https:\/\/api.w.org\/{rel}","templated":true}]}}