{"id":7163,"date":"2020-05-06T15:53:38","date_gmt":"2020-05-06T15:53:38","guid":{"rendered":"http:\/\/conadi.gob.gt\/web\/?p=7163"},"modified":"2020-05-06T16:22:34","modified_gmt":"2020-05-06T16:22:34","slug":"conadi-participa-en-webinar-los-derechos-de-las-personas-con-discapacidad-frente-a-la-crisis-del-covid19","status":"publish","type":"post","link":"https:\/\/conadi.gob.gt\/web\/conadi-participa-en-webinar-los-derechos-de-las-personas-con-discapacidad-frente-a-la-crisis-del-covid19\/","title":{"rendered":"CONADI PARTICIPA EN WEBINAR    \u201cLOS DERECHOS DE LAS PERSONAS CON DISCAPACIDAD FRENTE A LA CRISIS DEL COVID19\u201d"},"content":{"rendered":"<p>La Oficina del Alto Comisionado de las Naciones Unidas para los Derechos de Humanos \u2013OACNUDH-, organiz\u00f3 el Webinar: <strong>\u201c<em>Los derechos de las personas con discapacidad frente a la crisis covid 19\u201d<\/em><\/strong>, con el objetivo de generar toma de conciencia sobre los desaf\u00edos que enfrentan las personas con discapacidad ante la pandemia del COVID-19 y brindar las recomendaciones para una respuesta a la emergencia, basada en derechos humanos.<\/p>\n<p>Los temas abordados en este Webinar fueron: \u00bfQui\u00e9nes protegen a las personas con discapacidad? a cargo de Catalina Devandas, relatora especial de las Naciones Unidas sobre los derechos de las personas con discapacidad; est\u00e1ndares y recomendaciones internacionales para la respuesta del COVID-19 en relaci\u00f3n con personas con discapacidad por Facundo Ch\u00e1vez, asesor en discapacidad y derechos humanos de OACNUDH \u2013 Ginebra.<\/p>\n<p>Asimismo, se realiz\u00f3 una mesa redonda, donde se abordaron las buenas pr\u00e1cticas y desaf\u00edos de los gobiernos en repuesta a la actual emergencia de salud, la cual estuvo moderada por Abigail Islas, OACNUDH \u2013 M\u00e9xico.<\/p>\n<p>En la mesa redonda, se cont\u00f3 con la participaci\u00f3n de la doctora Rosa Idalia Aldana, presidenta del Consejo Nacional para la Atenci\u00f3n de las Personas con Discapacidad \u2013CONADI- donde dio a conocer el trabajo que ha venido realizando la instituci\u00f3n que representa desde que el virus se detect\u00f3 en Guatemala.<\/p>\n<p>La doctora Aldana, dio a conocer las buenas pr\u00e1cticas que ha realizado el CONADI para dar respuesta a la crisis sanitaria, entre las acciones implementadas se encuentra la realizaci\u00f3n de una campa\u00f1a de prevenci\u00f3n titulada \u201cPrevenir es una Acci\u00f3n Conjunta\u201d, que cont\u00f3 con la asistencia t\u00e9cnica de la Oficina del Alto Comisionada de Naciones Unidas de Derechos Humanos (OACHNUD). El Contenido de los anuncios se centr\u00f3 en los mensajes claves del pronunciamiento de la relatora especial Catalina Devandas respecto a la situaci\u00f3n de las personas con discapacidad ante la emergencia sanitaria. La campa\u00f1a cont\u00f3 con spots, audiovisuales y banner electr\u00f3nicos que fueron divulgados a trav\u00e9s de las redes sociales\u00a0 institucionales y en radios aliadas. Asimismo, manifest\u00f3 que todos los materiales audiovisuales cuentan con int\u00e9rprete de lengua de se\u00f1as, los mensajes fueron redactados para que tengan una f\u00e1cil comprensi\u00f3n para todas las personas con discapacidad. Adem\u00e1s, se tom\u00f3 en cuenta que Guatemala, es un pa\u00eds multiling\u00fce y se trabajaron cuatro spots en idioma espa\u00f1ol, Kaqchikel y K&#8217;iche&#8217;.<\/p>\n<p>La doctora Aldana, indic\u00f3 que el CONADI tiene un programa de radio \u201cGuatemala para Todos\u201d donde se han producido 6 programas, abordando temas de como sobrellevar la pandemia en materia de discapacidad, limpieza de las ayudas t\u00e9cnicas o accesorios requeridos por las personas con discapacidad, como impacta esta crisis de la pandemia en una persona con Autismo.<\/p>\n<p>Entre otras acciones que se han venido realizando, es el intercambio de comunicaci\u00f3n oficial con las entidades p\u00fablicas responsables de la protecci\u00f3n a grupos vulnerables, para que las personas con discapacidad puedan optar al programa de apoyo. Adem\u00e1s, se ha mantenido comunicaci\u00f3n constante con la diputada Vicente Jer\u00f3nimo, presidenta de la Comisi\u00f3n Asuntos Sobre Discapacidad del Congreso de la Rep\u00fablica para que incidir en la inclusi\u00f3n de las personas con discapacidad en los diferentes programas de protecci\u00f3n a la poblaci\u00f3n.<\/p>\n<p>El CONADI ha elaborado un protocolo de protecci\u00f3n, atenci\u00f3n y de respuesta en esta emergencia, as\u00ed como la gu\u00eda para la protecci\u00f3n de los derechos de las personas con discapacidad de Guatemala, frente a crisis del COVID-19, ambos con apoyo t\u00e9cnico de OACNUDH.<\/p>\n<p>Para finalizar, la Doctora Aldana agradeci\u00f3 a la Direcci\u00f3n de Comunicaci\u00f3n Social y al equipo de t\u00e9cnico del CONADI por las acciones que se han desarrollado desde que se inici\u00f3 esta crisis con la pol\u00edtica \u201cQu\u00e9date en Casa\u201d. Asimismo, reconoci\u00f3 a la Oficina del Alto Comisionado Naciones Unidas de Derechos Humanos en Guatemala por el apoyo en la asistencia t\u00e9cnica.<\/p>\n<p><a href=\"https:\/\/conadi.gob.gt\/web\/wp-content\/uploads\/2020\/05\/WhatsApp-Image-2020-05-05-at-5.14.11-PM.jpeg\"><img loading=\"lazy\" decoding=\"async\" class=\"alignnone size-medium wp-image-7164\" src=\"https:\/\/conadi.gob.gt\/web\/wp-content\/uploads\/2020\/05\/WhatsApp-Image-2020-05-05-at-5.14.11-PM-300x200.jpeg\" alt=\"\" width=\"300\" height=\"200\" srcset=\"https:\/\/conadi.gob.gt\/web\/wp-content\/uploads\/2020\/05\/WhatsApp-Image-2020-05-05-at-5.14.11-PM-300x200.jpeg 300w, https:\/\/conadi.gob.gt\/web\/wp-content\/uploads\/2020\/05\/WhatsApp-Image-2020-05-05-at-5.14.11-PM-768x512.jpeg 768w, https:\/\/conadi.gob.gt\/web\/wp-content\/uploads\/2020\/05\/WhatsApp-Image-2020-05-05-at-5.14.11-PM-1024x682.jpeg 1024w, https:\/\/conadi.gob.gt\/web\/wp-content\/uploads\/2020\/05\/WhatsApp-Image-2020-05-05-at-5.14.11-PM-90x60.jpeg 90w, https:\/\/conadi.gob.gt\/web\/wp-content\/uploads\/2020\/05\/WhatsApp-Image-2020-05-05-at-5.14.11-PM-180x120.jpeg 180w, https:\/\/conadi.gob.gt\/web\/wp-content\/uploads\/2020\/05\/WhatsApp-Image-2020-05-05-at-5.14.11-PM-95x64.jpeg 95w, https:\/\/conadi.gob.gt\/web\/wp-content\/uploads\/2020\/05\/WhatsApp-Image-2020-05-05-at-5.14.11-PM.jpeg 1280w\" sizes=\"auto, (max-width: 300px) 100vw, 300px\" \/><\/a><\/p>\n","protected":false},"excerpt":{"rendered":"<p>La Oficina del Alto Comisionado de las Naciones Unidas para los Derechos de Humanos \u2013OACNUDH-, organiz\u00f3 el Webinar: \u201cLos derechos de las personas con discapacidad frente a la crisis covid 19\u201d, con el objetivo de generar toma de conciencia sobre los desaf\u00edos que enfrentan las personas con discapacidad ante la pandemia del COVID-19 y brindar &hellip; <\/p>\n<p class=\"link-more\"><a href=\"https:\/\/conadi.gob.gt\/web\/conadi-participa-en-webinar-los-derechos-de-las-personas-con-discapacidad-frente-a-la-crisis-del-covid19\/\" class=\"more-link\">Leer m\u00e1s<span class=\"screen-reader-text\"> \u00abCONADI PARTICIPA EN WEBINAR    \u201cLOS DERECHOS DE LAS PERSONAS CON DISCAPACIDAD FRENTE A LA CRISIS DEL COVID19\u201d\u00bb<\/span><\/a><\/p>\n","protected":false},"author":12,"featured_media":7164,"comment_status":"open","ping_status":"closed","sticky":false,"template":"","format":"standard","meta":{"footnotes":""},"categories":[3],"tags":[],"class_list":["post-7163","post","type-post","status-publish","format-standard","has-post-thumbnail","hentry","category-noticias"],"_links":{"self":[{"href":"https:\/\/conadi.gob.gt\/web\/wp-json\/wp\/v2\/posts\/7163","targetHints":{"allow":["GET"]}}],"collection":[{"href":"https:\/\/conadi.gob.gt\/web\/wp-json\/wp\/v2\/posts"}],"about":[{"href":"https:\/\/conadi.gob.gt\/web\/wp-json\/wp\/v2\/types\/post"}],"author":[{"embeddable":true,"href":"https:\/\/conadi.gob.gt\/web\/wp-json\/wp\/v2\/users\/12"}],"replies":[{"embeddable":true,"href":"https:\/\/conadi.gob.gt\/web\/wp-json\/wp\/v2\/comments?post=7163"}],"version-history":[{"count":4,"href":"https:\/\/conadi.gob.gt\/web\/wp-json\/wp\/v2\/posts\/7163\/revisions"}],"predecessor-version":[{"id":7168,"href":"https:\/\/conadi.gob.gt\/web\/wp-json\/wp\/v2\/posts\/7163\/revisions\/7168"}],"wp:featuredmedia":[{"embeddable":true,"href":"https:\/\/conadi.gob.gt\/web\/wp-json\/wp\/v2\/media\/7164"}],"wp:attachment":[{"href":"https:\/\/conadi.gob.gt\/web\/wp-json\/wp\/v2\/media?parent=7163"}],"wp:term":[{"taxonomy":"category","embeddable":true,"href":"https:\/\/conadi.gob.gt\/web\/wp-json\/wp\/v2\/categories?post=7163"},{"taxonomy":"post_tag","embeddable":true,"href":"https:\/\/conadi.gob.gt\/web\/wp-json\/wp\/v2\/tags?post=7163"}],"curies":[{"name":"wp","href":"https:\/\/api.w.org\/{rel}","templated":true}]}}