{"id":7169,"date":"2020-05-07T15:23:31","date_gmt":"2020-05-07T15:23:31","guid":{"rendered":"http:\/\/conadi.gob.gt\/web\/?p=7169"},"modified":"2020-05-07T15:41:12","modified_gmt":"2020-05-07T15:41:12","slug":"conadi-realiza-guia-de-proteccion-para-las-personas-con-discapacidad-ante-el-covid-19","status":"publish","type":"post","link":"https:\/\/conadi.gob.gt\/web\/conadi-realiza-guia-de-proteccion-para-las-personas-con-discapacidad-ante-el-covid-19\/","title":{"rendered":"CONADI REALIZA GU\u00cdA DE PROTECCI\u00d3N PARA LAS PERSONAS CON DISCAPACIDAD ANTE EL COVID 19"},"content":{"rendered":"<p>Con el objetivo de generar toma de conciencia sobre los desaf\u00edos que enfrentan las personas con discapacidad ante la pandemia del coronavirus, se consider\u00f3 oportuno orientar al sector p\u00fablico y privado para brindar una atenci\u00f3n integral y dar respuesta a la emergencia humanitaria provocada por el COVID-19, basada en los derechos humanos, como lo indica la Convenci\u00f3n Sobre los Derechos de las Personas con Discapacidad.<\/p>\n<p>Por ello, como lo indica su mandato de asesorar en la tem\u00e1tica de discapacidad, el Consejo Nacional para la Atenci\u00f3n de las Personas con Discapacidad \u2013CONADI- realiz\u00f3 la <strong><em>\u201cGu\u00eda para la protecci\u00f3n de los derechos de las personas con discapacidad de Guatemala frente a la crisis del COVID-19\u201d, <\/em><\/strong>con la asistencia t\u00e9cnica de la Oficina del Alto Comisionado de las Naciones Unidas para los Derechos Humanos en Guatemala (OACNUDH).<\/p>\n<p>En esta gu\u00eda se presentan diferentes circunstancias que viven las personas con discapacidad y que se deben de tomar en cuenta para su atenci\u00f3n y asistencia. Dicha gu\u00eda brinda las recomendaciones necesarias en cada uno de los casos, en el contexto de aislamiento f\u00edsico, preventivo y obligatorio, muestra las barreras con las cuales este colectivo se enfrenta para llevar esta crisis sanitaria. Los temas que aborda la presente gu\u00eda son:<\/p>\n<ul>\n<li>Medidas preventivas contra el contagio<\/li>\n<li>Garantizar la continuidad de los apoyos<\/li>\n<li>No discriminaci\u00f3n en el acceso a tratamiento (Triage)<\/li>\n<li>Personas con discapacidad que enfrentan mayor riesgo<\/li>\n<li>Protecci\u00f3n social<\/li>\n<li>Ajustes razonables para el acceso a la comunicaci\u00f3n e informaci\u00f3n<\/li>\n<\/ul>\n<p>Definitivamente, las barreras con las que se presentan las personas con discapacidad pueden continuar, si se extiende la vigencia de las medidas de prevenci\u00f3n que buscan reducir las probabilidades de contagio del COVID-19.<\/p>\n<p>En el marco de la pandemia, se deben garantizar los ajustes razonables para las personas con discapacidad, cuenten con modificaciones y adaptaciones adecuadas de acuerdo a sus necesidades personales, para garantizar el pleno ejercicio del derecho en igualdad de condiciones.<\/p>\n<p>Es importante que los medios de comunicaci\u00f3n realicen estos ajustes razonables, para el acceso de la informaci\u00f3n sea oportuno y veraz para las personas con discapacidad, deben incluir el recuadro int\u00e9rprete de lengua de se\u00f1as en cada una de sus transmisiones, la lengua de se\u00f1as es clave en la comunicaci\u00f3n y fundamental para la inclusi\u00f3n.<\/p>\n<p>&nbsp;<\/p>\n<p><a href=\"https:\/\/conadi.gob.gt\/web\/wp-content\/uploads\/2020\/05\/IMG_20200507_093719.jpg\"><img loading=\"lazy\" decoding=\"async\" class=\"alignnone size-medium wp-image-7172\" src=\"https:\/\/conadi.gob.gt\/web\/wp-content\/uploads\/2020\/05\/IMG_20200507_093719-227x300.jpg\" alt=\"\" width=\"227\" height=\"300\" srcset=\"https:\/\/conadi.gob.gt\/web\/wp-content\/uploads\/2020\/05\/IMG_20200507_093719-227x300.jpg 227w, https:\/\/conadi.gob.gt\/web\/wp-content\/uploads\/2020\/05\/IMG_20200507_093719.jpg 720w\" sizes=\"auto, (max-width: 227px) 100vw, 227px\" \/><\/a><\/p>\n","protected":false},"excerpt":{"rendered":"<p>Con el objetivo de generar toma de conciencia sobre los desaf\u00edos que enfrentan las personas con discapacidad ante la pandemia del coronavirus, se consider\u00f3 oportuno orientar al sector p\u00fablico y privado para brindar una atenci\u00f3n integral y dar respuesta a la emergencia humanitaria provocada por el COVID-19, basada en los derechos humanos, como lo indica &hellip; <\/p>\n<p class=\"link-more\"><a href=\"https:\/\/conadi.gob.gt\/web\/conadi-realiza-guia-de-proteccion-para-las-personas-con-discapacidad-ante-el-covid-19\/\" class=\"more-link\">Leer m\u00e1s<span class=\"screen-reader-text\"> \u00abCONADI REALIZA GU\u00cdA DE PROTECCI\u00d3N PARA LAS PERSONAS CON DISCAPACIDAD ANTE EL COVID 19\u00bb<\/span><\/a><\/p>\n","protected":false},"author":12,"featured_media":7172,"comment_status":"open","ping_status":"closed","sticky":false,"template":"","format":"standard","meta":{"footnotes":""},"categories":[3],"tags":[],"class_list":["post-7169","post","type-post","status-publish","format-standard","has-post-thumbnail","hentry","category-noticias"],"_links":{"self":[{"href":"https:\/\/conadi.gob.gt\/web\/wp-json\/wp\/v2\/posts\/7169","targetHints":{"allow":["GET"]}}],"collection":[{"href":"https:\/\/conadi.gob.gt\/web\/wp-json\/wp\/v2\/posts"}],"about":[{"href":"https:\/\/conadi.gob.gt\/web\/wp-json\/wp\/v2\/types\/post"}],"author":[{"embeddable":true,"href":"https:\/\/conadi.gob.gt\/web\/wp-json\/wp\/v2\/users\/12"}],"replies":[{"embeddable":true,"href":"https:\/\/conadi.gob.gt\/web\/wp-json\/wp\/v2\/comments?post=7169"}],"version-history":[{"count":3,"href":"https:\/\/conadi.gob.gt\/web\/wp-json\/wp\/v2\/posts\/7169\/revisions"}],"predecessor-version":[{"id":7174,"href":"https:\/\/conadi.gob.gt\/web\/wp-json\/wp\/v2\/posts\/7169\/revisions\/7174"}],"wp:featuredmedia":[{"embeddable":true,"href":"https:\/\/conadi.gob.gt\/web\/wp-json\/wp\/v2\/media\/7172"}],"wp:attachment":[{"href":"https:\/\/conadi.gob.gt\/web\/wp-json\/wp\/v2\/media?parent=7169"}],"wp:term":[{"taxonomy":"category","embeddable":true,"href":"https:\/\/conadi.gob.gt\/web\/wp-json\/wp\/v2\/categories?post=7169"},{"taxonomy":"post_tag","embeddable":true,"href":"https:\/\/conadi.gob.gt\/web\/wp-json\/wp\/v2\/tags?post=7169"}],"curies":[{"name":"wp","href":"https:\/\/api.w.org\/{rel}","templated":true}]}}