{"id":7245,"date":"2020-05-21T12:40:01","date_gmt":"2020-05-21T12:40:01","guid":{"rendered":"http:\/\/conadi.gob.gt\/web\/?p=7245"},"modified":"2020-05-21T12:40:01","modified_gmt":"2020-05-21T12:40:01","slug":"conadi-lanza-campana-proteccion-de-los-derechos-de-las-personas-con-discapacidad-ante-el-covid-19","status":"publish","type":"post","link":"https:\/\/conadi.gob.gt\/web\/conadi-lanza-campana-proteccion-de-los-derechos-de-las-personas-con-discapacidad-ante-el-covid-19\/","title":{"rendered":"CONADI LANZA CAMPA\u00d1A \u201cPROTECCI\u00d3N DE LOS DERECHOS DE LAS PERSONAS CON DISCAPACIDAD ANTE EL COVID 19\u201d"},"content":{"rendered":"<p>El Consejo Nacional para la Atenci\u00f3n de las Personas con Discapacidad -CONADI- lanza la campa\u00f1a \u201c<strong>Protecci\u00f3n de los derechos de las personas con discapacidad ante el COVID 19\u201d <\/strong>en seguimiento al Protocolo de Protecci\u00f3n de los Derechos de las Personas con Discapacidad ante la emergencia de salud y humanitaria a causa del COVID-19, creado por el CONADI. Esta campa\u00f1a tendr\u00e1 una duraci\u00f3n de 4 semanas, iniciando este 20 de mayo de 2020.<\/p>\n<p>El objetivo de la campa\u00f1a, es brindar informaci\u00f3n oportuna a las instituciones p\u00fablicas y privadas, organizaciones de personas con discapacidad y poblaci\u00f3n en general, sobre las recomendaciones a tomar en cuenta para la atenci\u00f3n integral hacia las personas con discapacidad, sin violentar sus derechos ante esta emergencia sanitaria y humanitaria, conforme lo manda la Convenci\u00f3n de Naciones Unidas Sobre los Derechos de las Personas con Discapacidad<\/p>\n<p>Los mensajes claves para esta campa\u00f1a son: el personal hospitalario y conocimientos sobre tipos de apoyo; los medios de comunicaci\u00f3n y la garant\u00eda de la informaci\u00f3n accesible para personas con discapacidad; el sector privado y p\u00fablico y la promoci\u00f3n de la participaci\u00f3n de las personas con discapacidad en el \u00e1mbito laboral y la priorizaci\u00f3n de las personas con discapacidad en programa de apoyo. Los mensajes fueron redactados para que tengan f\u00e1cil comprensi\u00f3n y producidos en versi\u00f3n audible y lengua de se\u00f1as. Adem\u00e1s, se realizan coordinaciones con la Academia de Lenguas Mayas de Guatemala para la traducci\u00f3n de los productos comunicacionales en los 4 idiomas mayoritarios.<\/p>\n<p>Para esta campa\u00f1a se produjeron 4 spots radiales, los cuales ser\u00e1n difundidos a nivel nacional y departamental; asimismo, se realizaron 4 v\u00eddeos informativos, los cuales ser\u00e1n transmitidos en las redes sociales del CONADI.<\/p>\n<p>Desde que se detect\u00f3 en Guatemala el primer caso de COVID-19, el CONADI ha realizado diferentes acciones de toma de conciencia, con el prop\u00f3sito de no violentar los derechos de este colectivo, dando seguimiento a las recomendaciones realizadas en este contexto por la relatora especial de las Naciones Unidas, Catalina Devandas; as\u00ed como las disposiciones presidenciales.<\/p>\n<p>Esta campa\u00f1a est\u00e1 sustentada con las orientaciones contenidas en dos instrumentos: \u201cProtocolo de Protecci\u00f3n para las personas con discapacidad en la emergencia de salud y humanitaria del COVID-19 y Gu\u00eda para la protecci\u00f3n de los derechos de las personas con discapacidad de Guatemala frente a la crisis del COVID-19\u201d, los cuales han sido socializados por v\u00eda electr\u00f3nica a las instituciones involucradas en los asuntos de discapacidad del sector p\u00fablico y privado y se encuentran a disposici\u00f3n de cualquier interesado en el portal y redes sociales de la instituci\u00f3n.<\/p>\n<p><a href=\"https:\/\/conadi.gob.gt\/web\/wp-content\/uploads\/2020\/05\/collage-a.jpg\"><img loading=\"lazy\" decoding=\"async\" class=\"alignnone size-medium wp-image-7246\" src=\"https:\/\/conadi.gob.gt\/web\/wp-content\/uploads\/2020\/05\/collage-a-300x226.jpg\" alt=\"\" width=\"300\" height=\"226\" srcset=\"https:\/\/conadi.gob.gt\/web\/wp-content\/uploads\/2020\/05\/collage-a-300x226.jpg 300w, https:\/\/conadi.gob.gt\/web\/wp-content\/uploads\/2020\/05\/collage-a-768x579.jpg 768w, https:\/\/conadi.gob.gt\/web\/wp-content\/uploads\/2020\/05\/collage-a-1024x772.jpg 1024w, https:\/\/conadi.gob.gt\/web\/wp-content\/uploads\/2020\/05\/collage-a-45x35.jpg 45w, https:\/\/conadi.gob.gt\/web\/wp-content\/uploads\/2020\/05\/collage-a.jpg 1501w\" sizes=\"auto, (max-width: 300px) 100vw, 300px\" \/><\/a><\/p>\n<p>&nbsp;<\/p>\n","protected":false},"excerpt":{"rendered":"<p>El Consejo Nacional para la Atenci\u00f3n de las Personas con Discapacidad -CONADI- lanza la campa\u00f1a \u201cProtecci\u00f3n de los derechos de las personas con discapacidad ante el COVID 19\u201d en seguimiento al Protocolo de Protecci\u00f3n de los Derechos de las Personas con Discapacidad ante la emergencia de salud y humanitaria a causa del COVID-19, creado por &hellip; <\/p>\n<p class=\"link-more\"><a href=\"https:\/\/conadi.gob.gt\/web\/conadi-lanza-campana-proteccion-de-los-derechos-de-las-personas-con-discapacidad-ante-el-covid-19\/\" class=\"more-link\">Leer m\u00e1s<span class=\"screen-reader-text\"> \u00abCONADI LANZA CAMPA\u00d1A \u201cPROTECCI\u00d3N DE LOS DERECHOS DE LAS PERSONAS CON DISCAPACIDAD ANTE EL COVID 19\u201d\u00bb<\/span><\/a><\/p>\n","protected":false},"author":12,"featured_media":7246,"comment_status":"open","ping_status":"closed","sticky":false,"template":"","format":"standard","meta":{"footnotes":""},"categories":[3],"tags":[],"class_list":["post-7245","post","type-post","status-publish","format-standard","has-post-thumbnail","hentry","category-noticias"],"_links":{"self":[{"href":"https:\/\/conadi.gob.gt\/web\/wp-json\/wp\/v2\/posts\/7245","targetHints":{"allow":["GET"]}}],"collection":[{"href":"https:\/\/conadi.gob.gt\/web\/wp-json\/wp\/v2\/posts"}],"about":[{"href":"https:\/\/conadi.gob.gt\/web\/wp-json\/wp\/v2\/types\/post"}],"author":[{"embeddable":true,"href":"https:\/\/conadi.gob.gt\/web\/wp-json\/wp\/v2\/users\/12"}],"replies":[{"embeddable":true,"href":"https:\/\/conadi.gob.gt\/web\/wp-json\/wp\/v2\/comments?post=7245"}],"version-history":[{"count":1,"href":"https:\/\/conadi.gob.gt\/web\/wp-json\/wp\/v2\/posts\/7245\/revisions"}],"predecessor-version":[{"id":7247,"href":"https:\/\/conadi.gob.gt\/web\/wp-json\/wp\/v2\/posts\/7245\/revisions\/7247"}],"wp:featuredmedia":[{"embeddable":true,"href":"https:\/\/conadi.gob.gt\/web\/wp-json\/wp\/v2\/media\/7246"}],"wp:attachment":[{"href":"https:\/\/conadi.gob.gt\/web\/wp-json\/wp\/v2\/media?parent=7245"}],"wp:term":[{"taxonomy":"category","embeddable":true,"href":"https:\/\/conadi.gob.gt\/web\/wp-json\/wp\/v2\/categories?post=7245"},{"taxonomy":"post_tag","embeddable":true,"href":"https:\/\/conadi.gob.gt\/web\/wp-json\/wp\/v2\/tags?post=7245"}],"curies":[{"name":"wp","href":"https:\/\/api.w.org\/{rel}","templated":true}]}}