{"id":7272,"date":"2020-05-29T14:29:25","date_gmt":"2020-05-29T14:29:25","guid":{"rendered":"http:\/\/conadi.gob.gt\/web\/?p=7272"},"modified":"2020-05-29T14:32:24","modified_gmt":"2020-05-29T14:32:24","slug":"conadi-realiza-capacitacion-a-colaboradores-del-sistema-penitenciario","status":"publish","type":"post","link":"https:\/\/conadi.gob.gt\/web\/conadi-realiza-capacitacion-a-colaboradores-del-sistema-penitenciario\/","title":{"rendered":"CONADI realiza capacitaci\u00f3n a colaboradores del Sistema Penitenciario"},"content":{"rendered":"<p>Alrededor de 70 colaboradores del equipo multidisciplinario y otras \u00e1reas del Sistema Penitenciario, participaron en la capacitaci\u00f3n sobre el marco normativo de discapacidad en Guatemala, impartida por el departamento de Justicia y Seguridad Ciudadana del Consejo Nacional para la Atenci\u00f3n de las Personas con Discapacidad.<\/p>\n<p>La capacitaci\u00f3n fue impartida a trav\u00e9s de una plataforma tecnol\u00f3gica, debido al distanciamiento social implementado en la institucionalidad p\u00fablica ante la emergencia a causa del COVID-19.<\/p>\n<p>Los participantes recibieron orientaciones sobre el decreto 135-96, Ley de Atenci\u00f3n a las Personas con Discapacidad; Pol\u00edtica Nacional en Discapacidad; Instrumentos internacional de derechos humanos con enfoque de discapacidad que el Estado de Guatemala a adoptado. Asimismo se hizo referencia de la Ratificaci\u00f3n del Tratado de Marrakech y la aprobaci\u00f3n de la Ley de Lengua de Se\u00f1as de Guatemala. Los documentos referidos pueden descargarse de la p\u00e1gina web del CONADI.<\/p>\n<p>&nbsp;<\/p>\n<p>&nbsp;<\/p>\n<figure id=\"attachment_7273\" aria-describedby=\"caption-attachment-7273\" style=\"width: 1024px\" class=\"wp-caption aligncenter\"><a href=\"https:\/\/conadi.gob.gt\/web\/wp-content\/uploads\/2020\/05\/WhatsApp-Image-2020-05-28-at-9.24.51-AM.jpeg\"><img loading=\"lazy\" decoding=\"async\" id=\"longdesc-return-7273\" class=\"size-large wp-image-7273\" tabindex=\"-1\" src=\"https:\/\/conadi.gob.gt\/web\/wp-content\/uploads\/2020\/05\/WhatsApp-Image-2020-05-28-at-9.24.51-AM-1024x587.jpeg\" alt=\"Conadi lleva cabo capacitaci\u00f3n a personal del Sistema Penitenciario\" width=\"1024\" height=\"587\" longdesc=\"https:\/\/conadi.gob.gt\/web?longdesc=7273&amp;referrer=7272\" srcset=\"https:\/\/conadi.gob.gt\/web\/wp-content\/uploads\/2020\/05\/WhatsApp-Image-2020-05-28-at-9.24.51-AM-1024x587.jpeg 1024w, https:\/\/conadi.gob.gt\/web\/wp-content\/uploads\/2020\/05\/WhatsApp-Image-2020-05-28-at-9.24.51-AM-300x172.jpeg 300w, https:\/\/conadi.gob.gt\/web\/wp-content\/uploads\/2020\/05\/WhatsApp-Image-2020-05-28-at-9.24.51-AM-768x440.jpeg 768w, https:\/\/conadi.gob.gt\/web\/wp-content\/uploads\/2020\/05\/WhatsApp-Image-2020-05-28-at-9.24.51-AM.jpeg 1280w\" sizes=\"auto, (max-width: 1024px) 100vw, 1024px\" \/><\/a><figcaption id=\"caption-attachment-7273\" class=\"wp-caption-text\">Personal del Sistema Penitenciario recibe orientaciones sobre el marco normativo de discapacidad<\/figcaption><\/figure>\n<p>&nbsp;<\/p>\n<p>&nbsp;<\/p>\n<p>&nbsp;<\/p>\n<p>&nbsp;<\/p>\n","protected":false},"excerpt":{"rendered":"<p>Alrededor de 70 colaboradores del equipo multidisciplinario y otras \u00e1reas del Sistema Penitenciario, participaron en la capacitaci\u00f3n sobre el marco normativo de discapacidad en Guatemala, impartida por el departamento de Justicia y Seguridad Ciudadana del Consejo Nacional para la Atenci\u00f3n de las Personas con Discapacidad. La capacitaci\u00f3n fue impartida a trav\u00e9s de una plataforma tecnol\u00f3gica, &hellip; <\/p>\n<p class=\"link-more\"><a href=\"https:\/\/conadi.gob.gt\/web\/conadi-realiza-capacitacion-a-colaboradores-del-sistema-penitenciario\/\" class=\"more-link\">Leer m\u00e1s<span class=\"screen-reader-text\"> \u00abCONADI realiza capacitaci\u00f3n a colaboradores del Sistema Penitenciario\u00bb<\/span><\/a><\/p>\n","protected":false},"author":12,"featured_media":7273,"comment_status":"open","ping_status":"closed","sticky":false,"template":"","format":"standard","meta":{"footnotes":""},"categories":[3],"tags":[],"class_list":["post-7272","post","type-post","status-publish","format-standard","has-post-thumbnail","hentry","category-noticias"],"_links":{"self":[{"href":"https:\/\/conadi.gob.gt\/web\/wp-json\/wp\/v2\/posts\/7272","targetHints":{"allow":["GET"]}}],"collection":[{"href":"https:\/\/conadi.gob.gt\/web\/wp-json\/wp\/v2\/posts"}],"about":[{"href":"https:\/\/conadi.gob.gt\/web\/wp-json\/wp\/v2\/types\/post"}],"author":[{"embeddable":true,"href":"https:\/\/conadi.gob.gt\/web\/wp-json\/wp\/v2\/users\/12"}],"replies":[{"embeddable":true,"href":"https:\/\/conadi.gob.gt\/web\/wp-json\/wp\/v2\/comments?post=7272"}],"version-history":[{"count":2,"href":"https:\/\/conadi.gob.gt\/web\/wp-json\/wp\/v2\/posts\/7272\/revisions"}],"predecessor-version":[{"id":7275,"href":"https:\/\/conadi.gob.gt\/web\/wp-json\/wp\/v2\/posts\/7272\/revisions\/7275"}],"wp:featuredmedia":[{"embeddable":true,"href":"https:\/\/conadi.gob.gt\/web\/wp-json\/wp\/v2\/media\/7273"}],"wp:attachment":[{"href":"https:\/\/conadi.gob.gt\/web\/wp-json\/wp\/v2\/media?parent=7272"}],"wp:term":[{"taxonomy":"category","embeddable":true,"href":"https:\/\/conadi.gob.gt\/web\/wp-json\/wp\/v2\/categories?post=7272"},{"taxonomy":"post_tag","embeddable":true,"href":"https:\/\/conadi.gob.gt\/web\/wp-json\/wp\/v2\/tags?post=7272"}],"curies":[{"name":"wp","href":"https:\/\/api.w.org\/{rel}","templated":true}]}}