{"id":7276,"date":"2020-05-29T14:36:19","date_gmt":"2020-05-29T14:36:19","guid":{"rendered":"http:\/\/conadi.gob.gt\/web\/?p=7276"},"modified":"2020-05-29T14:41:38","modified_gmt":"2020-05-29T14:41:38","slug":"conadi-fortalece-su-compromiso-con-las-personas-con-discapacidad","status":"publish","type":"post","link":"https:\/\/conadi.gob.gt\/web\/conadi-fortalece-su-compromiso-con-las-personas-con-discapacidad\/","title":{"rendered":"CONADI FORTALECE SU COMPROMISO CON LAS PERSONAS CON DISCAPACIDAD"},"content":{"rendered":"<div class=\"kvgmc6g5 cxmmr5t8 oygrvhab hcukyx3x c1et5uql ii04i59q\">\n<div dir=\"auto\">El Consejo Nacional para la Atenci\u00f3n de las Personas con Discapacidad (CONADI) cumple, 23 a\u00f1os de trabajar en defensa de los Derechos Humanos de las personas con discapacidad. Es necesario resaltar logros como los compromisos adquiridos por el Estado de Guatemala con tratados internacionales, Pol\u00edtica Nacional en Discapacidad, Tratado de Marrakech, Ley de Lengua de Se\u00f1as entre otros. Aunque todav\u00eda hay un largo camino por recorrer, este Aniversario es una oportunidad para convocar al fortalecimiento de la Sociedad Civil, Organismos Internacionales, Entidades P\u00fablicas y Privadas del pa\u00eds, para avanzar hacia una Sociedad Inclusiva.<\/div>\n<div dir=\"auto\"><\/div>\n<div dir=\"auto\"><\/div>\n<\/div>\n<div class=\"o9v6fnle cxmmr5t8 oygrvhab hcukyx3x c1et5uql ii04i59q\">\n<div dir=\"auto\">La pandemia COVID-19 ha puesto a prueba a toda la humanidad. Como -CONADI- hemos establecido la Gu\u00eda de Protecci\u00f3n de los Derechos de las Personas con Discapacidad ante la emergencia sanitaria y el Protocolo de Atenci\u00f3n Espec\u00edfico, implementaci\u00f3n de Ley de Lengua de Se\u00f1as de Guatemala, seguimiento al proceso de la iniciativa Ley de Certificaci\u00f3n de Discapacidad, dando respuesta al mandato del Decreto 135-96.<\/div>\n<div dir=\"auto\"><\/div>\n<div dir=\"auto\"><\/div>\n<\/div>\n<div class=\"o9v6fnle cxmmr5t8 oygrvhab hcukyx3x c1et5uql ii04i59q\">\n<div dir=\"auto\">Como ente Coordinador, Asesor e Impulsor de pol\u00edticas en materia de discapacidad, se han realizado gestiones para la incidencia y asesor\u00eda en el abordaje de la discapacidad con enfoque de derechos. Hacemos un llamado a las autoridades para coordinar en conjunto, acciones en donde est\u00e9n visibles las personas con discapacidad que hist\u00f3ricamente han sido excluidas y discriminadas.<\/div>\n<\/div>\n<div class=\"o9v6fnle cxmmr5t8 oygrvhab hcukyx3x c1et5uql ii04i59q\">\n<div dir=\"auto\">Hoy renovamos nuestro compromiso ante la poblaci\u00f3n de personas con discapacidad y su familia, para redoblar esfuerzos ante el Estado de Guatemala, para que todas y todos cuenten en las Pol\u00edticas P\u00fablicas, en la toma de decisiones y en el acceso a la Justicia, la Seguridad, el Trabajo, la Educaci\u00f3n y la Salud, en igualdad de condiciones.<\/div>\n<\/div>\n<div dir=\"auto\"><\/div>\n<div dir=\"auto\"><\/div>\n<div class=\"o9v6fnle cxmmr5t8 oygrvhab hcukyx3x c1et5uql ii04i59q\">\n<div dir=\"auto\">Que la acci\u00f3n conjunta para una participaci\u00f3n plena sea real e inclusiva.<\/div>\n<\/div>\n<div dir=\"auto\"><\/div>\n<div dir=\"auto\"><\/div>\n<div class=\"o9v6fnle cxmmr5t8 oygrvhab hcukyx3x c1et5uql ii04i59q\">\n<div dir=\"auto\">Guatemala, 28 de mayo de 2020.<\/div>\n<\/div>\n<div dir=\"auto\"><\/div>\n<div dir=\"auto\"><\/div>\n<div class=\"o9v6fnle cxmmr5t8 oygrvhab hcukyx3x c1et5uql ii04i59q\">\n<div dir=\"auto\">CONADI<\/div>\n<div dir=\"auto\">\u00ab23 A\u00f1os de acci\u00f3n conjunta para una participaci\u00f3n plena\u00bb.<\/div>\n<\/div>\n<div dir=\"auto\"><\/div>\n<figure id=\"attachment_7277\" aria-describedby=\"caption-attachment-7277\" style=\"width: 791px\" class=\"wp-caption aligncenter\"><a href=\"https:\/\/conadi.gob.gt\/web\/wp-content\/uploads\/2020\/05\/dise\u00f1o-23-a\u00f1os-conadi.jpg\"><img loading=\"lazy\" decoding=\"async\" id=\"longdesc-return-7277\" class=\"size-large wp-image-7277\" tabindex=\"-1\" src=\"https:\/\/conadi.gob.gt\/web\/wp-content\/uploads\/2020\/05\/dise\u00f1o-23-a\u00f1os-conadi-791x1024.jpg\" alt=\"23 a\u00f1os de trabajo en pro de los derechos de las Personas con Discapacidad\" width=\"791\" height=\"1024\" longdesc=\"https:\/\/conadi.gob.gt\/web?longdesc=7277&amp;referrer=7276\" srcset=\"https:\/\/conadi.gob.gt\/web\/wp-content\/uploads\/2020\/05\/dise\u00f1o-23-a\u00f1os-conadi-791x1024.jpg 791w, https:\/\/conadi.gob.gt\/web\/wp-content\/uploads\/2020\/05\/dise\u00f1o-23-a\u00f1os-conadi-232x300.jpg 232w, https:\/\/conadi.gob.gt\/web\/wp-content\/uploads\/2020\/05\/dise\u00f1o-23-a\u00f1os-conadi-768x994.jpg 768w, https:\/\/conadi.gob.gt\/web\/wp-content\/uploads\/2020\/05\/dise\u00f1o-23-a\u00f1os-conadi.jpg 1452w\" sizes=\"auto, (max-width: 791px) 100vw, 791px\" \/><\/a><figcaption id=\"caption-attachment-7277\" class=\"wp-caption-text\">CONADI FORTALECE SU COMPROMISO CON LAS PERSONAS CON DISCAPACIDAD<\/figcaption><\/figure>\n<div dir=\"auto\"><\/div>\n<div dir=\"auto\"><\/div>\n<div dir=\"auto\"><\/div>\n","protected":false},"excerpt":{"rendered":"<p>El Consejo Nacional para la Atenci\u00f3n de las Personas con Discapacidad (CONADI) cumple, 23 a\u00f1os de trabajar en defensa de los Derechos Humanos de las personas con discapacidad. Es necesario resaltar logros como los compromisos adquiridos por el Estado de Guatemala con tratados internacionales, Pol\u00edtica Nacional en Discapacidad, Tratado de Marrakech, Ley de Lengua de &hellip; <\/p>\n<p class=\"link-more\"><a href=\"https:\/\/conadi.gob.gt\/web\/conadi-fortalece-su-compromiso-con-las-personas-con-discapacidad\/\" class=\"more-link\">Leer m\u00e1s<span class=\"screen-reader-text\"> \u00abCONADI FORTALECE SU COMPROMISO CON LAS PERSONAS CON DISCAPACIDAD\u00bb<\/span><\/a><\/p>\n","protected":false},"author":12,"featured_media":7279,"comment_status":"open","ping_status":"closed","sticky":false,"template":"","format":"standard","meta":{"footnotes":""},"categories":[3],"tags":[],"class_list":["post-7276","post","type-post","status-publish","format-standard","has-post-thumbnail","hentry","category-noticias"],"_links":{"self":[{"href":"https:\/\/conadi.gob.gt\/web\/wp-json\/wp\/v2\/posts\/7276","targetHints":{"allow":["GET"]}}],"collection":[{"href":"https:\/\/conadi.gob.gt\/web\/wp-json\/wp\/v2\/posts"}],"about":[{"href":"https:\/\/conadi.gob.gt\/web\/wp-json\/wp\/v2\/types\/post"}],"author":[{"embeddable":true,"href":"https:\/\/conadi.gob.gt\/web\/wp-json\/wp\/v2\/users\/12"}],"replies":[{"embeddable":true,"href":"https:\/\/conadi.gob.gt\/web\/wp-json\/wp\/v2\/comments?post=7276"}],"version-history":[{"count":5,"href":"https:\/\/conadi.gob.gt\/web\/wp-json\/wp\/v2\/posts\/7276\/revisions"}],"predecessor-version":[{"id":7283,"href":"https:\/\/conadi.gob.gt\/web\/wp-json\/wp\/v2\/posts\/7276\/revisions\/7283"}],"wp:featuredmedia":[{"embeddable":true,"href":"https:\/\/conadi.gob.gt\/web\/wp-json\/wp\/v2\/media\/7279"}],"wp:attachment":[{"href":"https:\/\/conadi.gob.gt\/web\/wp-json\/wp\/v2\/media?parent=7276"}],"wp:term":[{"taxonomy":"category","embeddable":true,"href":"https:\/\/conadi.gob.gt\/web\/wp-json\/wp\/v2\/categories?post=7276"},{"taxonomy":"post_tag","embeddable":true,"href":"https:\/\/conadi.gob.gt\/web\/wp-json\/wp\/v2\/tags?post=7276"}],"curies":[{"name":"wp","href":"https:\/\/api.w.org\/{rel}","templated":true}]}}