{"id":7325,"date":"2020-06-03T16:29:38","date_gmt":"2020-06-03T16:29:38","guid":{"rendered":"http:\/\/conadi.gob.gt\/web\/?p=7325"},"modified":"2020-06-05T19:28:05","modified_gmt":"2020-06-05T19:28:05","slug":"las-personas-con-discapacidad-tambien-tienen-derecho-a-los-programas-sociales","status":"publish","type":"post","link":"https:\/\/conadi.gob.gt\/web\/las-personas-con-discapacidad-tambien-tienen-derecho-a-los-programas-sociales\/","title":{"rendered":"BUSCAN PRIORIZAR A LAS PERSONAS CON DISCAPACIDAD EN PROGRAMAS SOCIALES, DERIVADOS DE LA PANDEMIA"},"content":{"rendered":"<p>El Ministro de Desarrollo Social (MIDES), Ra\u00fal Romero Segura y la Dra. Rosa Idalia Aldana, presidenta del Consejo Nacional para la Atenci\u00f3n de las Personas con Discapacidad (CONADI), sostuvieron un di\u00e1logo con la finalidad de priorizar la inclusi\u00f3n de las Personas con Discapacidad en el Bono Familia, aprobado mediante Decreto 13-2020, \u201cLey de Rescate econ\u00f3mico a las familias por los efectos causados por el COVID 19\u201d,<\/p>\n<p>En este encuentro, la Dra. Aldana manifest\u00f3 que el CONADI desde el inicio de la emergencia sanitaria y humanitaria provocada por el COVID-19, ha realizado diversas acciones en apoyo a las personas con discapacidad. Uno de los esfuerzos iniciales del Consejo fue recabar datos de personas con discapacidad en condici\u00f3n de pobreza, a trav\u00e9s de promotores departamentales, organizaciones de personas con discapacidad y se habilit\u00f3 la l\u00ednea 53204254 con servicio de whatsApp, para atenci\u00f3n y registro de personas con discapacidad, la cual contin\u00faa activa. El listado fue trasladado desde marzo pero por la premura se env\u00edo con algunos datos incompletos.<\/p>\n<p>Uno de los acuerdos de la reuni\u00f3n, es que el CONADI traslade nuevamente al MIDES, los listados con informaci\u00f3n actualizada de la poblaci\u00f3n con discapacidad a la mayor brevedad posible, con nombre exacto, direcci\u00f3n y el n\u00famero del Documento Personal de Identificaci\u00f3n.<\/p>\n<p>En tanto el MIDES capacitar\u00e1 a t\u00e9cnicos a nivel departamental del CONADI, para que puedan orientar a las personas con discapacidad y organizaciones del colectivo para que puedan acceder a las plataformas digitales y registrarse a los programas sociales.<\/p>\n<p>Es importante hacer menci\u00f3n que el CONADI en el contexto de la emergencia por la pandemia, tambi\u00e9n cre\u00f3 una gu\u00eda de Protecci\u00f3n de los Derechos de las Personas con Discapacidad ante la Emergencia Sanitaria y Humanitaria por el COVID-19 con la asistencia t\u00e9cnica de la Oficina del Alto Comisionado de Naciones Unidas de Derechos Humanos y el Protocolo de Protecci\u00f3n de los Derechos de las Personas con Discapacidad ante la pandemia, mismos que cuentan con formatos accesibles\u00a0 para personas con discapacidad auditiva y visual.<\/p>\n<p>&nbsp;<\/p>\n<figure id=\"attachment_7332\" aria-describedby=\"caption-attachment-7332\" style=\"width: 589px\" class=\"wp-caption aligncenter\"><a href=\"https:\/\/conadi.gob.gt\/web\/wp-content\/uploads\/2020\/06\/101697015_2661666434115338_2217874833381785600_n.jpg\"><img loading=\"lazy\" decoding=\"async\" class=\"size-full wp-image-7332\" src=\"https:\/\/conadi.gob.gt\/web\/wp-content\/uploads\/2020\/06\/101697015_2661666434115338_2217874833381785600_n.jpg\" alt=\"El ministro del MIDES, Ra\u00fal Romero y la presidenta del CONADI, Rosa Idalia Aldana buscan agilizar el apoyo a personas con discapacidad entro del Bono Familia\" width=\"589\" height=\"520\" srcset=\"https:\/\/conadi.gob.gt\/web\/wp-content\/uploads\/2020\/06\/101697015_2661666434115338_2217874833381785600_n.jpg 589w, https:\/\/conadi.gob.gt\/web\/wp-content\/uploads\/2020\/06\/101697015_2661666434115338_2217874833381785600_n-300x265.jpg 300w\" sizes=\"auto, (max-width: 589px) 100vw, 589px\" \/><\/a><figcaption id=\"caption-attachment-7332\" class=\"wp-caption-text\">Autoridades del MIDES y CONADI se re\u00fanen para dialogar sobre el apoyo a las personas con discapacidad en el Bono Familia.<\/figcaption><\/figure>\n","protected":false},"excerpt":{"rendered":"<p>El Ministro de Desarrollo Social (MIDES), Ra\u00fal Romero Segura y la Dra. Rosa Idalia Aldana, presidenta del Consejo Nacional para la Atenci\u00f3n de las Personas con Discapacidad (CONADI), sostuvieron un di\u00e1logo con la finalidad de priorizar la inclusi\u00f3n de las Personas con Discapacidad en el Bono Familia, aprobado mediante Decreto 13-2020, \u201cLey de Rescate econ\u00f3mico &hellip; <\/p>\n<p class=\"link-more\"><a href=\"https:\/\/conadi.gob.gt\/web\/las-personas-con-discapacidad-tambien-tienen-derecho-a-los-programas-sociales\/\" class=\"more-link\">Leer m\u00e1s<span class=\"screen-reader-text\"> \u00abBUSCAN PRIORIZAR A LAS PERSONAS CON DISCAPACIDAD EN PROGRAMAS SOCIALES, DERIVADOS DE LA PANDEMIA\u00bb<\/span><\/a><\/p>\n","protected":false},"author":12,"featured_media":7332,"comment_status":"open","ping_status":"closed","sticky":false,"template":"","format":"standard","meta":{"footnotes":""},"categories":[3],"tags":[],"class_list":["post-7325","post","type-post","status-publish","format-standard","has-post-thumbnail","hentry","category-noticias"],"_links":{"self":[{"href":"https:\/\/conadi.gob.gt\/web\/wp-json\/wp\/v2\/posts\/7325","targetHints":{"allow":["GET"]}}],"collection":[{"href":"https:\/\/conadi.gob.gt\/web\/wp-json\/wp\/v2\/posts"}],"about":[{"href":"https:\/\/conadi.gob.gt\/web\/wp-json\/wp\/v2\/types\/post"}],"author":[{"embeddable":true,"href":"https:\/\/conadi.gob.gt\/web\/wp-json\/wp\/v2\/users\/12"}],"replies":[{"embeddable":true,"href":"https:\/\/conadi.gob.gt\/web\/wp-json\/wp\/v2\/comments?post=7325"}],"version-history":[{"count":10,"href":"https:\/\/conadi.gob.gt\/web\/wp-json\/wp\/v2\/posts\/7325\/revisions"}],"predecessor-version":[{"id":7355,"href":"https:\/\/conadi.gob.gt\/web\/wp-json\/wp\/v2\/posts\/7325\/revisions\/7355"}],"wp:featuredmedia":[{"embeddable":true,"href":"https:\/\/conadi.gob.gt\/web\/wp-json\/wp\/v2\/media\/7332"}],"wp:attachment":[{"href":"https:\/\/conadi.gob.gt\/web\/wp-json\/wp\/v2\/media?parent=7325"}],"wp:term":[{"taxonomy":"category","embeddable":true,"href":"https:\/\/conadi.gob.gt\/web\/wp-json\/wp\/v2\/categories?post=7325"},{"taxonomy":"post_tag","embeddable":true,"href":"https:\/\/conadi.gob.gt\/web\/wp-json\/wp\/v2\/tags?post=7325"}],"curies":[{"name":"wp","href":"https:\/\/api.w.org\/{rel}","templated":true}]}}