{"id":7338,"date":"2020-06-04T16:25:52","date_gmt":"2020-06-04T16:25:52","guid":{"rendered":"http:\/\/conadi.gob.gt\/web\/?p=7338"},"modified":"2020-06-04T16:25:52","modified_gmt":"2020-06-04T16:25:52","slug":"mesa-de-trabajo-busca-agilizar-apoyo-a-personas-con-discapacidad-ante-la-pandemia","status":"publish","type":"post","link":"https:\/\/conadi.gob.gt\/web\/mesa-de-trabajo-busca-agilizar-apoyo-a-personas-con-discapacidad-ante-la-pandemia\/","title":{"rendered":"MESA DE TRABAJO BUSCA AGILIZAR APOYO A PERSONAS CON DISCAPACIDAD ANTE LA PANDEMIA"},"content":{"rendered":"<p>La mesa de trabajo convocada por la diputada Sonia Guti\u00e9rrez de la Bancada Winaq busca dar seguimiento a la inclusi\u00f3n de la poblaci\u00f3n con discapacidad en los programas sociales incluidos en la \u201cLey de Rescate econ\u00f3mico a las familias por los efectos causados por el COVID 19\u201d. En ella participaron \u00a0\u00a0autoridades del Consejo Nacional de las Personas con Discapacidad (CONADI), representantes de la Procuradur\u00eda de Derechos Humanos (PDH), delegados del Ministerio de Desarrollo Social (MIDES) y sociedad civil,<\/p>\n<p>En el encuentro se conocieron \u00a0las dificultades que han tenido las personas con discapacidad para acceder al programa Bono Familia. Melvyn Camey, viceministro de Desarrollo Social argument\u00f3 que\u00a0 se ha ejecutado el referido el Bono, tomando en cuenta el par\u00e1metro base sobre consumo de usuarios que no sobrepasen los 200 watts de energ\u00eda el\u00e9ctrica por hora. Camey indic\u00f3 que alrededor de 70 mil personas diariamente se registran y se espera que la primera semana de junio lleguen al mill\u00f3n de personas.\u00a0 Adem\u00e1s indic\u00f3 que toda persona que opte a tal apoyo debe registrarse en\u00a0 la plataforma tecnol\u00f3gica creada con tal fin.<\/p>\n<p>En tanto, el licenciado Jonathan Natareno, defensor de los Derechos de las Personas con Discapacidad de la Procuradur\u00eda de Derechos Humanos, argument\u00f3 que \u00a0deben tomarse en cuenta los est\u00e1ndares internacionales contenidos en los instrumentos de derechos humanos con enfoque de discapacidad para optar a los programas de ayuda y no solamente de criterios emanados de la normativa.<\/p>\n<p>Rosa Idalia Aldana, presidenta del CONADI y junta directiva, participaron en el c\u00f3nclave, refiriendo que desde el inici\u00f3 de la emergencia han incidido con las instituciones involucradas en la ejecuci\u00f3n del programa de rescate econ\u00f3mico en el marco de la crisis sanitaria. Aldana, argument\u00f3 que el 1 de junio sostuvo una reuni\u00f3n con el titular de la cartera de Desarrollo Social, donde el CONADI hizo ver la necesidad de incluir a las personas con discapacidad dentro de este beneficio. CONADI fortalecer\u00e1 listados de personas con discapacidad con datos necesarios para que sean considerados dentro del bono familia. En tanto, el MIDES capacitar\u00e1 a los promotores departamentales del CONADI para que orienten a personas con discapacidad y organizaciones del colectivo en el registro de datos en la plataforma implementada para tal fin.<\/p>\n<p>Finalmente, la diputada Sonia Guti\u00e9rrez indic\u00f3 que el MIDES no posee indicadores donde conste que se esta atendiendo a la poblaci\u00f3n con discapacidad. Agreg\u00f3 que el Congreso de la Rep\u00fablica modific\u00f3 el art\u00edculo respecto a la ejecuci\u00f3n del bono familia, para que se atienda a los grupos m\u00e1s vulnerables. La parlamentaria puntualiz\u00f3 que tanto el MIDES como CONADI deben trabajar en coordinaci\u00f3n para \u00a0\u00a0\u00a0se logre atender a las personas con discapacidad, en cumplimiento a los instrumentos de derechos humanos internacionales adoptados, principalmente en una crisis de esta naturaleza.<\/p>\n<p><a href=\"https:\/\/conadi.gob.gt\/web\/wp-content\/uploads\/2020\/06\/congreso-collage.jpg\"><img loading=\"lazy\" decoding=\"async\" class=\"alignnone size-medium wp-image-7339\" src=\"https:\/\/conadi.gob.gt\/web\/wp-content\/uploads\/2020\/06\/congreso-collage-300x225.jpg\" alt=\"\" width=\"300\" height=\"225\" srcset=\"https:\/\/conadi.gob.gt\/web\/wp-content\/uploads\/2020\/06\/congreso-collage-300x225.jpg 300w, https:\/\/conadi.gob.gt\/web\/wp-content\/uploads\/2020\/06\/congreso-collage-768x576.jpg 768w, https:\/\/conadi.gob.gt\/web\/wp-content\/uploads\/2020\/06\/congreso-collage-45x35.jpg 45w, https:\/\/conadi.gob.gt\/web\/wp-content\/uploads\/2020\/06\/congreso-collage.jpg 960w\" sizes=\"auto, (max-width: 300px) 100vw, 300px\" \/><\/a><\/p>\n","protected":false},"excerpt":{"rendered":"<p>La mesa de trabajo convocada por la diputada Sonia Guti\u00e9rrez de la Bancada Winaq busca dar seguimiento a la inclusi\u00f3n de la poblaci\u00f3n con discapacidad en los programas sociales incluidos en la \u201cLey de Rescate econ\u00f3mico a las familias por los efectos causados por el COVID 19\u201d. En ella participaron \u00a0\u00a0autoridades del Consejo Nacional de &hellip; <\/p>\n<p class=\"link-more\"><a href=\"https:\/\/conadi.gob.gt\/web\/mesa-de-trabajo-busca-agilizar-apoyo-a-personas-con-discapacidad-ante-la-pandemia\/\" class=\"more-link\">Leer m\u00e1s<span class=\"screen-reader-text\"> \u00abMESA DE TRABAJO BUSCA AGILIZAR APOYO A PERSONAS CON DISCAPACIDAD ANTE LA PANDEMIA\u00bb<\/span><\/a><\/p>\n","protected":false},"author":12,"featured_media":7339,"comment_status":"open","ping_status":"closed","sticky":false,"template":"","format":"standard","meta":{"footnotes":""},"categories":[3],"tags":[],"class_list":["post-7338","post","type-post","status-publish","format-standard","has-post-thumbnail","hentry","category-noticias"],"_links":{"self":[{"href":"https:\/\/conadi.gob.gt\/web\/wp-json\/wp\/v2\/posts\/7338","targetHints":{"allow":["GET"]}}],"collection":[{"href":"https:\/\/conadi.gob.gt\/web\/wp-json\/wp\/v2\/posts"}],"about":[{"href":"https:\/\/conadi.gob.gt\/web\/wp-json\/wp\/v2\/types\/post"}],"author":[{"embeddable":true,"href":"https:\/\/conadi.gob.gt\/web\/wp-json\/wp\/v2\/users\/12"}],"replies":[{"embeddable":true,"href":"https:\/\/conadi.gob.gt\/web\/wp-json\/wp\/v2\/comments?post=7338"}],"version-history":[{"count":1,"href":"https:\/\/conadi.gob.gt\/web\/wp-json\/wp\/v2\/posts\/7338\/revisions"}],"predecessor-version":[{"id":7340,"href":"https:\/\/conadi.gob.gt\/web\/wp-json\/wp\/v2\/posts\/7338\/revisions\/7340"}],"wp:featuredmedia":[{"embeddable":true,"href":"https:\/\/conadi.gob.gt\/web\/wp-json\/wp\/v2\/media\/7339"}],"wp:attachment":[{"href":"https:\/\/conadi.gob.gt\/web\/wp-json\/wp\/v2\/media?parent=7338"}],"wp:term":[{"taxonomy":"category","embeddable":true,"href":"https:\/\/conadi.gob.gt\/web\/wp-json\/wp\/v2\/categories?post=7338"},{"taxonomy":"post_tag","embeddable":true,"href":"https:\/\/conadi.gob.gt\/web\/wp-json\/wp\/v2\/tags?post=7338"}],"curies":[{"name":"wp","href":"https:\/\/api.w.org\/{rel}","templated":true}]}}