{"id":7473,"date":"2020-07-15T15:13:44","date_gmt":"2020-07-15T15:13:44","guid":{"rendered":"http:\/\/conadi.gob.gt\/web\/?p=7473"},"modified":"2020-07-15T15:15:20","modified_gmt":"2020-07-15T15:15:20","slug":"las-tics-y-las-personas-con-discapacidad-durante-la-pandemia","status":"publish","type":"post","link":"https:\/\/conadi.gob.gt\/web\/las-tics-y-las-personas-con-discapacidad-durante-la-pandemia\/","title":{"rendered":"Las Tic\u00b4s y las personas con discapacidad durante la pandemia"},"content":{"rendered":"<p>La Direcci\u00f3n de Comunicaci\u00f3n Social tuvo la oportunidad de conversar con el experto en tiflo-tecnolog\u00eda, Carlos Ferrari, Secretario de Tecnolog\u00eda de la Uni\u00f3n Latinoamericana de ciegos ULAC, sobre la importancia de las Tic\u00b4s en el desarrollo educativo, laboral para las personas con discapacidad. Les compartimos esta interesante entrevista<\/p>\n<p><strong>Durante la pandemia la sociedad ha puesto en pr\u00e1ctica el teletrabajo y la tele-educaci\u00f3n, respecto a la poblaci\u00f3n con discapacidad \u00bfC\u00f3mo consideran que ha sido el nivel de accesibilidad en las diversas plataformas hacia este sector?<\/strong><\/p>\n<p>Bueno empiezo hablando sobre el teletrabajo y tambi\u00e9n sobre la estrategia de Educaci\u00f3n, podemos decir que tenemos buenas herramientas como son google meet, pero queda muy claro ahora que es fundamental tener estrategias que piensa en las personas con discapacidad osea. No se tendr\u00e1 una buena herramienta para una cantidad de cursos sino se hace formaciones capacitaciones pensando en nuestra necesidad y un lenguaje que pueda dialogar con nosotros personas con discapacidad.<\/p>\n<p>Yo soy ciego y siento que siempre que voy a accesar a una nueva informaci\u00f3n y tambi\u00e9n como profesor la necesidad de trabajar con la sensibilidad. Cuando vamos a iniciar un curso empezar una nueva formaci\u00f3n y esto queda muy claro porque los ambientes, los entornos virtuales es fundamental. No s\u00f3lo tenemos la herramienta sino hay que planeare curso pensando en nosotros personas con discapacidad.<\/p>\n<p><strong>\u00bfCu\u00e1l es el beneficios de las tics para las personas con discapacidad?<\/strong><\/p>\n<p>Yo creo que nunca en nuestra historia de lucha y de conquista tuvimos tantos cambios como cuando recibimos la oportunidad de acceso a las tics, yo tengo la total claridad de que tenemos muchas personas con discapacidad que todav\u00eda est\u00e1n lejos de las Tic\u00b4s que no tienen la oportunidad de accesar, pero es fundamental trabajar juntos para que las personas tengan acceso, esto para que pueda ser de verdad, puede ser directamente con las personas con discapacidad, porque esto es decisivo para poder caminar y poder dar un paso adelante<\/p>\n<p><strong>\u00bfManejan alguna estad\u00edstica en cuanto al acceso de las telecomunicaciones de las personas con discapacidad?<\/strong><\/p>\n<p>No tenemos estad\u00edsticas claras de la relaci\u00f3n personas con discapacidad y el uso de las Tic\u00b4s lo que se puede hacer la b\u00fasqueda y a\u00fan todas las empresas pero no hay una estad\u00edstica consistentes globales acerca de esto yo creo que tenemos que tener m\u00e1s avances.<\/p>\n<p><strong>El Gobierno y actividades empresariales educativas y de ocio han iniciado abordar el tema de la accesibilidad para personas con discapacidad a trav\u00e9s de las tics \u00bfCu\u00e1les recomiendan como los medios modos y formatos digitales elementales a los que debe tener acceso una persona con discapacidad?<\/strong><\/p>\n<p>Es fundamental que \u00e9stas organizaciones tengan compromisos de gobernanza que puedan incidir en los protocolos de tecnolog\u00eda o sea los formatos digitales para que sean accesibles, hay una serie de reglas que son simples de implementar pero hay que tener un compromiso institucional de los gobiernos y tambi\u00e9n de empresas e instituciones educativas, para que nosotros podamos tener avances. Tambi\u00e9n es fundamental que tengamos inversi\u00f3n para que las personas con discapacidad, para que las poblaci\u00f3n en situaci\u00f3n de pobreza pueda tener acceso a canales digitales. Por ejemplo apoyos para acceso a Internet, tambi\u00e9n dispositivos y herramientas para que se puedan conectar. Osea no solo vas a tener canales accesibles sino tambi\u00e9n herramientas, entonces el Estado tiene que hacer inversi\u00f3n, las empresas se pueden involucrar en una gran campa\u00f1a de solidaridad haciendo incluso movilizaci\u00f3n para donaciones para que se puedan tener equipos para todas las personas que tengan la disposici\u00f3n y las ganas de conectarse.<\/p>\n<p><strong>\u00bfCu\u00e1l debe ser el papel de las organizaciones de personas con discapacidad respecto a la implementaci\u00f3n de las Tic\u00b4s?<\/strong><\/p>\n<p>Es fundamental que nuestras organizaciones de personas con discapacidad tengan una conciencia colectiva, una conciencia de movimiento de personas con discapacidad para generar cambios, para que la tecnolog\u00eda, las tics est\u00e9n dentro de las prioridades de nuestras luchas. No es algo complementario, es algo esencial es un derecho humano. Estar en la red tener acceso porque desde all\u00ed se puede tener acceso a lectura, educaci\u00f3n, a empleo. Es decir que se puede construir y quitar las innumerables barreras que tenemos. Las organizaciones precisan tener la tecnolog\u00eda como una de sus principales prioridades<\/p>\n<p><strong>\u00bfAlgunas barreras que hayan identificado en las diversas plataformas digitales que se han utilizado durante esta pandemia y que recomendar\u00edan para que tuvieran mayor accesibilidad hacia las personas con discapacidad?<\/strong><\/p>\n<p>En cuanto al tema de skipy, zoom, google meet, son herramientas bastante accesibles. Considero que se necesita ahora, es tener a\u00fan avances para que nosotros podamos leer los contenidos que son compartidos, pero son buenas herramientas para que las personas con discapacidad tengamos acceso conocimiento, como tambi\u00e9n una herramienta de trabajo para profesores. Como yo hago aqu\u00ed desde mi pa\u00eds, cotidianamente trabajo con zoom o meet para administrar clases con total accesibilidad.<\/p>\n<p>\u00bfEn algunas naciones ya se explota el teletrabajo y ahora con la emergencia sanitaria es considerada una modalidad que podr\u00eda establecerse de manera permanente cu\u00e1n beneficioso ser\u00eda esta acci\u00f3n para las personas con discapacidad?<\/p>\n<p>La emergencia trajo para el centro la posibilidad del teletrabajo y para nosotros personas con discapacidad hubo ya en otros momentos muchos debates y propuestas acerca de esto. Creo que es fundamental que nosotros sigamos hablando sobre esto pero tambi\u00e9n no se puede tener una \u00fanica opci\u00f3n para las personas con discapacidad, tenemos que seguir luchando para que podamos convivir en espacios presenciales, porque si la convivencia son los mayores s\u00edmbolos de una inclusi\u00f3n verdadera, real efectiva.<\/p>\n<p><strong>Respecto a los medios de comunicaci\u00f3n \u00bfC\u00f3mo han respondido ante la emergencia del Covid-19 incluyendo modos y formatos accesibles, para promover las medidas de higiene y distanciamiento social y contrarrestar de esa manera la pandemia?<\/strong><\/p>\n<p>Agradezco la pregunta acerca de los medios de comunicaci\u00f3n, es estrat\u00e9gico el posicionamiento de los medios de comunicaci\u00f3n, ellos tiene que tener claro que es fundamental que se pueda crear contenidos con lenguaje accesible, osea, yo puedo hacer una mascarilla pero como lo hago no se puede hacer un video diciendo haga esto haga despu\u00e9s aquello, no basta. Hay que tener incluso comunicaci\u00f3n no solo para nosotros personas con discapacidad visual pero tambi\u00e9n para todas las discapacidades, un lenguaje en que pueda hablar con personas con discapacidad intelectual, teniendo por ejemplo: te vamos a invitar para hacer un ejercicio f\u00edsico, que pueda pensar en personas con discapacidad f\u00edsica. Por all\u00ed va y esto puede ser libertador, transformador para nosotros en tiempos de pandemia, pero tambi\u00e9n puede ser un gran medio de exclusi\u00f3n sino fuera trabajado con calidad<\/p>\n<p><strong>\u00bfCuales son los modos medios y formatos que como expertos recomiendan utilizar para garantizar el derecho a la informaci\u00f3n y comunicaci\u00f3n de las personas con discapacidad\u2019<\/strong><\/p>\n<p>Hay algunas aplicaciones que yo recomiendo como persona con discapacidad y c\u00f3mo experto en esta \u00e1rea. Hay varias opciones, los smartphone, androide y ios, muchas posibilidades,es una riqueza de posibilidad para las personas con discapacidad, soluciones que son incre\u00edbles, nos conectan con personas que puedan apoyar a mirar cosas que ser\u00eda imposible como por ejemplo una etiqueta de una botella, el color de la ropa. Tambi\u00e9n recursos de inteligencia artificial como microsoft y bueno hay soluciones como arisho para caminar en la calle, hay un conjunto de soluciones sin costo que pueden generar muchos cambios en nuestras vidas de inmediato.<\/p>\n<p><strong>\u00bfEn qu\u00e9 medida se avanza en el cumplimiento del derecho a la accesibilidad a la informaci\u00f3n por parte de las personas con discapacidad a trav\u00e9s de las tics y como esto repercute en el avance de otros derechos?<\/strong><\/p>\n<p>Acerca de nuestros derechos tenemos la claridad de que tenemos condiciones distintas de un pa\u00eds distinto y tenemos que avanzar. Hay que trabajar en la toma de conciencia sobre la conectividad como un derecho humano prioritario para personas con discapacidad. Tenemos avances en muchos pa\u00edses, como por ejemplo en mi pa\u00eds Brasil, existey\u00a0 un conjunto de ahorro para financiar equipos para que personas puedan comprar con costos bastante bajos y con pr\u00e9stamos desde el sistema bancario, que se pueda pagar con m\u00e1s facilidad. Tenemos tambi\u00e9n inversi\u00f3n de empresas como Microsoft, Apple, Google que est\u00e1n trabajando pensado desde el dise\u00f1o universal.<\/p>\n<p>&nbsp;<\/p>\n<figure id=\"attachment_7474\" aria-describedby=\"caption-attachment-7474\" style=\"width: 840px\" class=\"wp-caption aligncenter\"><a href=\"https:\/\/conadi.gob.gt\/web\/wp-content\/uploads\/2020\/07\/Foto-Carlos-Ferrari.jpg\"><img loading=\"lazy\" decoding=\"async\" id=\"longdesc-return-7474\" class=\"size-full wp-image-7474\" tabindex=\"-1\" src=\"https:\/\/conadi.gob.gt\/web\/wp-content\/uploads\/2020\/07\/Foto-Carlos-Ferrari.jpg\" alt=\"Carlos Ferrari, experto en Tiflotecnologia de la ULAC\" width=\"840\" height=\"477\" longdesc=\"https:\/\/conadi.gob.gt\/web?longdesc=7474&amp;referrer=7473\" srcset=\"https:\/\/conadi.gob.gt\/web\/wp-content\/uploads\/2020\/07\/Foto-Carlos-Ferrari.jpg 840w, https:\/\/conadi.gob.gt\/web\/wp-content\/uploads\/2020\/07\/Foto-Carlos-Ferrari-300x170.jpg 300w, https:\/\/conadi.gob.gt\/web\/wp-content\/uploads\/2020\/07\/Foto-Carlos-Ferrari-768x436.jpg 768w\" sizes=\"auto, (max-width: 840px) 100vw, 840px\" \/><\/a><figcaption id=\"caption-attachment-7474\" class=\"wp-caption-text\">Carlos Ferrari, secretario de Tecnolog\u00eda de la ULAC<\/figcaption><\/figure>\n","protected":false},"excerpt":{"rendered":"<p>La Direcci\u00f3n de Comunicaci\u00f3n Social tuvo la oportunidad de conversar con el experto en tiflo-tecnolog\u00eda, Carlos Ferrari, Secretario de Tecnolog\u00eda de la Uni\u00f3n Latinoamericana de ciegos ULAC, sobre la importancia de las Tic\u00b4s en el desarrollo educativo, laboral para las personas con discapacidad. Les compartimos esta interesante entrevista Durante la pandemia la sociedad ha puesto &hellip; <\/p>\n<p class=\"link-more\"><a href=\"https:\/\/conadi.gob.gt\/web\/las-tics-y-las-personas-con-discapacidad-durante-la-pandemia\/\" class=\"more-link\">Leer m\u00e1s<span class=\"screen-reader-text\"> \u00abLas Tic\u00b4s y las personas con discapacidad durante la pandemia\u00bb<\/span><\/a><\/p>\n","protected":false},"author":12,"featured_media":7475,"comment_status":"open","ping_status":"closed","sticky":false,"template":"","format":"standard","meta":{"footnotes":""},"categories":[3],"tags":[],"class_list":["post-7473","post","type-post","status-publish","format-standard","has-post-thumbnail","hentry","category-noticias"],"_links":{"self":[{"href":"https:\/\/conadi.gob.gt\/web\/wp-json\/wp\/v2\/posts\/7473","targetHints":{"allow":["GET"]}}],"collection":[{"href":"https:\/\/conadi.gob.gt\/web\/wp-json\/wp\/v2\/posts"}],"about":[{"href":"https:\/\/conadi.gob.gt\/web\/wp-json\/wp\/v2\/types\/post"}],"author":[{"embeddable":true,"href":"https:\/\/conadi.gob.gt\/web\/wp-json\/wp\/v2\/users\/12"}],"replies":[{"embeddable":true,"href":"https:\/\/conadi.gob.gt\/web\/wp-json\/wp\/v2\/comments?post=7473"}],"version-history":[{"count":1,"href":"https:\/\/conadi.gob.gt\/web\/wp-json\/wp\/v2\/posts\/7473\/revisions"}],"predecessor-version":[{"id":7476,"href":"https:\/\/conadi.gob.gt\/web\/wp-json\/wp\/v2\/posts\/7473\/revisions\/7476"}],"wp:featuredmedia":[{"embeddable":true,"href":"https:\/\/conadi.gob.gt\/web\/wp-json\/wp\/v2\/media\/7475"}],"wp:attachment":[{"href":"https:\/\/conadi.gob.gt\/web\/wp-json\/wp\/v2\/media?parent=7473"}],"wp:term":[{"taxonomy":"category","embeddable":true,"href":"https:\/\/conadi.gob.gt\/web\/wp-json\/wp\/v2\/categories?post=7473"},{"taxonomy":"post_tag","embeddable":true,"href":"https:\/\/conadi.gob.gt\/web\/wp-json\/wp\/v2\/tags?post=7473"}],"curies":[{"name":"wp","href":"https:\/\/api.w.org\/{rel}","templated":true}]}}